{"id":7729,"date":"2023-08-09T16:36:47","date_gmt":"2023-08-09T14:36:47","guid":{"rendered":"https:\/\/mahlers.se\/2023\/08\/09\/mahlers-lanserer-hoytkastende-fjellplog-for-krevende-miljoer\/"},"modified":"2023-08-22T15:29:50","modified_gmt":"2023-08-22T13:29:50","slug":"mahlers-lanserer-hoytkastende-fjellplog-for-krevende-miljoer","status":"publish","type":"post","link":"https:\/\/mahlers.se\/no\/2023\/08\/09\/mahlers-lanserer-hoytkastende-fjellplog-for-krevende-miljoer\/","title":{"rendered":"M\u00e4hlers lanserer h\u00f8ytkastende fjellplog for krevende milj\u00f8er"},"content":{"rendered":"<p><img fetchpriority=\"high\" decoding=\"async\" class=\"size-medium wp-image-7197 alignleft\" src=\"https:\/\/mahlers.se\/wp-content\/uploads\/2023\/04\/DSC07012_1_web-300x200.jpg\" alt=\"\" width=\"300\" height=\"200\" srcset=\"https:\/\/mahlers.se\/wp-content\/uploads\/2023\/04\/DSC07012_1_web-300x200.jpg 300w, https:\/\/mahlers.se\/wp-content\/uploads\/2023\/04\/DSC07012_1_web-1024x683.jpg 1024w, https:\/\/mahlers.se\/wp-content\/uploads\/2023\/04\/DSC07012_1_web-768x512.jpg 768w, https:\/\/mahlers.se\/wp-content\/uploads\/2023\/04\/DSC07012_1_web.jpg 1173w\" sizes=\"(max-width: 300px) 100vw, 300px\" \/><\/p>\n<h2 style=\"font-weight: 400;\"><strong>M\u00e4hlers lanserer h\u00f8ytkastende fjellplog for krevende milj\u00f8er<\/strong><\/h2>\n<p style=\"font-weight: 400;\">Etter en periode med harde tester lanserer sn\u00f8plogprodusenten M\u00e4hlers n\u00e5 sin DPF fjellplog. Det er en diagonalplog for krevende milj\u00f8er, som med sin unike utforming rydder store sn\u00f8mengder effektivt og kaster sn\u00f8en b\u00e5de h\u00f8yt og langt.<\/p>\n<p style=\"font-weight: 400;\">M\u00e4hlers, en av Nordens ledende sn\u00f8plogprodusenter, har de siste \u00e5rene oppgradert sortimentet for \u00e5 m\u00f8te det endrede klimaet samt for \u00e5 tilpasse produktene til de neste lastebilmodellene. N\u00e5 lanserer de sitt nyeste tilskudd, DPF fjellplog, som er bygget for de mer krevende milj\u00f8ene der man m\u00f8ter p\u00e5 store sn\u00f8mengder i kombinasjon med kupert terreng.<\/p>\n<p>&#8211; V\u00e5rt fokus har v\u00e6rt \u00e5 optimalisere plogen til \u00e5 kaste sn\u00f8en b\u00e5de h\u00f8yt og langt slik at det ikke danner seg br\u00f8ytekanter for raskt, sier Pontus Jonasson, adm.dir. i M\u00e4hlers.<\/p>\n<p style=\"font-weight: 400;\">Pontus sier at M\u00e4hlers har hatt den nye plogen p\u00e5 en rekke tester i Norge og Sverige og at testf\u00f8rerne har bidratt til et sluttprodukt som alle er forn\u00f8yde med.<\/p>\n<p>&#8211; Ja, den nye plogen er testet i en rekke ulike milj\u00f8er, alt fra lavere fjellomr\u00e5der i J\u00e4mtland i Sverige og helt opp til Alta i Nord-Norge. Alt i alt har det gitt oss verdifull informasjon for \u00e5 kunne optimalisere plogen til det den er beregnet for.<\/p>\n<p style=\"font-weight: 400;\">En av testf\u00f8rerne, Arnt Olav G\u00e5sbakk i selskapet G\u00e5sbakk &amp; S\u00f8nner AS i S\u00f8rli i Norge, skryter av M\u00e4hlers fjellplog.<\/p>\n<p style=\"text-align: left;\">&#8211; Fjellplogen l\u00f8fter sn\u00f8en fint allerede fra lave hastigheter og f\u00f8lger underlaget sv\u00e6rt fint. Den er dessuten \u00absnill\u00bb mot br\u00f8ytekantene, da den er utformet slik at den ikke skal rive i kantene. Det er gunstig da mange av veiene er smale, og da vil man ikke at sn\u00f8en skal \u00abrenne inn\u00bb p\u00e5 veien igjen, sier Arnt Olav.<\/p>\n<p style=\"text-align: left;\"><img decoding=\"async\" class=\"size-medium wp-image-7236 alignright\" src=\"https:\/\/mahlers.se\/wp-content\/uploads\/2023\/04\/DSC00609_web-300x200.jpg\" alt=\"\" width=\"300\" height=\"200\" \/><\/p>\n<p style=\"font-weight: 400;\">M\u00e4hlers sier at serieproduksjonen av DPF fjellplog er started og at de vil bli tilgjengelige for bestilling f\u00f8r kommende vinter.<\/p>\n<p style=\"font-weight: 400;\">Kobling til film som viser n\u00e5r Arnt Olav G\u00e5sbakk kj\u00f8rer med M\u00e4hlers DPF fjellplog<\/p>\n<p style=\"font-weight: 400;\"><a href=\"https:\/\/youtu.be\/EDqsAMAoj3w\">https:\/\/youtu.be\/EDqsAMAoj3w<\/a><\/p>\n","protected":false},"excerpt":{"rendered":"<p>M\u00e4hlers lanserer h\u00f8ytkastende fjellplog for krevende milj\u00f8er Etter en periode med harde tester lanserer sn\u00f8plogprodusenten M\u00e4hlers n\u00e5 sin DPF fjellplog. Det er en diagonalplog for krevende milj\u00f8er, som med sin unike utforming rydder store sn\u00f8mengder effektivt og kaster sn\u00f8en b\u00e5de h\u00f8yt og langt. M\u00e4hlers, en av Nordens ledende sn\u00f8plogprodusenter, har de siste \u00e5rene oppgradert sortimentet [&hellip;]<\/p>\n","protected":false},"author":6,"featured_media":7208,"comment_status":"closed","ping_status":"closed","sticky":false,"template":"","format":"standard","meta":{"_acf_changed":false,"footnotes":""},"categories":[23],"tags":[],"class_list":["post-7729","post","type-post","status-publish","format-standard","has-post-thumbnail","hentry","category-uncategorized-no"],"acf":[],"yoast_head":"<!-- This site is optimized with the Yoast SEO plugin v27.2 - https:\/\/yoast.com\/product\/yoast-seo-wordpress\/ -->\n<title>M\u00e4hlers lanserer h\u00f8ytkastende fjellplog for krevende milj\u00f8er - M\u00e4hlers<\/title>\n<meta name=\"robots\" content=\"index, follow, max-snippet:-1, max-image-preview:large, max-video-preview:-1\" \/>\n<link rel=\"canonical\" href=\"https:\/\/mahlers.se\/no\/2023\/08\/09\/mahlers-lanserer-hoytkastende-fjellplog-for-krevende-miljoer\/\" \/>\n<meta property=\"og:locale\" content=\"nb_NO\" \/>\n<meta property=\"og:type\" content=\"article\" \/>\n<meta property=\"og:title\" content=\"M\u00e4hlers lanserer h\u00f8ytkastende fjellplog for krevende milj\u00f8er - M\u00e4hlers\" \/>\n<meta property=\"og:description\" content=\"M\u00e4hlers lanserer h\u00f8ytkastende fjellplog for krevende milj\u00f8er Etter en periode med harde tester lanserer sn\u00f8plogprodusenten M\u00e4hlers n\u00e5 sin DPF fjellplog. Det er en diagonalplog for krevende milj\u00f8er, som med sin unike utforming rydder store sn\u00f8mengder effektivt og kaster sn\u00f8en b\u00e5de h\u00f8yt og langt. M\u00e4hlers, en av Nordens ledende sn\u00f8plogprodusenter, har de siste \u00e5rene oppgradert sortimentet [&hellip;]\" \/>\n<meta property=\"og:url\" content=\"https:\/\/mahlers.se\/no\/2023\/08\/09\/mahlers-lanserer-hoytkastende-fjellplog-for-krevende-miljoer\/\" \/>\n<meta property=\"og:site_name\" content=\"M\u00e4hlers\" \/>\n<meta property=\"article:published_time\" content=\"2023-08-09T14:36:47+00:00\" \/>\n<meta property=\"article:modified_time\" content=\"2023-08-22T13:29:50+00:00\" \/>\n<meta property=\"og:image\" content=\"https:\/\/mahlers.se\/wp-content\/uploads\/2023\/04\/A7407752_1_web.jpg\" \/>\n\t<meta property=\"og:image:width\" content=\"872\" \/>\n\t<meta property=\"og:image:height\" content=\"581\" \/>\n\t<meta property=\"og:image:type\" content=\"image\/jpeg\" \/>\n<meta name=\"author\" content=\"Sten Str\u00f6mgren\" \/>\n<meta name=\"twitter:card\" content=\"summary_large_image\" \/>\n<meta name=\"twitter:label1\" content=\"Skrevet av\" \/>\n\t<meta name=\"twitter:data1\" content=\"Sten Str\u00f6mgren\" \/>\n\t<meta name=\"twitter:label2\" content=\"Ansl. lesetid\" \/>\n\t<meta name=\"twitter:data2\" content=\"2 minutter\" \/>\n<script type=\"application\/ld+json\" class=\"yoast-schema-graph\">{\"@context\":\"https:\/\/schema.org\",\"@graph\":[{\"@type\":\"Article\",\"@id\":\"https:\/\/mahlers.se\/no\/2023\/08\/09\/mahlers-lanserer-hoytkastende-fjellplog-for-krevende-miljoer\/#article\",\"isPartOf\":{\"@id\":\"https:\/\/mahlers.se\/no\/2023\/08\/09\/mahlers-lanserer-hoytkastende-fjellplog-for-krevende-miljoer\/\"},\"author\":{\"name\":\"Sten Str\u00f6mgren\",\"@id\":\"https:\/\/mahlers.se\/no\/#\/schema\/person\/aec9adeefff3a94aec47db6d12cb56c0\"},\"headline\":\"M\u00e4hlers lanserer h\u00f8ytkastende fjellplog for krevende milj\u00f8er\",\"datePublished\":\"2023-08-09T14:36:47+00:00\",\"dateModified\":\"2023-08-22T13:29:50+00:00\",\"mainEntityOfPage\":{\"@id\":\"https:\/\/mahlers.se\/no\/2023\/08\/09\/mahlers-lanserer-hoytkastende-fjellplog-for-krevende-miljoer\/\"},\"wordCount\":374,\"publisher\":{\"@id\":\"https:\/\/mahlers.se\/no\/#organization\"},\"image\":{\"@id\":\"https:\/\/mahlers.se\/no\/2023\/08\/09\/mahlers-lanserer-hoytkastende-fjellplog-for-krevende-miljoer\/#primaryimage\"},\"thumbnailUrl\":\"https:\/\/mahlers.se\/wp-content\/uploads\/2023\/04\/A7407752_1_web.jpg\",\"articleSection\":[\"Uncategorized @no\"],\"inLanguage\":\"nb-NO\"},{\"@type\":\"WebPage\",\"@id\":\"https:\/\/mahlers.se\/no\/2023\/08\/09\/mahlers-lanserer-hoytkastende-fjellplog-for-krevende-miljoer\/\",\"url\":\"https:\/\/mahlers.se\/no\/2023\/08\/09\/mahlers-lanserer-hoytkastende-fjellplog-for-krevende-miljoer\/\",\"name\":\"M\u00e4hlers lanserer h\u00f8ytkastende fjellplog for krevende milj\u00f8er - M\u00e4hlers\",\"isPartOf\":{\"@id\":\"https:\/\/mahlers.se\/no\/#website\"},\"primaryImageOfPage\":{\"@id\":\"https:\/\/mahlers.se\/no\/2023\/08\/09\/mahlers-lanserer-hoytkastende-fjellplog-for-krevende-miljoer\/#primaryimage\"},\"image\":{\"@id\":\"https:\/\/mahlers.se\/no\/2023\/08\/09\/mahlers-lanserer-hoytkastende-fjellplog-for-krevende-miljoer\/#primaryimage\"},\"thumbnailUrl\":\"https:\/\/mahlers.se\/wp-content\/uploads\/2023\/04\/A7407752_1_web.jpg\",\"datePublished\":\"2023-08-09T14:36:47+00:00\",\"dateModified\":\"2023-08-22T13:29:50+00:00\",\"breadcrumb\":{\"@id\":\"https:\/\/mahlers.se\/no\/2023\/08\/09\/mahlers-lanserer-hoytkastende-fjellplog-for-krevende-miljoer\/#breadcrumb\"},\"inLanguage\":\"nb-NO\",\"potentialAction\":[{\"@type\":\"ReadAction\",\"target\":[\"https:\/\/mahlers.se\/no\/2023\/08\/09\/mahlers-lanserer-hoytkastende-fjellplog-for-krevende-miljoer\/\"]}]},{\"@type\":\"ImageObject\",\"inLanguage\":\"nb-NO\",\"@id\":\"https:\/\/mahlers.se\/no\/2023\/08\/09\/mahlers-lanserer-hoytkastende-fjellplog-for-krevende-miljoer\/#primaryimage\",\"url\":\"https:\/\/mahlers.se\/wp-content\/uploads\/2023\/04\/A7407752_1_web.jpg\",\"contentUrl\":\"https:\/\/mahlers.se\/wp-content\/uploads\/2023\/04\/A7407752_1_web.jpg\",\"width\":872,\"height\":581},{\"@type\":\"BreadcrumbList\",\"@id\":\"https:\/\/mahlers.se\/no\/2023\/08\/09\/mahlers-lanserer-hoytkastende-fjellplog-for-krevende-miljoer\/#breadcrumb\",\"itemListElement\":[{\"@type\":\"ListItem\",\"position\":1,\"name\":\"Hem\",\"item\":\"https:\/\/mahlers.se\/no\/\"},{\"@type\":\"ListItem\",\"position\":2,\"name\":\"M\u00e4hlers lanserer h\u00f8ytkastende fjellplog for krevende milj\u00f8er\"}]},{\"@type\":\"WebSite\",\"@id\":\"https:\/\/mahlers.se\/no\/#website\",\"url\":\"https:\/\/mahlers.se\/no\/\",\"name\":\"M\u00e4hlers\",\"description\":\"F\u00f6r effektivare sn\u00f6r\u00f6jning och v\u00e4gunderh\u00e5ll\",\"publisher\":{\"@id\":\"https:\/\/mahlers.se\/no\/#organization\"},\"potentialAction\":[{\"@type\":\"SearchAction\",\"target\":{\"@type\":\"EntryPoint\",\"urlTemplate\":\"https:\/\/mahlers.se\/no\/?s={search_term_string}\"},\"query-input\":{\"@type\":\"PropertyValueSpecification\",\"valueRequired\":true,\"valueName\":\"search_term_string\"}}],\"inLanguage\":\"nb-NO\"},{\"@type\":\"Organization\",\"@id\":\"https:\/\/mahlers.se\/no\/#organization\",\"name\":\"M\u00e4hlers\",\"url\":\"https:\/\/mahlers.se\/no\/\",\"logo\":{\"@type\":\"ImageObject\",\"inLanguage\":\"nb-NO\",\"@id\":\"https:\/\/mahlers.se\/no\/#\/schema\/logo\/image\/\",\"url\":\"https:\/\/mahlers.se\/wp-content\/uploads\/2021\/06\/Mahlers-logo-ned-wordonly.png\",\"contentUrl\":\"https:\/\/mahlers.se\/wp-content\/uploads\/2021\/06\/Mahlers-logo-ned-wordonly.png\",\"width\":1026,\"height\":186,\"caption\":\"M\u00e4hlers\"},\"image\":{\"@id\":\"https:\/\/mahlers.se\/no\/#\/schema\/logo\/image\/\"}},{\"@type\":\"Person\",\"@id\":\"https:\/\/mahlers.se\/no\/#\/schema\/person\/aec9adeefff3a94aec47db6d12cb56c0\",\"name\":\"Sten Str\u00f6mgren\",\"image\":{\"@type\":\"ImageObject\",\"inLanguage\":\"nb-NO\",\"@id\":\"https:\/\/secure.gravatar.com\/avatar\/3e0ee567f00ea671aa6b2195a0744de5005cb564dea599543636be3fee4498a6?s=96&d=mm&r=g\",\"url\":\"https:\/\/secure.gravatar.com\/avatar\/3e0ee567f00ea671aa6b2195a0744de5005cb564dea599543636be3fee4498a6?s=96&d=mm&r=g\",\"contentUrl\":\"https:\/\/secure.gravatar.com\/avatar\/3e0ee567f00ea671aa6b2195a0744de5005cb564dea599543636be3fee4498a6?s=96&d=mm&r=g\",\"caption\":\"Sten Str\u00f6mgren\"},\"url\":\"https:\/\/mahlers.se\/no\/author\/sten\/\"}]}<\/script>\n<!-- \/ Yoast SEO plugin. -->","yoast_head_json":{"title":"M\u00e4hlers lanserer h\u00f8ytkastende fjellplog for krevende milj\u00f8er - M\u00e4hlers","robots":{"index":"index","follow":"follow","max-snippet":"max-snippet:-1","max-image-preview":"max-image-preview:large","max-video-preview":"max-video-preview:-1"},"canonical":"https:\/\/mahlers.se\/no\/2023\/08\/09\/mahlers-lanserer-hoytkastende-fjellplog-for-krevende-miljoer\/","og_locale":"nb_NO","og_type":"article","og_title":"M\u00e4hlers lanserer h\u00f8ytkastende fjellplog for krevende milj\u00f8er - M\u00e4hlers","og_description":"M\u00e4hlers lanserer h\u00f8ytkastende fjellplog for krevende milj\u00f8er Etter en periode med harde tester lanserer sn\u00f8plogprodusenten M\u00e4hlers n\u00e5 sin DPF fjellplog. Det er en diagonalplog for krevende milj\u00f8er, som med sin unike utforming rydder store sn\u00f8mengder effektivt og kaster sn\u00f8en b\u00e5de h\u00f8yt og langt. M\u00e4hlers, en av Nordens ledende sn\u00f8plogprodusenter, har de siste \u00e5rene oppgradert sortimentet [&hellip;]","og_url":"https:\/\/mahlers.se\/no\/2023\/08\/09\/mahlers-lanserer-hoytkastende-fjellplog-for-krevende-miljoer\/","og_site_name":"M\u00e4hlers","article_published_time":"2023-08-09T14:36:47+00:00","article_modified_time":"2023-08-22T13:29:50+00:00","og_image":[{"width":872,"height":581,"url":"https:\/\/mahlers.se\/wp-content\/uploads\/2023\/04\/A7407752_1_web.jpg","type":"image\/jpeg"}],"author":"Sten Str\u00f6mgren","twitter_card":"summary_large_image","twitter_misc":{"Skrevet av":"Sten Str\u00f6mgren","Ansl. lesetid":"2 minutter"},"schema":{"@context":"https:\/\/schema.org","@graph":[{"@type":"Article","@id":"https:\/\/mahlers.se\/no\/2023\/08\/09\/mahlers-lanserer-hoytkastende-fjellplog-for-krevende-miljoer\/#article","isPartOf":{"@id":"https:\/\/mahlers.se\/no\/2023\/08\/09\/mahlers-lanserer-hoytkastende-fjellplog-for-krevende-miljoer\/"},"author":{"name":"Sten Str\u00f6mgren","@id":"https:\/\/mahlers.se\/no\/#\/schema\/person\/aec9adeefff3a94aec47db6d12cb56c0"},"headline":"M\u00e4hlers lanserer h\u00f8ytkastende fjellplog for krevende milj\u00f8er","datePublished":"2023-08-09T14:36:47+00:00","dateModified":"2023-08-22T13:29:50+00:00","mainEntityOfPage":{"@id":"https:\/\/mahlers.se\/no\/2023\/08\/09\/mahlers-lanserer-hoytkastende-fjellplog-for-krevende-miljoer\/"},"wordCount":374,"publisher":{"@id":"https:\/\/mahlers.se\/no\/#organization"},"image":{"@id":"https:\/\/mahlers.se\/no\/2023\/08\/09\/mahlers-lanserer-hoytkastende-fjellplog-for-krevende-miljoer\/#primaryimage"},"thumbnailUrl":"https:\/\/mahlers.se\/wp-content\/uploads\/2023\/04\/A7407752_1_web.jpg","articleSection":["Uncategorized @no"],"inLanguage":"nb-NO"},{"@type":"WebPage","@id":"https:\/\/mahlers.se\/no\/2023\/08\/09\/mahlers-lanserer-hoytkastende-fjellplog-for-krevende-miljoer\/","url":"https:\/\/mahlers.se\/no\/2023\/08\/09\/mahlers-lanserer-hoytkastende-fjellplog-for-krevende-miljoer\/","name":"M\u00e4hlers lanserer h\u00f8ytkastende fjellplog for krevende milj\u00f8er - M\u00e4hlers","isPartOf":{"@id":"https:\/\/mahlers.se\/no\/#website"},"primaryImageOfPage":{"@id":"https:\/\/mahlers.se\/no\/2023\/08\/09\/mahlers-lanserer-hoytkastende-fjellplog-for-krevende-miljoer\/#primaryimage"},"image":{"@id":"https:\/\/mahlers.se\/no\/2023\/08\/09\/mahlers-lanserer-hoytkastende-fjellplog-for-krevende-miljoer\/#primaryimage"},"thumbnailUrl":"https:\/\/mahlers.se\/wp-content\/uploads\/2023\/04\/A7407752_1_web.jpg","datePublished":"2023-08-09T14:36:47+00:00","dateModified":"2023-08-22T13:29:50+00:00","breadcrumb":{"@id":"https:\/\/mahlers.se\/no\/2023\/08\/09\/mahlers-lanserer-hoytkastende-fjellplog-for-krevende-miljoer\/#breadcrumb"},"inLanguage":"nb-NO","potentialAction":[{"@type":"ReadAction","target":["https:\/\/mahlers.se\/no\/2023\/08\/09\/mahlers-lanserer-hoytkastende-fjellplog-for-krevende-miljoer\/"]}]},{"@type":"ImageObject","inLanguage":"nb-NO","@id":"https:\/\/mahlers.se\/no\/2023\/08\/09\/mahlers-lanserer-hoytkastende-fjellplog-for-krevende-miljoer\/#primaryimage","url":"https:\/\/mahlers.se\/wp-content\/uploads\/2023\/04\/A7407752_1_web.jpg","contentUrl":"https:\/\/mahlers.se\/wp-content\/uploads\/2023\/04\/A7407752_1_web.jpg","width":872,"height":581},{"@type":"BreadcrumbList","@id":"https:\/\/mahlers.se\/no\/2023\/08\/09\/mahlers-lanserer-hoytkastende-fjellplog-for-krevende-miljoer\/#breadcrumb","itemListElement":[{"@type":"ListItem","position":1,"name":"Hem","item":"https:\/\/mahlers.se\/no\/"},{"@type":"ListItem","position":2,"name":"M\u00e4hlers lanserer h\u00f8ytkastende fjellplog for krevende milj\u00f8er"}]},{"@type":"WebSite","@id":"https:\/\/mahlers.se\/no\/#website","url":"https:\/\/mahlers.se\/no\/","name":"M\u00e4hlers","description":"F\u00f6r effektivare sn\u00f6r\u00f6jning och v\u00e4gunderh\u00e5ll","publisher":{"@id":"https:\/\/mahlers.se\/no\/#organization"},"potentialAction":[{"@type":"SearchAction","target":{"@type":"EntryPoint","urlTemplate":"https:\/\/mahlers.se\/no\/?s={search_term_string}"},"query-input":{"@type":"PropertyValueSpecification","valueRequired":true,"valueName":"search_term_string"}}],"inLanguage":"nb-NO"},{"@type":"Organization","@id":"https:\/\/mahlers.se\/no\/#organization","name":"M\u00e4hlers","url":"https:\/\/mahlers.se\/no\/","logo":{"@type":"ImageObject","inLanguage":"nb-NO","@id":"https:\/\/mahlers.se\/no\/#\/schema\/logo\/image\/","url":"https:\/\/mahlers.se\/wp-content\/uploads\/2021\/06\/Mahlers-logo-ned-wordonly.png","contentUrl":"https:\/\/mahlers.se\/wp-content\/uploads\/2021\/06\/Mahlers-logo-ned-wordonly.png","width":1026,"height":186,"caption":"M\u00e4hlers"},"image":{"@id":"https:\/\/mahlers.se\/no\/#\/schema\/logo\/image\/"}},{"@type":"Person","@id":"https:\/\/mahlers.se\/no\/#\/schema\/person\/aec9adeefff3a94aec47db6d12cb56c0","name":"Sten Str\u00f6mgren","image":{"@type":"ImageObject","inLanguage":"nb-NO","@id":"https:\/\/secure.gravatar.com\/avatar\/3e0ee567f00ea671aa6b2195a0744de5005cb564dea599543636be3fee4498a6?s=96&d=mm&r=g","url":"https:\/\/secure.gravatar.com\/avatar\/3e0ee567f00ea671aa6b2195a0744de5005cb564dea599543636be3fee4498a6?s=96&d=mm&r=g","contentUrl":"https:\/\/secure.gravatar.com\/avatar\/3e0ee567f00ea671aa6b2195a0744de5005cb564dea599543636be3fee4498a6?s=96&d=mm&r=g","caption":"Sten Str\u00f6mgren"},"url":"https:\/\/mahlers.se\/no\/author\/sten\/"}]}},"_links":{"self":[{"href":"https:\/\/mahlers.se\/no\/wp-json\/wp\/v2\/posts\/7729","targetHints":{"allow":["GET"]}}],"collection":[{"href":"https:\/\/mahlers.se\/no\/wp-json\/wp\/v2\/posts"}],"about":[{"href":"https:\/\/mahlers.se\/no\/wp-json\/wp\/v2\/types\/post"}],"author":[{"embeddable":true,"href":"https:\/\/mahlers.se\/no\/wp-json\/wp\/v2\/users\/6"}],"replies":[{"embeddable":true,"href":"https:\/\/mahlers.se\/no\/wp-json\/wp\/v2\/comments?post=7729"}],"version-history":[{"count":1,"href":"https:\/\/mahlers.se\/no\/wp-json\/wp\/v2\/posts\/7729\/revisions"}],"predecessor-version":[{"id":7734,"href":"https:\/\/mahlers.se\/no\/wp-json\/wp\/v2\/posts\/7729\/revisions\/7734"}],"wp:featuredmedia":[{"embeddable":true,"href":"https:\/\/mahlers.se\/no\/wp-json\/wp\/v2\/media\/7208"}],"wp:attachment":[{"href":"https:\/\/mahlers.se\/no\/wp-json\/wp\/v2\/media?parent=7729"}],"wp:term":[{"taxonomy":"category","embeddable":true,"href":"https:\/\/mahlers.se\/no\/wp-json\/wp\/v2\/categories?post=7729"},{"taxonomy":"post_tag","embeddable":true,"href":"https:\/\/mahlers.se\/no\/wp-json\/wp\/v2\/tags?post=7729"}],"curies":[{"name":"wp","href":"https:\/\/api.w.org\/{rel}","templated":true}]}}