{"id":3555,"date":"2020-03-09T12:00:18","date_gmt":"2020-03-09T11:00:18","guid":{"rendered":"https:\/\/mahlers.a.vaia.cloud\/2020\/03\/09\/sterkere-enn-noensinne-mahlers-feirer-125-ar-med-suksess\/"},"modified":"2021-09-30T11:09:48","modified_gmt":"2021-09-30T09:09:48","slug":"sterkere-enn-noensinne-mahlers-feirer-125-ar-med-suksess","status":"publish","type":"post","link":"https:\/\/mahlers.se\/no\/2020\/03\/09\/sterkere-enn-noensinne-mahlers-feirer-125-ar-med-suksess\/","title":{"rendered":"Sterkere enn noensinne \u2013 M\u00e4hlers feirer 125 \u00e5r med suksess"},"content":{"rendered":"\t\t<div data-elementor-type=\"wp-post\" data-elementor-id=\"3555\" class=\"elementor elementor-3555 elementor-1411\" data-elementor-post-type=\"post\">\n\t\t\t\t\t\t<section class=\"elementor-section elementor-top-section elementor-element elementor-element-3dff5f83 elementor-section-full_width elementor-section-height-default elementor-section-height-default\" data-id=\"3dff5f83\" data-element_type=\"section\" data-e-type=\"section\">\n\t\t\t\t\t\t<div class=\"elementor-container elementor-column-gap-default\">\n\t\t\t\t\t<div class=\"elementor-column elementor-col-100 elementor-top-column elementor-element elementor-element-6436cdc6\" data-id=\"6436cdc6\" data-element_type=\"column\" data-e-type=\"column\">\n\t\t\t<div class=\"elementor-widget-wrap elementor-element-populated\">\n\t\t\t\t\t\t<div class=\"elementor-element elementor-element-6f2ca989 elementor-widget elementor-widget-gndv-hero\" data-id=\"6f2ca989\" data-element_type=\"widget\" data-e-type=\"widget\" data-widget_type=\"gndv-hero.default\">\n\t\t\t\t<div class=\"elementor-widget-container\">\n\t\t\t\t\t\n\t\t<div class=\"hero image\" style=\"min-height: 55vh;\">\n\n\t\t\t\t\t\t\t<h1 class=\"text-wrapper\">\n\t\t\t\t\t\t\t\t\t\t\t<div class=\"text-row\"><\/div>\n\t\t\t\t\t\t\t\t\t<\/h1>\n\t\t\t\n\t\t\t\n\t\t\t\t\t\t\t<img decoding=\"async\" class=\"hero-image\" src=\"https:\/\/mahlers.a.vaia.cloud\/wp-content\/uploads\/2020\/03\/Ma\u0308hlers-fabrik-Rosso\u0308n-scaled.jpg\" alt=\"Hero bild\">\n\t\t\t\n\t\t<\/div>\n\n\t\t\t\t\t\t<\/div>\n\t\t\t\t<\/div>\n\t\t\t\t\t<\/div>\n\t\t<\/div>\n\t\t\t\t\t<\/div>\n\t\t<\/section>\n\t\t\t\t<section class=\"elementor-section elementor-top-section elementor-element elementor-element-67409541 elementor-section-boxed elementor-section-height-default elementor-section-height-default\" data-id=\"67409541\" data-element_type=\"section\" data-e-type=\"section\">\n\t\t\t\t\t\t<div class=\"elementor-container elementor-column-gap-default\">\n\t\t\t\t\t<div class=\"elementor-column elementor-col-100 elementor-top-column elementor-element elementor-element-7e364294\" data-id=\"7e364294\" data-element_type=\"column\" data-e-type=\"column\">\n\t\t\t<div class=\"elementor-widget-wrap elementor-element-populated\">\n\t\t\t\t\t\t<div class=\"elementor-element elementor-element-2ca13a46 elementor-widget elementor-widget-spacer\" data-id=\"2ca13a46\" data-element_type=\"widget\" data-e-type=\"widget\" data-widget_type=\"spacer.default\">\n\t\t\t\t<div class=\"elementor-widget-container\">\n\t\t\t\t\t\t\t<div class=\"elementor-spacer\">\n\t\t\t<div class=\"elementor-spacer-inner\"><\/div>\n\t\t<\/div>\n\t\t\t\t\t\t<\/div>\n\t\t\t\t<\/div>\n\t\t\t\t\t<\/div>\n\t\t<\/div>\n\t\t\t\t\t<\/div>\n\t\t<\/section>\n\t\t\t\t<section class=\"elementor-section elementor-top-section elementor-element elementor-element-3c8db169 elementor-section-boxed elementor-section-height-default elementor-section-height-default\" data-id=\"3c8db169\" data-element_type=\"section\" data-e-type=\"section\">\n\t\t\t\t\t\t<div class=\"elementor-container elementor-column-gap-default\">\n\t\t\t\t\t<div class=\"elementor-column elementor-col-100 elementor-top-column elementor-element elementor-element-4408920d\" data-id=\"4408920d\" data-element_type=\"column\" data-e-type=\"column\">\n\t\t\t<div class=\"elementor-widget-wrap elementor-element-populated\">\n\t\t\t\t\t\t<div class=\"elementor-element elementor-element-4689b258 elementor-widget elementor-widget-heading\" data-id=\"4689b258\" data-element_type=\"widget\" data-e-type=\"widget\" data-widget_type=\"heading.default\">\n\t\t\t\t<div class=\"elementor-widget-container\">\n\t\t\t\t\t<h1 class=\"elementor-heading-title elementor-size-default\">Sterkere enn noensinne \u2013 M\u00e4hlers feirer 125 \u00e5r med suksess<\/h1>\t\t\t\t<\/div>\n\t\t\t\t<\/div>\n\t\t\t\t\t<\/div>\n\t\t<\/div>\n\t\t\t\t\t<\/div>\n\t\t<\/section>\n\t\t\t\t<section class=\"elementor-section elementor-top-section elementor-element elementor-element-64c77bd0 elementor-section-boxed elementor-section-height-default elementor-section-height-default\" data-id=\"64c77bd0\" data-element_type=\"section\" data-e-type=\"section\">\n\t\t\t\t\t\t<div class=\"elementor-container elementor-column-gap-default\">\n\t\t\t\t\t<div class=\"elementor-column elementor-col-50 elementor-top-column elementor-element elementor-element-2f551297\" data-id=\"2f551297\" data-element_type=\"column\" data-e-type=\"column\">\n\t\t\t<div class=\"elementor-widget-wrap elementor-element-populated\">\n\t\t\t\t\t\t<div class=\"elementor-element elementor-element-406eb729 elementor-widget elementor-widget-text-editor\" data-id=\"406eb729\" data-element_type=\"widget\" data-e-type=\"widget\" data-widget_type=\"text-editor.default\">\n\t\t\t\t<div class=\"elementor-widget-container\">\n\t\t\t\t\t\t\t\t\t<p><strong>I \u00e5r er det 125 \u00e5r siden Hans Oskar M\u00e4hler grunnla selskapet vi i dag kjenner som den markedsledende plogprodusenten M\u00e4hlers Selv om tidene har endret seg og gammel teknologi er erstattet av ny, st\u00e5r selskapet fortsatt \u00f8verst p\u00e5 tronen. Med historien i ryggen og blikket vendt forover skal M\u00e4hlers feire selskapets suksess i Ross\u00f6n den 20. mars.<\/strong><\/p>\n<p>I 1895 etablerte Hans Oskar M\u00e4hler et smieverksted i Hoting. Noe som skulle vise seg \u00e5 v\u00e6re startskuddet for en lang suksesshistorie. Til \u00e5 begynne med fokuserte virksomheten p\u00e5 reparasjon og produksjon av landbruksredskaper og t\u00f8mmerkjelker. P\u00e5 midten av 40-tallet kom Hans Oskars fire s\u00f8nner inn som deleiere, i det som da fikk navnet M\u00e4hler och S\u00f6ner. Det var de neste \u00e5rene grunnlaget ble lagt for virksomheten som M\u00e4hlers driver i dag.<\/p>\n<p>\u2013 Noen ganger lurer jeg p\u00e5 hva Hans Oskar M\u00e4hler hadde sagt om han visste at virksomheten han en gang startet, skulle leve videre i 125 \u00e5r. Vi f\u00f8ler alle et stort ansvar for \u00e5 fortsette \u00e5 utvikle virksomheten og sikre den for fremtiden. Det at vi n\u00e5 f\u00e5r mulighet til \u00e5 feire selskapets historie og suksess sammen med ansatte, kunder og samarbeidspartnere, er f\u00e5 forunt, sier Ingemar Nyberg, adm. dir. i M\u00e4hlers.<\/p>\n<p><strong>Fra Hoting til Ross\u00f6n<\/strong><br \/>\nI tillegg til sn\u00f8plogene som selskapet har v\u00e6rt kjent for i lengre tid, kom de p\u00e5 slutten av 60-tallet og begynnelsen av 70-tallet med en rekke produkter som skulle vise seg \u00e5 sl\u00e5 an p\u00e5 markedet, blant annet rotorklipperen og den f\u00f8rste slapseplogen. I den samme perioden hadde de videreutviklet produktene for sn\u00f8rydding og veivedlikehold, og samlet sett ble M\u00e4hlers p\u00e5 denne tiden betraktet som den fremste akt\u00f8ren i bransjen. Veksten i selskapet gjorde at de flyttet virksomheten fra Hoting til st\u00f8rre lokaler i Ross\u00f6n, Sverige, der selskapet fortsatt holder til.<\/p>\n<p>\u2013 Ekspansjonen selskapet hadde p\u00e5 denne tiden, er vanskelig \u00e5 forestille seg. Selskapet vokste ikke bare med nye lokaler, men ogs\u00e5 med mange nye ansikter. En morsom detalj i selskapets historie er at de ansatte kj\u00f8pte selskapet av br\u00f8drene i 1979, noe som m\u00e5 sies \u00e5 v\u00e6re ganske unikt n\u00e5r vi ser p\u00e5 dagens n\u00e6ringsliv, sier Ingemar Nyberg.<\/p>\n<p><strong>Engcon g\u00e5r inn som hovedeier \u2013 smarte produkter lanseres<\/strong><br \/>\nP\u00e5 90-tallet og begynnelsen av 2000-tallet fant det sted en rekke omstruktureringer og eierendringer, og i 2006 gikk tiltrotatorprodusenten Engcon inn som deleier. Tre \u00e5r senere, i 2009, kj\u00f8per Engcon opp flere aksjer i selskapet og blir dermed majoritetseier av M\u00e4hlers, noe som er situasjonen ogs\u00e5 i dag.<\/p>\n<p>\u2013 Da vi gikk inn som eier, hadde jeg en id\u00e9 om \u00e5 utvide tilbudet med litt smartere produkter. Diagonalplogen Flexiway, sideplogsystemet Caway og styresystemet MC3 med mulighet for fjernsupport, er bare noen eksempler p\u00e5 produktene som er utviklet de siste \u00e5rene. Fordi det er et sv\u00e6rt stort behov og stor interesse for produkter p\u00e5 disse omr\u00e5dene, kan vi n\u00e5 konstatere at vi satset riktig, sier Stig Engstr\u00f6m, grunnlegger og eier av Engcon.<\/p>\n<p>En annen milep\u00e6l i den senere tid er etableringen av salgsselskapet M\u00e4hlers AS i Norge i 2014, som har gitt M\u00e4hlers en betydelig \u00f8kning i markedsandelene i Norge.<\/p>\n<p><strong>Med sikte p\u00e5 framtiden<\/strong><br \/>\nFor \u00e5 feire 125 \u00e5r med suksess vil M\u00e4hlers holde \u00e5pent hus p\u00e5 fabrikken i Ross\u00f6n den 20. mars kl 12\u201316. Da vil selskapet vise hvordan de produserer plogene. Det blir ogs\u00e5 en live-demonstrasjon av ploging med hest samt en lastebil fullt utstyrt med den nyeste teknologien. De bes\u00f8kende f\u00e5r ogs\u00e5 se de nyeste produktene og m\u00f8te bygdens stolthet og mesterkokkfinalisten Emilia Nilsson, som er p\u00e5 plass for \u00e5 signere sin bok \u00abPangmat\u00bb. Sist men ikke minst blir det sn\u00f8scooterkj\u00f8ring for barna, og sn\u00f8scooterforhandlere vil vise frem sine nye sn\u00f8scootere og tilbeh\u00f8r for de som m\u00e5tte v\u00e6re interessert i det. Det blir med andre ord en begivenhetsrik dag i Ross\u00f6n.<\/p>\n<p>\u2013 Jeg ser frem til mange bes\u00f8kende. Vi vil ikke bare se tilbake p\u00e5 det som er gjort, men vil ogs\u00e5 fortelle hva vi vil at selskapet skal v\u00e6re i fremtiden. Det vil bli en fantastisk dag som jeg h\u00e5per vi alle vil huske som en viktig del av M\u00e4hlers historie, sier Ingemar Nyberg.<\/p>\n\t\t\t\t\t\t\t\t<\/div>\n\t\t\t\t<\/div>\n\t\t\t\t\t<\/div>\n\t\t<\/div>\n\t\t\t\t<div class=\"elementor-column elementor-col-50 elementor-top-column elementor-element elementor-element-71a9192c\" data-id=\"71a9192c\" data-element_type=\"column\" data-e-type=\"column\">\n\t\t\t<div class=\"elementor-widget-wrap\">\n\t\t\t\t\t\t\t<\/div>\n\t\t<\/div>\n\t\t\t\t\t<\/div>\n\t\t<\/section>\n\t\t\t\t<section class=\"elementor-section elementor-top-section elementor-element elementor-element-1078f074 elementor-section-boxed elementor-section-height-default elementor-section-height-default\" data-id=\"1078f074\" data-element_type=\"section\" data-e-type=\"section\">\n\t\t\t\t\t\t<div class=\"elementor-container elementor-column-gap-default\">\n\t\t\t\t\t<div class=\"elementor-column elementor-col-100 elementor-top-column elementor-element elementor-element-48671f8f\" data-id=\"48671f8f\" data-element_type=\"column\" data-e-type=\"column\">\n\t\t\t<div class=\"elementor-widget-wrap elementor-element-populated\">\n\t\t\t\t\t\t<div class=\"elementor-element elementor-element-6a9aa751 elementor-widget elementor-widget-spacer\" data-id=\"6a9aa751\" data-element_type=\"widget\" data-e-type=\"widget\" data-widget_type=\"spacer.default\">\n\t\t\t\t<div class=\"elementor-widget-container\">\n\t\t\t\t\t\t\t<div class=\"elementor-spacer\">\n\t\t\t<div class=\"elementor-spacer-inner\"><\/div>\n\t\t<\/div>\n\t\t\t\t\t\t<\/div>\n\t\t\t\t<\/div>\n\t\t\t\t\t<\/div>\n\t\t<\/div>\n\t\t\t\t\t<\/div>\n\t\t<\/section>\n\t\t\t\t<\/div>\n\t\t","protected":false},"excerpt":{"rendered":"<p>Sterkere enn noensinne \u2013 M\u00e4hlers feirer 125 \u00e5r med suksess I \u00e5r er det 125 \u00e5r siden Hans Oskar M\u00e4hler grunnla selskapet vi i dag kjenner som den markedsledende plogprodusenten M\u00e4hlers Selv om tidene har endret seg og gammel teknologi er erstattet av ny, st\u00e5r selskapet fortsatt \u00f8verst p\u00e5 tronen. Med historien i ryggen og [&hellip;]<\/p>\n","protected":false},"author":2,"featured_media":0,"comment_status":"closed","ping_status":"open","sticky":false,"template":"","format":"standard","meta":{"_acf_changed":false,"footnotes":""},"categories":[23],"tags":[],"class_list":["post-3555","post","type-post","status-publish","format-standard","hentry","category-uncategorized-no"],"acf":[],"yoast_head":"<!-- This site is optimized with the Yoast SEO plugin v27.2 - https:\/\/yoast.com\/product\/yoast-seo-wordpress\/ -->\n<title>Sterkere enn noensinne \u2013 M\u00e4hlers feirer 125 \u00e5r med suksess - M\u00e4hlers<\/title>\n<meta name=\"robots\" content=\"index, follow, max-snippet:-1, max-image-preview:large, max-video-preview:-1\" \/>\n<link rel=\"canonical\" href=\"https:\/\/mahlers.se\/no\/2020\/03\/09\/sterkere-enn-noensinne-mahlers-feirer-125-ar-med-suksess\/\" \/>\n<meta property=\"og:locale\" content=\"nb_NO\" \/>\n<meta property=\"og:type\" content=\"article\" \/>\n<meta property=\"og:title\" content=\"Sterkere enn noensinne \u2013 M\u00e4hlers feirer 125 \u00e5r med suksess - M\u00e4hlers\" \/>\n<meta property=\"og:description\" content=\"Sterkere enn noensinne \u2013 M\u00e4hlers feirer 125 \u00e5r med suksess I \u00e5r er det 125 \u00e5r siden Hans Oskar M\u00e4hler grunnla selskapet vi i dag kjenner som den markedsledende plogprodusenten M\u00e4hlers Selv om tidene har endret seg og gammel teknologi er erstattet av ny, st\u00e5r selskapet fortsatt \u00f8verst p\u00e5 tronen. Med historien i ryggen og [&hellip;]\" \/>\n<meta property=\"og:url\" content=\"https:\/\/mahlers.se\/no\/2020\/03\/09\/sterkere-enn-noensinne-mahlers-feirer-125-ar-med-suksess\/\" \/>\n<meta property=\"og:site_name\" content=\"M\u00e4hlers\" \/>\n<meta property=\"article:published_time\" content=\"2020-03-09T11:00:18+00:00\" \/>\n<meta property=\"article:modified_time\" content=\"2021-09-30T09:09:48+00:00\" \/>\n<meta property=\"og:image\" content=\"https:\/\/mahlers.se\/wp-content\/uploads\/2020\/03\/Ma\u0308hlers-fabrik-Rosso\u0308n-scaled.jpg\" \/>\n<meta name=\"author\" content=\"philip\" \/>\n<meta name=\"twitter:card\" content=\"summary_large_image\" \/>\n<meta name=\"twitter:label1\" content=\"Skrevet av\" \/>\n\t<meta name=\"twitter:data1\" content=\"philip\" \/>\n\t<meta name=\"twitter:label2\" content=\"Ansl. lesetid\" \/>\n\t<meta name=\"twitter:data2\" content=\"4 minutter\" \/>\n<script type=\"application\/ld+json\" class=\"yoast-schema-graph\">{\"@context\":\"https:\/\/schema.org\",\"@graph\":[{\"@type\":\"Article\",\"@id\":\"https:\/\/mahlers.se\/no\/2020\/03\/09\/sterkere-enn-noensinne-mahlers-feirer-125-ar-med-suksess\/#article\",\"isPartOf\":{\"@id\":\"https:\/\/mahlers.se\/no\/2020\/03\/09\/sterkere-enn-noensinne-mahlers-feirer-125-ar-med-suksess\/\"},\"author\":{\"name\":\"philip\",\"@id\":\"https:\/\/mahlers.se\/no\/#\/schema\/person\/ca71f2fd841442f766d749f2e3501c52\"},\"headline\":\"Sterkere enn noensinne \u2013 M\u00e4hlers feirer 125 \u00e5r med suksess\",\"datePublished\":\"2020-03-09T11:00:18+00:00\",\"dateModified\":\"2021-09-30T09:09:48+00:00\",\"mainEntityOfPage\":{\"@id\":\"https:\/\/mahlers.se\/no\/2020\/03\/09\/sterkere-enn-noensinne-mahlers-feirer-125-ar-med-suksess\/\"},\"wordCount\":729,\"publisher\":{\"@id\":\"https:\/\/mahlers.se\/no\/#organization\"},\"articleSection\":[\"Uncategorized @no\"],\"inLanguage\":\"nb-NO\"},{\"@type\":\"WebPage\",\"@id\":\"https:\/\/mahlers.se\/no\/2020\/03\/09\/sterkere-enn-noensinne-mahlers-feirer-125-ar-med-suksess\/\",\"url\":\"https:\/\/mahlers.se\/no\/2020\/03\/09\/sterkere-enn-noensinne-mahlers-feirer-125-ar-med-suksess\/\",\"name\":\"Sterkere enn noensinne \u2013 M\u00e4hlers feirer 125 \u00e5r med suksess - M\u00e4hlers\",\"isPartOf\":{\"@id\":\"https:\/\/mahlers.se\/no\/#website\"},\"datePublished\":\"2020-03-09T11:00:18+00:00\",\"dateModified\":\"2021-09-30T09:09:48+00:00\",\"breadcrumb\":{\"@id\":\"https:\/\/mahlers.se\/no\/2020\/03\/09\/sterkere-enn-noensinne-mahlers-feirer-125-ar-med-suksess\/#breadcrumb\"},\"inLanguage\":\"nb-NO\",\"potentialAction\":[{\"@type\":\"ReadAction\",\"target\":[\"https:\/\/mahlers.se\/no\/2020\/03\/09\/sterkere-enn-noensinne-mahlers-feirer-125-ar-med-suksess\/\"]}]},{\"@type\":\"BreadcrumbList\",\"@id\":\"https:\/\/mahlers.se\/no\/2020\/03\/09\/sterkere-enn-noensinne-mahlers-feirer-125-ar-med-suksess\/#breadcrumb\",\"itemListElement\":[{\"@type\":\"ListItem\",\"position\":1,\"name\":\"Hem\",\"item\":\"https:\/\/mahlers.se\/no\/\"},{\"@type\":\"ListItem\",\"position\":2,\"name\":\"Sterkere enn noensinne \u2013 M\u00e4hlers feirer 125 \u00e5r med suksess\"}]},{\"@type\":\"WebSite\",\"@id\":\"https:\/\/mahlers.se\/no\/#website\",\"url\":\"https:\/\/mahlers.se\/no\/\",\"name\":\"M\u00e4hlers\",\"description\":\"F\u00f6r effektivare sn\u00f6r\u00f6jning och v\u00e4gunderh\u00e5ll\",\"publisher\":{\"@id\":\"https:\/\/mahlers.se\/no\/#organization\"},\"potentialAction\":[{\"@type\":\"SearchAction\",\"target\":{\"@type\":\"EntryPoint\",\"urlTemplate\":\"https:\/\/mahlers.se\/no\/?s={search_term_string}\"},\"query-input\":{\"@type\":\"PropertyValueSpecification\",\"valueRequired\":true,\"valueName\":\"search_term_string\"}}],\"inLanguage\":\"nb-NO\"},{\"@type\":\"Organization\",\"@id\":\"https:\/\/mahlers.se\/no\/#organization\",\"name\":\"M\u00e4hlers\",\"url\":\"https:\/\/mahlers.se\/no\/\",\"logo\":{\"@type\":\"ImageObject\",\"inLanguage\":\"nb-NO\",\"@id\":\"https:\/\/mahlers.se\/no\/#\/schema\/logo\/image\/\",\"url\":\"https:\/\/mahlers.se\/wp-content\/uploads\/2021\/06\/Mahlers-logo-ned-wordonly.png\",\"contentUrl\":\"https:\/\/mahlers.se\/wp-content\/uploads\/2021\/06\/Mahlers-logo-ned-wordonly.png\",\"width\":1026,\"height\":186,\"caption\":\"M\u00e4hlers\"},\"image\":{\"@id\":\"https:\/\/mahlers.se\/no\/#\/schema\/logo\/image\/\"}},{\"@type\":\"Person\",\"@id\":\"https:\/\/mahlers.se\/no\/#\/schema\/person\/ca71f2fd841442f766d749f2e3501c52\",\"name\":\"philip\",\"image\":{\"@type\":\"ImageObject\",\"inLanguage\":\"nb-NO\",\"@id\":\"https:\/\/secure.gravatar.com\/avatar\/04128fa8b7769f4f0e9aa677ed735657e5b92e403f2ae78b6051aad0b5d58efa?s=96&d=mm&r=g\",\"url\":\"https:\/\/secure.gravatar.com\/avatar\/04128fa8b7769f4f0e9aa677ed735657e5b92e403f2ae78b6051aad0b5d58efa?s=96&d=mm&r=g\",\"contentUrl\":\"https:\/\/secure.gravatar.com\/avatar\/04128fa8b7769f4f0e9aa677ed735657e5b92e403f2ae78b6051aad0b5d58efa?s=96&d=mm&r=g\",\"caption\":\"philip\"},\"url\":\"https:\/\/mahlers.se\/no\/author\/philip\/\"}]}<\/script>\n<!-- \/ Yoast SEO plugin. -->","yoast_head_json":{"title":"Sterkere enn noensinne \u2013 M\u00e4hlers feirer 125 \u00e5r med suksess - M\u00e4hlers","robots":{"index":"index","follow":"follow","max-snippet":"max-snippet:-1","max-image-preview":"max-image-preview:large","max-video-preview":"max-video-preview:-1"},"canonical":"https:\/\/mahlers.se\/no\/2020\/03\/09\/sterkere-enn-noensinne-mahlers-feirer-125-ar-med-suksess\/","og_locale":"nb_NO","og_type":"article","og_title":"Sterkere enn noensinne \u2013 M\u00e4hlers feirer 125 \u00e5r med suksess - M\u00e4hlers","og_description":"Sterkere enn noensinne \u2013 M\u00e4hlers feirer 125 \u00e5r med suksess I \u00e5r er det 125 \u00e5r siden Hans Oskar M\u00e4hler grunnla selskapet vi i dag kjenner som den markedsledende plogprodusenten M\u00e4hlers Selv om tidene har endret seg og gammel teknologi er erstattet av ny, st\u00e5r selskapet fortsatt \u00f8verst p\u00e5 tronen. Med historien i ryggen og [&hellip;]","og_url":"https:\/\/mahlers.se\/no\/2020\/03\/09\/sterkere-enn-noensinne-mahlers-feirer-125-ar-med-suksess\/","og_site_name":"M\u00e4hlers","article_published_time":"2020-03-09T11:00:18+00:00","article_modified_time":"2021-09-30T09:09:48+00:00","og_image":[{"url":"https:\/\/mahlers.se\/wp-content\/uploads\/2020\/03\/Ma\u0308hlers-fabrik-Rosso\u0308n-scaled.jpg","type":"","width":"","height":""}],"author":"philip","twitter_card":"summary_large_image","twitter_misc":{"Skrevet av":"philip","Ansl. lesetid":"4 minutter"},"schema":{"@context":"https:\/\/schema.org","@graph":[{"@type":"Article","@id":"https:\/\/mahlers.se\/no\/2020\/03\/09\/sterkere-enn-noensinne-mahlers-feirer-125-ar-med-suksess\/#article","isPartOf":{"@id":"https:\/\/mahlers.se\/no\/2020\/03\/09\/sterkere-enn-noensinne-mahlers-feirer-125-ar-med-suksess\/"},"author":{"name":"philip","@id":"https:\/\/mahlers.se\/no\/#\/schema\/person\/ca71f2fd841442f766d749f2e3501c52"},"headline":"Sterkere enn noensinne \u2013 M\u00e4hlers feirer 125 \u00e5r med suksess","datePublished":"2020-03-09T11:00:18+00:00","dateModified":"2021-09-30T09:09:48+00:00","mainEntityOfPage":{"@id":"https:\/\/mahlers.se\/no\/2020\/03\/09\/sterkere-enn-noensinne-mahlers-feirer-125-ar-med-suksess\/"},"wordCount":729,"publisher":{"@id":"https:\/\/mahlers.se\/no\/#organization"},"articleSection":["Uncategorized @no"],"inLanguage":"nb-NO"},{"@type":"WebPage","@id":"https:\/\/mahlers.se\/no\/2020\/03\/09\/sterkere-enn-noensinne-mahlers-feirer-125-ar-med-suksess\/","url":"https:\/\/mahlers.se\/no\/2020\/03\/09\/sterkere-enn-noensinne-mahlers-feirer-125-ar-med-suksess\/","name":"Sterkere enn noensinne \u2013 M\u00e4hlers feirer 125 \u00e5r med suksess - M\u00e4hlers","isPartOf":{"@id":"https:\/\/mahlers.se\/no\/#website"},"datePublished":"2020-03-09T11:00:18+00:00","dateModified":"2021-09-30T09:09:48+00:00","breadcrumb":{"@id":"https:\/\/mahlers.se\/no\/2020\/03\/09\/sterkere-enn-noensinne-mahlers-feirer-125-ar-med-suksess\/#breadcrumb"},"inLanguage":"nb-NO","potentialAction":[{"@type":"ReadAction","target":["https:\/\/mahlers.se\/no\/2020\/03\/09\/sterkere-enn-noensinne-mahlers-feirer-125-ar-med-suksess\/"]}]},{"@type":"BreadcrumbList","@id":"https:\/\/mahlers.se\/no\/2020\/03\/09\/sterkere-enn-noensinne-mahlers-feirer-125-ar-med-suksess\/#breadcrumb","itemListElement":[{"@type":"ListItem","position":1,"name":"Hem","item":"https:\/\/mahlers.se\/no\/"},{"@type":"ListItem","position":2,"name":"Sterkere enn noensinne \u2013 M\u00e4hlers feirer 125 \u00e5r med suksess"}]},{"@type":"WebSite","@id":"https:\/\/mahlers.se\/no\/#website","url":"https:\/\/mahlers.se\/no\/","name":"M\u00e4hlers","description":"F\u00f6r effektivare sn\u00f6r\u00f6jning och v\u00e4gunderh\u00e5ll","publisher":{"@id":"https:\/\/mahlers.se\/no\/#organization"},"potentialAction":[{"@type":"SearchAction","target":{"@type":"EntryPoint","urlTemplate":"https:\/\/mahlers.se\/no\/?s={search_term_string}"},"query-input":{"@type":"PropertyValueSpecification","valueRequired":true,"valueName":"search_term_string"}}],"inLanguage":"nb-NO"},{"@type":"Organization","@id":"https:\/\/mahlers.se\/no\/#organization","name":"M\u00e4hlers","url":"https:\/\/mahlers.se\/no\/","logo":{"@type":"ImageObject","inLanguage":"nb-NO","@id":"https:\/\/mahlers.se\/no\/#\/schema\/logo\/image\/","url":"https:\/\/mahlers.se\/wp-content\/uploads\/2021\/06\/Mahlers-logo-ned-wordonly.png","contentUrl":"https:\/\/mahlers.se\/wp-content\/uploads\/2021\/06\/Mahlers-logo-ned-wordonly.png","width":1026,"height":186,"caption":"M\u00e4hlers"},"image":{"@id":"https:\/\/mahlers.se\/no\/#\/schema\/logo\/image\/"}},{"@type":"Person","@id":"https:\/\/mahlers.se\/no\/#\/schema\/person\/ca71f2fd841442f766d749f2e3501c52","name":"philip","image":{"@type":"ImageObject","inLanguage":"nb-NO","@id":"https:\/\/secure.gravatar.com\/avatar\/04128fa8b7769f4f0e9aa677ed735657e5b92e403f2ae78b6051aad0b5d58efa?s=96&d=mm&r=g","url":"https:\/\/secure.gravatar.com\/avatar\/04128fa8b7769f4f0e9aa677ed735657e5b92e403f2ae78b6051aad0b5d58efa?s=96&d=mm&r=g","contentUrl":"https:\/\/secure.gravatar.com\/avatar\/04128fa8b7769f4f0e9aa677ed735657e5b92e403f2ae78b6051aad0b5d58efa?s=96&d=mm&r=g","caption":"philip"},"url":"https:\/\/mahlers.se\/no\/author\/philip\/"}]}},"_links":{"self":[{"href":"https:\/\/mahlers.se\/no\/wp-json\/wp\/v2\/posts\/3555","targetHints":{"allow":["GET"]}}],"collection":[{"href":"https:\/\/mahlers.se\/no\/wp-json\/wp\/v2\/posts"}],"about":[{"href":"https:\/\/mahlers.se\/no\/wp-json\/wp\/v2\/types\/post"}],"author":[{"embeddable":true,"href":"https:\/\/mahlers.se\/no\/wp-json\/wp\/v2\/users\/2"}],"replies":[{"embeddable":true,"href":"https:\/\/mahlers.se\/no\/wp-json\/wp\/v2\/comments?post=3555"}],"version-history":[{"count":1,"href":"https:\/\/mahlers.se\/no\/wp-json\/wp\/v2\/posts\/3555\/revisions"}],"predecessor-version":[{"id":3556,"href":"https:\/\/mahlers.se\/no\/wp-json\/wp\/v2\/posts\/3555\/revisions\/3556"}],"wp:attachment":[{"href":"https:\/\/mahlers.se\/no\/wp-json\/wp\/v2\/media?parent=3555"}],"wp:term":[{"taxonomy":"category","embeddable":true,"href":"https:\/\/mahlers.se\/no\/wp-json\/wp\/v2\/categories?post=3555"},{"taxonomy":"post_tag","embeddable":true,"href":"https:\/\/mahlers.se\/no\/wp-json\/wp\/v2\/tags?post=3555"}],"curies":[{"name":"wp","href":"https:\/\/api.w.org\/{rel}","templated":true}]}}