{"id":3553,"date":"2020-03-17T12:00:35","date_gmt":"2020-03-17T11:00:35","guid":{"rendered":"https:\/\/mahlers.a.vaia.cloud\/2020\/03\/17\/mahlers-avlyser-125-arsjubileumet\/"},"modified":"2021-09-30T11:07:51","modified_gmt":"2021-09-30T09:07:51","slug":"mahlers-avlyser-125-arsjubileumet","status":"publish","type":"post","link":"https:\/\/mahlers.se\/no\/2020\/03\/17\/mahlers-avlyser-125-arsjubileumet\/","title":{"rendered":"M\u00e4hlers avlyser 125-\u00e5rsjubileumet"},"content":{"rendered":"\t\t<div data-elementor-type=\"wp-post\" data-elementor-id=\"3553\" class=\"elementor elementor-3553 elementor-1420\" data-elementor-post-type=\"post\">\n\t\t\t\t\t\t<section class=\"elementor-section elementor-top-section elementor-element elementor-element-40542798 elementor-section-full_width elementor-section-height-default elementor-section-height-default\" data-id=\"40542798\" data-element_type=\"section\" data-e-type=\"section\">\n\t\t\t\t\t\t<div class=\"elementor-container elementor-column-gap-default\">\n\t\t\t\t\t<div class=\"elementor-column elementor-col-100 elementor-top-column elementor-element elementor-element-1797e7f\" data-id=\"1797e7f\" data-element_type=\"column\" data-e-type=\"column\">\n\t\t\t<div class=\"elementor-widget-wrap\">\n\t\t\t\t\t\t\t<\/div>\n\t\t<\/div>\n\t\t\t\t\t<\/div>\n\t\t<\/section>\n\t\t\t\t<section class=\"elementor-section elementor-top-section elementor-element elementor-element-651e6150 elementor-section-boxed elementor-section-height-default elementor-section-height-default\" data-id=\"651e6150\" data-element_type=\"section\" data-e-type=\"section\">\n\t\t\t\t\t\t<div class=\"elementor-container elementor-column-gap-default\">\n\t\t\t\t\t<div class=\"elementor-column elementor-col-100 elementor-top-column elementor-element elementor-element-105e56c3\" data-id=\"105e56c3\" data-element_type=\"column\" data-e-type=\"column\">\n\t\t\t<div class=\"elementor-widget-wrap elementor-element-populated\">\n\t\t\t\t\t\t<div class=\"elementor-element elementor-element-613aa176 elementor-widget elementor-widget-spacer\" data-id=\"613aa176\" data-element_type=\"widget\" data-e-type=\"widget\" data-widget_type=\"spacer.default\">\n\t\t\t\t<div class=\"elementor-widget-container\">\n\t\t\t\t\t\t\t<div class=\"elementor-spacer\">\n\t\t\t<div class=\"elementor-spacer-inner\"><\/div>\n\t\t<\/div>\n\t\t\t\t\t\t<\/div>\n\t\t\t\t<\/div>\n\t\t\t\t\t<\/div>\n\t\t<\/div>\n\t\t\t\t\t<\/div>\n\t\t<\/section>\n\t\t\t\t<section class=\"elementor-section elementor-top-section elementor-element elementor-element-2c8ac0f9 elementor-section-boxed elementor-section-height-default elementor-section-height-default\" data-id=\"2c8ac0f9\" data-element_type=\"section\" data-e-type=\"section\">\n\t\t\t\t\t\t<div class=\"elementor-container elementor-column-gap-default\">\n\t\t\t\t\t<div class=\"elementor-column elementor-col-100 elementor-top-column elementor-element elementor-element-5ba20819\" data-id=\"5ba20819\" data-element_type=\"column\" data-e-type=\"column\">\n\t\t\t<div class=\"elementor-widget-wrap elementor-element-populated\">\n\t\t\t\t\t\t<div class=\"elementor-element elementor-element-353f48a7 elementor-widget elementor-widget-heading\" data-id=\"353f48a7\" data-element_type=\"widget\" data-e-type=\"widget\" data-widget_type=\"heading.default\">\n\t\t\t\t<div class=\"elementor-widget-container\">\n\t\t\t\t\t<h1 class=\"elementor-heading-title elementor-size-default\">M\u00e4hlers avlyser 125-\u00e5rsjubileumet<\/h1>\t\t\t\t<\/div>\n\t\t\t\t<\/div>\n\t\t\t\t\t<\/div>\n\t\t<\/div>\n\t\t\t\t\t<\/div>\n\t\t<\/section>\n\t\t\t\t<section class=\"elementor-section elementor-top-section elementor-element elementor-element-7fe9ca15 elementor-section-boxed elementor-section-height-default elementor-section-height-default\" data-id=\"7fe9ca15\" data-element_type=\"section\" data-e-type=\"section\">\n\t\t\t\t\t\t<div class=\"elementor-container elementor-column-gap-default\">\n\t\t\t\t\t<div class=\"elementor-column elementor-col-50 elementor-top-column elementor-element elementor-element-6a614d2e\" data-id=\"6a614d2e\" data-element_type=\"column\" data-e-type=\"column\">\n\t\t\t<div class=\"elementor-widget-wrap elementor-element-populated\">\n\t\t\t\t\t\t<div class=\"elementor-element elementor-element-1758c194 elementor-widget elementor-widget-text-editor\" data-id=\"1758c194\" data-element_type=\"widget\" data-e-type=\"widget\" data-widget_type=\"text-editor.default\">\n\t\t\t\t<div class=\"elementor-widget-container\">\n\t\t\t\t\t\t\t\t\t<p><strong>Den markedsledende plogprodusenten M\u00e4hlers ble grunnlagt i 1895 og skulle ha feiret 125-\u00e5rsjubileum med pomp og prakt ved fabrikken og hovedkontoret i Ross\u00f6n den 20. mars. Med tanke p\u00e5 spredningen av det smittsomme koronaviruset den senere tid, har selskapet n\u00e5, i samr\u00e5d med festarrang\u00f8rene, besluttet \u00e5 avlyse feiringen.<\/strong><\/p>\n<p>M\u00e4hlers hadde alt klart til feiringen av 125-\u00e5rsjubileet den 20. mars, men i samr\u00e5d med leverand\u00f8rene til festen og for \u00e5 respektere bekymringene for eventuell smittespredning, velger selskapet n\u00e5 \u00e5 avlyse feiringen.<\/p>\n<p>\u2013 Selv om vi ikke ville ha overskredet grensen p\u00e5 500 personer, bestemte vi oss for \u00e5 avlyse feiringen i samr\u00e5d med noen av de st\u00f8rre leverand\u00f8rene til arrangementet. Vi vil dessuten vise hensyn til alle som er bekymret for eventuell smittespredning, sier Ingemar Nyberg, adm. dir. i M\u00e4hlers.<\/p>\n\t\t\t\t\t\t\t\t<\/div>\n\t\t\t\t<\/div>\n\t\t\t\t\t<\/div>\n\t\t<\/div>\n\t\t\t\t<div class=\"elementor-column elementor-col-50 elementor-top-column elementor-element elementor-element-49cecefc\" data-id=\"49cecefc\" data-element_type=\"column\" data-e-type=\"column\">\n\t\t\t<div class=\"elementor-widget-wrap elementor-element-populated\">\n\t\t\t\t\t\t<div class=\"elementor-element elementor-element-5b4eb58 elementor-widget elementor-widget-image\" data-id=\"5b4eb58\" data-element_type=\"widget\" data-e-type=\"widget\" data-widget_type=\"image.default\">\n\t\t\t\t<div class=\"elementor-widget-container\">\n\t\t\t\t\t\t\t\t\t\t\t\t\t\t\t<img fetchpriority=\"high\" decoding=\"async\" width=\"800\" height=\"533\" src=\"https:\/\/mahlers.se\/wp-content\/uploads\/2020\/03\/Ma\u0308hlers-logo-neg_white_on_red-1024x682.jpg\" class=\"attachment-large size-large wp-image-1425\" alt=\"\" srcset=\"https:\/\/mahlers.se\/wp-content\/uploads\/2020\/03\/Ma\u0308hlers-logo-neg_white_on_red-1024x682.jpg 1024w, https:\/\/mahlers.se\/wp-content\/uploads\/2020\/03\/Ma\u0308hlers-logo-neg_white_on_red-300x200.jpg 300w, https:\/\/mahlers.se\/wp-content\/uploads\/2020\/03\/Ma\u0308hlers-logo-neg_white_on_red-768x512.jpg 768w, https:\/\/mahlers.se\/wp-content\/uploads\/2020\/03\/Ma\u0308hlers-logo-neg_white_on_red-1536x1024.jpg 1536w, https:\/\/mahlers.se\/wp-content\/uploads\/2020\/03\/Ma\u0308hlers-logo-neg_white_on_red.jpg 2000w\" sizes=\"(max-width: 800px) 100vw, 800px\" \/>\t\t\t\t\t\t\t\t\t\t\t\t\t\t\t<\/div>\n\t\t\t\t<\/div>\n\t\t\t\t\t<\/div>\n\t\t<\/div>\n\t\t\t\t\t<\/div>\n\t\t<\/section>\n\t\t\t\t<section class=\"elementor-section elementor-top-section elementor-element elementor-element-d62506e elementor-section-boxed elementor-section-height-default elementor-section-height-default\" data-id=\"d62506e\" data-element_type=\"section\" data-e-type=\"section\">\n\t\t\t\t\t\t<div class=\"elementor-container elementor-column-gap-default\">\n\t\t\t\t\t<div class=\"elementor-column elementor-col-50 elementor-top-column elementor-element elementor-element-520f01a1\" data-id=\"520f01a1\" data-element_type=\"column\" data-e-type=\"column\">\n\t\t\t<div class=\"elementor-widget-wrap elementor-element-populated\">\n\t\t\t\t\t\t<div class=\"elementor-element elementor-element-21ee98dd elementor-widget elementor-widget-text-editor\" data-id=\"21ee98dd\" data-element_type=\"widget\" data-e-type=\"widget\" data-widget_type=\"text-editor.default\">\n\t\t\t\t<div class=\"elementor-widget-container\">\n\t\t\t\t\t\t\t\t\t<p>En annen medvirkende \u00e5rsak er if\u00f8lge Ingemar Nyberg at Norge stenger grensene og at det skulle komme b\u00e5de medarbeidere og kunder herfra.<\/p>\n<p>\u2013 Vi vil selvsagt at de norske kollegaene og kundene skal v\u00e6re med og feire denne milep\u00e6len, og n\u00e5r vi tok alt i betraktning, var det egentlig et enkelt valg.<\/p>\n<p>Ingemar Nyberg benytter ogs\u00e5 anledningen til \u00e5 takke alle leverand\u00f8rene som b\u00e5de har v\u00e6rt med p\u00e5 beslutningen og som p\u00e5 kort varsel stopper leveransene til arrangementet.<\/p>\n<p>\u2013 Stort sett alle leverand\u00f8rene har stoppet leveransene uten ekstra kostnader. Det er helt fantastisk at de viser en slik forst\u00e5else. Vi h\u00e5per \u00e5 kunne arrangere festen p\u00e5 et senere tidspunkt, og da kommer vi i s\u00e5 fall tilbake med en ny invitasjon, sier Ingemar Nyberg.<\/p>\n\t\t\t\t\t\t\t\t<\/div>\n\t\t\t\t<\/div>\n\t\t\t\t\t<\/div>\n\t\t<\/div>\n\t\t\t\t<div class=\"elementor-column elementor-col-50 elementor-top-column elementor-element elementor-element-15fde044\" data-id=\"15fde044\" data-element_type=\"column\" data-e-type=\"column\">\n\t\t\t<div class=\"elementor-widget-wrap\">\n\t\t\t\t\t\t\t<\/div>\n\t\t<\/div>\n\t\t\t\t\t<\/div>\n\t\t<\/section>\n\t\t\t\t<section class=\"elementor-section elementor-top-section elementor-element elementor-element-6ea381e8 elementor-section-boxed elementor-section-height-default elementor-section-height-default\" data-id=\"6ea381e8\" data-element_type=\"section\" data-e-type=\"section\">\n\t\t\t\t\t\t<div class=\"elementor-container elementor-column-gap-default\">\n\t\t\t\t\t<div class=\"elementor-column elementor-col-100 elementor-top-column elementor-element elementor-element-256c9bc0\" data-id=\"256c9bc0\" data-element_type=\"column\" data-e-type=\"column\">\n\t\t\t<div class=\"elementor-widget-wrap elementor-element-populated\">\n\t\t\t\t\t\t<div class=\"elementor-element elementor-element-57b5c47d elementor-widget elementor-widget-spacer\" data-id=\"57b5c47d\" data-element_type=\"widget\" data-e-type=\"widget\" data-widget_type=\"spacer.default\">\n\t\t\t\t<div class=\"elementor-widget-container\">\n\t\t\t\t\t\t\t<div class=\"elementor-spacer\">\n\t\t\t<div class=\"elementor-spacer-inner\"><\/div>\n\t\t<\/div>\n\t\t\t\t\t\t<\/div>\n\t\t\t\t<\/div>\n\t\t\t\t\t<\/div>\n\t\t<\/div>\n\t\t\t\t\t<\/div>\n\t\t<\/section>\n\t\t\t\t<\/div>\n\t\t","protected":false},"excerpt":{"rendered":"<p>M\u00e4hlers avlyser 125-\u00e5rsjubileumet Den markedsledende plogprodusenten M\u00e4hlers ble grunnlagt i 1895 og skulle ha feiret 125-\u00e5rsjubileum med pomp og prakt ved fabrikken og hovedkontoret i Ross\u00f6n den 20. mars. Med tanke p\u00e5 spredningen av det smittsomme koronaviruset den senere tid, har selskapet n\u00e5, i samr\u00e5d med festarrang\u00f8rene, besluttet \u00e5 avlyse feiringen. M\u00e4hlers hadde alt klart [&hellip;]<\/p>\n","protected":false},"author":2,"featured_media":0,"comment_status":"closed","ping_status":"open","sticky":false,"template":"","format":"standard","meta":{"_acf_changed":false,"footnotes":""},"categories":[23],"tags":[],"class_list":["post-3553","post","type-post","status-publish","format-standard","hentry","category-uncategorized-no"],"acf":[],"yoast_head":"<!-- This site is optimized with the Yoast SEO plugin v27.2 - https:\/\/yoast.com\/product\/yoast-seo-wordpress\/ -->\n<title>M\u00e4hlers avlyser 125-\u00e5rsjubileumet - M\u00e4hlers<\/title>\n<meta name=\"robots\" content=\"index, follow, max-snippet:-1, max-image-preview:large, max-video-preview:-1\" \/>\n<link rel=\"canonical\" href=\"https:\/\/mahlers.se\/no\/2020\/03\/17\/mahlers-avlyser-125-arsjubileumet\/\" \/>\n<meta property=\"og:locale\" content=\"nb_NO\" \/>\n<meta property=\"og:type\" content=\"article\" \/>\n<meta property=\"og:title\" content=\"M\u00e4hlers avlyser 125-\u00e5rsjubileumet - M\u00e4hlers\" \/>\n<meta property=\"og:description\" content=\"M\u00e4hlers avlyser 125-\u00e5rsjubileumet Den markedsledende plogprodusenten M\u00e4hlers ble grunnlagt i 1895 og skulle ha feiret 125-\u00e5rsjubileum med pomp og prakt ved fabrikken og hovedkontoret i Ross\u00f6n den 20. mars. Med tanke p\u00e5 spredningen av det smittsomme koronaviruset den senere tid, har selskapet n\u00e5, i samr\u00e5d med festarrang\u00f8rene, besluttet \u00e5 avlyse feiringen. M\u00e4hlers hadde alt klart [&hellip;]\" \/>\n<meta property=\"og:url\" content=\"https:\/\/mahlers.se\/no\/2020\/03\/17\/mahlers-avlyser-125-arsjubileumet\/\" \/>\n<meta property=\"og:site_name\" content=\"M\u00e4hlers\" \/>\n<meta property=\"article:published_time\" content=\"2020-03-17T11:00:35+00:00\" \/>\n<meta property=\"article:modified_time\" content=\"2021-09-30T09:07:51+00:00\" \/>\n<meta property=\"og:image\" content=\"https:\/\/mahlers.se\/wp-content\/uploads\/2020\/03\/Ma\u0308hlers-logo-neg_white_on_red-1024x682.jpg\" \/>\n<meta name=\"author\" content=\"philip\" \/>\n<meta name=\"twitter:card\" content=\"summary_large_image\" \/>\n<meta name=\"twitter:label1\" content=\"Skrevet av\" \/>\n\t<meta name=\"twitter:data1\" content=\"philip\" \/>\n\t<meta name=\"twitter:label2\" content=\"Ansl. lesetid\" \/>\n\t<meta name=\"twitter:data2\" content=\"1 minutt\" \/>\n<script type=\"application\/ld+json\" class=\"yoast-schema-graph\">{\"@context\":\"https:\/\/schema.org\",\"@graph\":[{\"@type\":\"Article\",\"@id\":\"https:\/\/mahlers.se\/no\/2020\/03\/17\/mahlers-avlyser-125-arsjubileumet\/#article\",\"isPartOf\":{\"@id\":\"https:\/\/mahlers.se\/no\/2020\/03\/17\/mahlers-avlyser-125-arsjubileumet\/\"},\"author\":{\"name\":\"philip\",\"@id\":\"https:\/\/mahlers.se\/no\/#\/schema\/person\/ca71f2fd841442f766d749f2e3501c52\"},\"headline\":\"M\u00e4hlers avlyser 125-\u00e5rsjubileumet\",\"datePublished\":\"2020-03-17T11:00:35+00:00\",\"dateModified\":\"2021-09-30T09:07:51+00:00\",\"mainEntityOfPage\":{\"@id\":\"https:\/\/mahlers.se\/no\/2020\/03\/17\/mahlers-avlyser-125-arsjubileumet\/\"},\"wordCount\":274,\"publisher\":{\"@id\":\"https:\/\/mahlers.se\/no\/#organization\"},\"articleSection\":[\"Uncategorized @no\"],\"inLanguage\":\"nb-NO\"},{\"@type\":\"WebPage\",\"@id\":\"https:\/\/mahlers.se\/no\/2020\/03\/17\/mahlers-avlyser-125-arsjubileumet\/\",\"url\":\"https:\/\/mahlers.se\/no\/2020\/03\/17\/mahlers-avlyser-125-arsjubileumet\/\",\"name\":\"M\u00e4hlers avlyser 125-\u00e5rsjubileumet - M\u00e4hlers\",\"isPartOf\":{\"@id\":\"https:\/\/mahlers.se\/no\/#website\"},\"datePublished\":\"2020-03-17T11:00:35+00:00\",\"dateModified\":\"2021-09-30T09:07:51+00:00\",\"breadcrumb\":{\"@id\":\"https:\/\/mahlers.se\/no\/2020\/03\/17\/mahlers-avlyser-125-arsjubileumet\/#breadcrumb\"},\"inLanguage\":\"nb-NO\",\"potentialAction\":[{\"@type\":\"ReadAction\",\"target\":[\"https:\/\/mahlers.se\/no\/2020\/03\/17\/mahlers-avlyser-125-arsjubileumet\/\"]}]},{\"@type\":\"BreadcrumbList\",\"@id\":\"https:\/\/mahlers.se\/no\/2020\/03\/17\/mahlers-avlyser-125-arsjubileumet\/#breadcrumb\",\"itemListElement\":[{\"@type\":\"ListItem\",\"position\":1,\"name\":\"Hem\",\"item\":\"https:\/\/mahlers.se\/no\/\"},{\"@type\":\"ListItem\",\"position\":2,\"name\":\"M\u00e4hlers avlyser 125-\u00e5rsjubileumet\"}]},{\"@type\":\"WebSite\",\"@id\":\"https:\/\/mahlers.se\/no\/#website\",\"url\":\"https:\/\/mahlers.se\/no\/\",\"name\":\"M\u00e4hlers\",\"description\":\"F\u00f6r effektivare sn\u00f6r\u00f6jning och v\u00e4gunderh\u00e5ll\",\"publisher\":{\"@id\":\"https:\/\/mahlers.se\/no\/#organization\"},\"potentialAction\":[{\"@type\":\"SearchAction\",\"target\":{\"@type\":\"EntryPoint\",\"urlTemplate\":\"https:\/\/mahlers.se\/no\/?s={search_term_string}\"},\"query-input\":{\"@type\":\"PropertyValueSpecification\",\"valueRequired\":true,\"valueName\":\"search_term_string\"}}],\"inLanguage\":\"nb-NO\"},{\"@type\":\"Organization\",\"@id\":\"https:\/\/mahlers.se\/no\/#organization\",\"name\":\"M\u00e4hlers\",\"url\":\"https:\/\/mahlers.se\/no\/\",\"logo\":{\"@type\":\"ImageObject\",\"inLanguage\":\"nb-NO\",\"@id\":\"https:\/\/mahlers.se\/no\/#\/schema\/logo\/image\/\",\"url\":\"https:\/\/mahlers.se\/wp-content\/uploads\/2021\/06\/Mahlers-logo-ned-wordonly.png\",\"contentUrl\":\"https:\/\/mahlers.se\/wp-content\/uploads\/2021\/06\/Mahlers-logo-ned-wordonly.png\",\"width\":1026,\"height\":186,\"caption\":\"M\u00e4hlers\"},\"image\":{\"@id\":\"https:\/\/mahlers.se\/no\/#\/schema\/logo\/image\/\"}},{\"@type\":\"Person\",\"@id\":\"https:\/\/mahlers.se\/no\/#\/schema\/person\/ca71f2fd841442f766d749f2e3501c52\",\"name\":\"philip\",\"image\":{\"@type\":\"ImageObject\",\"inLanguage\":\"nb-NO\",\"@id\":\"https:\/\/secure.gravatar.com\/avatar\/04128fa8b7769f4f0e9aa677ed735657e5b92e403f2ae78b6051aad0b5d58efa?s=96&d=mm&r=g\",\"url\":\"https:\/\/secure.gravatar.com\/avatar\/04128fa8b7769f4f0e9aa677ed735657e5b92e403f2ae78b6051aad0b5d58efa?s=96&d=mm&r=g\",\"contentUrl\":\"https:\/\/secure.gravatar.com\/avatar\/04128fa8b7769f4f0e9aa677ed735657e5b92e403f2ae78b6051aad0b5d58efa?s=96&d=mm&r=g\",\"caption\":\"philip\"},\"url\":\"https:\/\/mahlers.se\/no\/author\/philip\/\"}]}<\/script>\n<!-- \/ Yoast SEO plugin. -->","yoast_head_json":{"title":"M\u00e4hlers avlyser 125-\u00e5rsjubileumet - M\u00e4hlers","robots":{"index":"index","follow":"follow","max-snippet":"max-snippet:-1","max-image-preview":"max-image-preview:large","max-video-preview":"max-video-preview:-1"},"canonical":"https:\/\/mahlers.se\/no\/2020\/03\/17\/mahlers-avlyser-125-arsjubileumet\/","og_locale":"nb_NO","og_type":"article","og_title":"M\u00e4hlers avlyser 125-\u00e5rsjubileumet - M\u00e4hlers","og_description":"M\u00e4hlers avlyser 125-\u00e5rsjubileumet Den markedsledende plogprodusenten M\u00e4hlers ble grunnlagt i 1895 og skulle ha feiret 125-\u00e5rsjubileum med pomp og prakt ved fabrikken og hovedkontoret i Ross\u00f6n den 20. mars. Med tanke p\u00e5 spredningen av det smittsomme koronaviruset den senere tid, har selskapet n\u00e5, i samr\u00e5d med festarrang\u00f8rene, besluttet \u00e5 avlyse feiringen. M\u00e4hlers hadde alt klart [&hellip;]","og_url":"https:\/\/mahlers.se\/no\/2020\/03\/17\/mahlers-avlyser-125-arsjubileumet\/","og_site_name":"M\u00e4hlers","article_published_time":"2020-03-17T11:00:35+00:00","article_modified_time":"2021-09-30T09:07:51+00:00","og_image":[{"url":"https:\/\/mahlers.se\/wp-content\/uploads\/2020\/03\/Ma\u0308hlers-logo-neg_white_on_red-1024x682.jpg","type":"","width":"","height":""}],"author":"philip","twitter_card":"summary_large_image","twitter_misc":{"Skrevet av":"philip","Ansl. lesetid":"1 minutt"},"schema":{"@context":"https:\/\/schema.org","@graph":[{"@type":"Article","@id":"https:\/\/mahlers.se\/no\/2020\/03\/17\/mahlers-avlyser-125-arsjubileumet\/#article","isPartOf":{"@id":"https:\/\/mahlers.se\/no\/2020\/03\/17\/mahlers-avlyser-125-arsjubileumet\/"},"author":{"name":"philip","@id":"https:\/\/mahlers.se\/no\/#\/schema\/person\/ca71f2fd841442f766d749f2e3501c52"},"headline":"M\u00e4hlers avlyser 125-\u00e5rsjubileumet","datePublished":"2020-03-17T11:00:35+00:00","dateModified":"2021-09-30T09:07:51+00:00","mainEntityOfPage":{"@id":"https:\/\/mahlers.se\/no\/2020\/03\/17\/mahlers-avlyser-125-arsjubileumet\/"},"wordCount":274,"publisher":{"@id":"https:\/\/mahlers.se\/no\/#organization"},"articleSection":["Uncategorized @no"],"inLanguage":"nb-NO"},{"@type":"WebPage","@id":"https:\/\/mahlers.se\/no\/2020\/03\/17\/mahlers-avlyser-125-arsjubileumet\/","url":"https:\/\/mahlers.se\/no\/2020\/03\/17\/mahlers-avlyser-125-arsjubileumet\/","name":"M\u00e4hlers avlyser 125-\u00e5rsjubileumet - M\u00e4hlers","isPartOf":{"@id":"https:\/\/mahlers.se\/no\/#website"},"datePublished":"2020-03-17T11:00:35+00:00","dateModified":"2021-09-30T09:07:51+00:00","breadcrumb":{"@id":"https:\/\/mahlers.se\/no\/2020\/03\/17\/mahlers-avlyser-125-arsjubileumet\/#breadcrumb"},"inLanguage":"nb-NO","potentialAction":[{"@type":"ReadAction","target":["https:\/\/mahlers.se\/no\/2020\/03\/17\/mahlers-avlyser-125-arsjubileumet\/"]}]},{"@type":"BreadcrumbList","@id":"https:\/\/mahlers.se\/no\/2020\/03\/17\/mahlers-avlyser-125-arsjubileumet\/#breadcrumb","itemListElement":[{"@type":"ListItem","position":1,"name":"Hem","item":"https:\/\/mahlers.se\/no\/"},{"@type":"ListItem","position":2,"name":"M\u00e4hlers avlyser 125-\u00e5rsjubileumet"}]},{"@type":"WebSite","@id":"https:\/\/mahlers.se\/no\/#website","url":"https:\/\/mahlers.se\/no\/","name":"M\u00e4hlers","description":"F\u00f6r effektivare sn\u00f6r\u00f6jning och v\u00e4gunderh\u00e5ll","publisher":{"@id":"https:\/\/mahlers.se\/no\/#organization"},"potentialAction":[{"@type":"SearchAction","target":{"@type":"EntryPoint","urlTemplate":"https:\/\/mahlers.se\/no\/?s={search_term_string}"},"query-input":{"@type":"PropertyValueSpecification","valueRequired":true,"valueName":"search_term_string"}}],"inLanguage":"nb-NO"},{"@type":"Organization","@id":"https:\/\/mahlers.se\/no\/#organization","name":"M\u00e4hlers","url":"https:\/\/mahlers.se\/no\/","logo":{"@type":"ImageObject","inLanguage":"nb-NO","@id":"https:\/\/mahlers.se\/no\/#\/schema\/logo\/image\/","url":"https:\/\/mahlers.se\/wp-content\/uploads\/2021\/06\/Mahlers-logo-ned-wordonly.png","contentUrl":"https:\/\/mahlers.se\/wp-content\/uploads\/2021\/06\/Mahlers-logo-ned-wordonly.png","width":1026,"height":186,"caption":"M\u00e4hlers"},"image":{"@id":"https:\/\/mahlers.se\/no\/#\/schema\/logo\/image\/"}},{"@type":"Person","@id":"https:\/\/mahlers.se\/no\/#\/schema\/person\/ca71f2fd841442f766d749f2e3501c52","name":"philip","image":{"@type":"ImageObject","inLanguage":"nb-NO","@id":"https:\/\/secure.gravatar.com\/avatar\/04128fa8b7769f4f0e9aa677ed735657e5b92e403f2ae78b6051aad0b5d58efa?s=96&d=mm&r=g","url":"https:\/\/secure.gravatar.com\/avatar\/04128fa8b7769f4f0e9aa677ed735657e5b92e403f2ae78b6051aad0b5d58efa?s=96&d=mm&r=g","contentUrl":"https:\/\/secure.gravatar.com\/avatar\/04128fa8b7769f4f0e9aa677ed735657e5b92e403f2ae78b6051aad0b5d58efa?s=96&d=mm&r=g","caption":"philip"},"url":"https:\/\/mahlers.se\/no\/author\/philip\/"}]}},"_links":{"self":[{"href":"https:\/\/mahlers.se\/no\/wp-json\/wp\/v2\/posts\/3553","targetHints":{"allow":["GET"]}}],"collection":[{"href":"https:\/\/mahlers.se\/no\/wp-json\/wp\/v2\/posts"}],"about":[{"href":"https:\/\/mahlers.se\/no\/wp-json\/wp\/v2\/types\/post"}],"author":[{"embeddable":true,"href":"https:\/\/mahlers.se\/no\/wp-json\/wp\/v2\/users\/2"}],"replies":[{"embeddable":true,"href":"https:\/\/mahlers.se\/no\/wp-json\/wp\/v2\/comments?post=3553"}],"version-history":[{"count":1,"href":"https:\/\/mahlers.se\/no\/wp-json\/wp\/v2\/posts\/3553\/revisions"}],"predecessor-version":[{"id":3554,"href":"https:\/\/mahlers.se\/no\/wp-json\/wp\/v2\/posts\/3553\/revisions\/3554"}],"wp:attachment":[{"href":"https:\/\/mahlers.se\/no\/wp-json\/wp\/v2\/media?parent=3553"}],"wp:term":[{"taxonomy":"category","embeddable":true,"href":"https:\/\/mahlers.se\/no\/wp-json\/wp\/v2\/categories?post=3553"},{"taxonomy":"post_tag","embeddable":true,"href":"https:\/\/mahlers.se\/no\/wp-json\/wp\/v2\/tags?post=3553"}],"curies":[{"name":"wp","href":"https:\/\/api.w.org\/{rel}","templated":true}]}}