{"id":3535,"date":"2020-10-29T12:00:23","date_gmt":"2020-10-29T11:00:23","guid":{"rendered":"https:\/\/mahlers.a.vaia.cloud\/2020\/10\/29\/mahlers-utstyrer-sveriges-forste-komatsu-veihovel\/"},"modified":"2021-09-30T10:46:51","modified_gmt":"2021-09-30T08:46:51","slug":"mahlers-utstyrer-sveriges-forste-komatsu-veihovel","status":"publish","type":"post","link":"https:\/\/mahlers.se\/no\/2020\/10\/29\/mahlers-utstyrer-sveriges-forste-komatsu-veihovel\/","title":{"rendered":"M\u00e4hlers utstyrer Sveriges f\u00f8rste Komatsu-veih\u00f8vel"},"content":{"rendered":"\t\t<div data-elementor-type=\"wp-post\" data-elementor-id=\"3535\" class=\"elementor elementor-3535 elementor-1462\" data-elementor-post-type=\"post\">\n\t\t\t\t\t\t<section class=\"elementor-section elementor-top-section elementor-element elementor-element-921a9d2 elementor-section-full_width elementor-section-height-default elementor-section-height-default\" data-id=\"921a9d2\" data-element_type=\"section\" data-e-type=\"section\">\n\t\t\t\t\t\t<div class=\"elementor-container elementor-column-gap-default\">\n\t\t\t\t\t<div class=\"elementor-column elementor-col-100 elementor-top-column elementor-element elementor-element-bfb9319\" data-id=\"bfb9319\" data-element_type=\"column\" data-e-type=\"column\">\n\t\t\t<div class=\"elementor-widget-wrap\">\n\t\t\t\t\t\t\t<\/div>\n\t\t<\/div>\n\t\t\t\t\t<\/div>\n\t\t<\/section>\n\t\t\t\t<section class=\"elementor-section elementor-top-section elementor-element elementor-element-1f2a615 elementor-section-boxed elementor-section-height-default elementor-section-height-default\" data-id=\"1f2a615\" data-element_type=\"section\" data-e-type=\"section\">\n\t\t\t\t\t\t<div class=\"elementor-container elementor-column-gap-default\">\n\t\t\t\t\t<div class=\"elementor-column elementor-col-100 elementor-top-column elementor-element elementor-element-eab0435\" data-id=\"eab0435\" data-element_type=\"column\" data-e-type=\"column\">\n\t\t\t<div class=\"elementor-widget-wrap elementor-element-populated\">\n\t\t\t\t\t\t<div class=\"elementor-element elementor-element-9c8ee0d elementor-widget elementor-widget-spacer\" data-id=\"9c8ee0d\" data-element_type=\"widget\" data-e-type=\"widget\" data-widget_type=\"spacer.default\">\n\t\t\t\t<div class=\"elementor-widget-container\">\n\t\t\t\t\t\t\t<div class=\"elementor-spacer\">\n\t\t\t<div class=\"elementor-spacer-inner\"><\/div>\n\t\t<\/div>\n\t\t\t\t\t\t<\/div>\n\t\t\t\t<\/div>\n\t\t\t\t\t<\/div>\n\t\t<\/div>\n\t\t\t\t\t<\/div>\n\t\t<\/section>\n\t\t\t\t<section class=\"elementor-section elementor-top-section elementor-element elementor-element-5e19056d elementor-section-boxed elementor-section-height-default elementor-section-height-default\" data-id=\"5e19056d\" data-element_type=\"section\" data-e-type=\"section\">\n\t\t\t\t\t\t<div class=\"elementor-container elementor-column-gap-default\">\n\t\t\t\t\t<div class=\"elementor-column elementor-col-100 elementor-top-column elementor-element elementor-element-57176a75\" data-id=\"57176a75\" data-element_type=\"column\" data-e-type=\"column\">\n\t\t\t<div class=\"elementor-widget-wrap elementor-element-populated\">\n\t\t\t\t\t\t<div class=\"elementor-element elementor-element-62650b9 elementor-widget elementor-widget-image\" data-id=\"62650b9\" data-element_type=\"widget\" data-e-type=\"widget\" data-widget_type=\"image.default\">\n\t\t\t\t<div class=\"elementor-widget-container\">\n\t\t\t\t\t\t\t\t\t\t\t\t\t\t\t<img fetchpriority=\"high\" decoding=\"async\" width=\"1536\" height=\"1024\" src=\"https:\/\/mahlers.se\/wp-content\/uploads\/2020\/10\/DSC03418_low-1536x1024.jpg\" class=\"attachment-1536x1536 size-1536x1536 wp-image-1467\" alt=\"\" srcset=\"https:\/\/mahlers.se\/wp-content\/uploads\/2020\/10\/DSC03418_low-1536x1024.jpg 1536w, https:\/\/mahlers.se\/wp-content\/uploads\/2020\/10\/DSC03418_low-300x200.jpg 300w, https:\/\/mahlers.se\/wp-content\/uploads\/2020\/10\/DSC03418_low-1024x683.jpg 1024w, https:\/\/mahlers.se\/wp-content\/uploads\/2020\/10\/DSC03418_low-768x512.jpg 768w, https:\/\/mahlers.se\/wp-content\/uploads\/2020\/10\/DSC03418_low-2048x1365.jpg 2048w, https:\/\/mahlers.se\/wp-content\/uploads\/2020\/10\/DSC03418_low-2000x1333.jpg 2000w\" sizes=\"(max-width: 1536px) 100vw, 1536px\" \/>\t\t\t\t\t\t\t\t\t\t\t\t\t\t\t<\/div>\n\t\t\t\t<\/div>\n\t\t\t\t\t<\/div>\n\t\t<\/div>\n\t\t\t\t\t<\/div>\n\t\t<\/section>\n\t\t\t\t<section class=\"elementor-section elementor-top-section elementor-element elementor-element-56166914 elementor-section-boxed elementor-section-height-default elementor-section-height-default\" data-id=\"56166914\" data-element_type=\"section\" data-e-type=\"section\">\n\t\t\t\t\t\t<div class=\"elementor-container elementor-column-gap-default\">\n\t\t\t\t\t<div class=\"elementor-column elementor-col-100 elementor-top-column elementor-element elementor-element-5f243ae8\" data-id=\"5f243ae8\" data-element_type=\"column\" data-e-type=\"column\">\n\t\t\t<div class=\"elementor-widget-wrap elementor-element-populated\">\n\t\t\t\t\t\t<div class=\"elementor-element elementor-element-5fa5989a elementor-widget elementor-widget-heading\" data-id=\"5fa5989a\" data-element_type=\"widget\" data-e-type=\"widget\" data-widget_type=\"heading.default\">\n\t\t\t\t<div class=\"elementor-widget-container\">\n\t\t\t\t\t<h1 class=\"elementor-heading-title elementor-size-default\">M\u00e4hlers utstyrer Sveriges f\u00f8rste Komatsu-veih\u00f8vel<\/h1>\t\t\t\t<\/div>\n\t\t\t\t<\/div>\n\t\t\t\t\t<\/div>\n\t\t<\/div>\n\t\t\t\t\t<\/div>\n\t\t<\/section>\n\t\t\t\t<section class=\"elementor-section elementor-top-section elementor-element elementor-element-2479c1c2 elementor-section-boxed elementor-section-height-default elementor-section-height-default\" data-id=\"2479c1c2\" data-element_type=\"section\" data-e-type=\"section\">\n\t\t\t\t\t\t<div class=\"elementor-container elementor-column-gap-default\">\n\t\t\t\t\t<div class=\"elementor-column elementor-col-50 elementor-top-column elementor-element elementor-element-363e2d30\" data-id=\"363e2d30\" data-element_type=\"column\" data-e-type=\"column\">\n\t\t\t<div class=\"elementor-widget-wrap elementor-element-populated\">\n\t\t\t\t\t\t<div class=\"elementor-element elementor-element-1c946510 elementor-widget elementor-widget-text-editor\" data-id=\"1c946510\" data-element_type=\"widget\" data-e-type=\"widget\" data-widget_type=\"text-editor.default\">\n\t\t\t\t<div class=\"elementor-widget-container\">\n\t\t\t\t\t\t\t\t\t<p><strong>\u2013 unik l\u00f8sning med god mottakelse: \u00abOvergikk alle mine forventninger\u00bb<\/p>\n<p>Da Sveriges f\u00f8rste Komatsu-veih\u00f8vel, den splitter nye GD675-7, skulle tilpasses for nordiske forhold, falt valget p\u00e5 M\u00e4hlers.<\/strong><\/p>\n<p>M\u00e4hlers utstyrer Sveriges f\u00f8rste Komatsu-veih\u00f8vel<\/p>\n<p>\u2013 unik l\u00f8sning med god mottakelse: \u00abOvergikk alle mine forventninger\u00bb<\/p>\n<p>Da Sveriges f\u00f8rste Komatsu-veih\u00f8vel, den splitter nye GD675-7, skulle tilpasses for nordiske forhold, falt valget p\u00e5 M\u00e4hlers.<\/p>\n<p>Den nye veih\u00f8velen GD675-7 er utstyrt med unike og spesiallagde fester for sideplog, sn\u00f8stopper og grusstrengspreder \u2013 som er tilpasset for alle typer anleggs- og veivedlikeholdsoppgaver \u00e5ret rundt. Siden februar har CD Entreprenads nye veih\u00f8vel v\u00e6rt i full sving nord i Dalarna.<\/p>\n<p>Produktenes passform og dimensjoner er bare noen av grunnene til at M\u00e4hlers var det \u00e5penbare valget for oss da vi skulle tilpasse veih\u00f8velen for nordiske forhold. Gjengen i Ross\u00f6n er lydh\u00f8re og serviceinnstilte, produktene passer alltid og fungerer i all slags v\u00e6r, og de er dessuten laget for \u00e5 vare, sier Christer Dalmans, adm. dir. og grunnlegger av CD Entreprenad.<\/p>\n<p>Samarbeid bak den unike svensk-japanske veih\u00f8velen<\/p>\n<p>Da CD Entreprenad i Malung bestilte den nye veih\u00f8velen, startet de et utviklingsarbeid sammen med M\u00e4hlers og Komatsu-import\u00f8ren S\u00f6derberg &#038; Haak.<\/p>\n<p>M\u00e5let var \u00e5 utstyre den for nordiske forhold, og i tillegg til LED-lamper, motorvarmer og frontblad, monterte man ogs\u00e5 M\u00e4hlers spesialproduserte sidevinge, sn\u00f8- og grusstopper samt<\/p>\n<p>grusstrengspreder. Den ferdige og utplasserte veih\u00f8velen er fullt utstyrt for alle typer anleggs- og veivedlikeholdsoppgaver sommer som vinter.<\/p>\n<p>\u2013 Vi er utrolig stolte over \u00e5 ha v\u00e6rt med og utviklet denne unike veih\u00f8velen. Samarbeidet med CD Entreprenad og S\u00f6derberg &#038; Haak har v\u00e6rt sv\u00e6rt vellykket. Komatsuen er virkelig klar for alle tenkelige situasjoner, sier Ingemar Nyberg, adm. dir. i M\u00e4hlers.<\/p>\n<p>CD Entreprenads nye Komatsu har ogs\u00e5 f\u00e5tt vise hva den er god for i og rundt Malung samt S\u00e4len i Dalarna, og innkj\u00f8pet av den nye veih\u00f8velen oppsummerer Christer Dalmans som vellykket.<\/p>\n<p>\u2013 Vi har allerede kj\u00f8rt ca. 850 timer med Komatsuen, og s\u00e5 langt har den overg\u00e5tt alle v\u00e5re forventninger. B\u00e5de n\u00e5r det gjelder vinterh\u00f8vling med M\u00e4hlers vinge og sn\u00f8stopper samt p\u00e5 grusveier med M\u00e4hlers grusstrengspreder, sier Christer Dalmans.<\/p>\n<p>Ingemar Nyberg betegner ogs\u00e5 samarbeidet med maskinleverand\u00f8r, kunde og M\u00e4hlers som vellykket.<\/p>\n<p>\u2013 Det er en del av M\u00e4hlers\u2019 spesialitet \u00e5 samarbeide p\u00e5 denne m\u00e5ten. Uansett hvilket maskinmerke det gjelder, s\u00e5 er samarbeid n\u00f8kkelordet for \u00e5 oppn\u00e5 det beste resultatet og en forn\u00f8yd sluttkunde, sier Ingemar Nyberg.<\/p>\n\t\t\t\t\t\t\t\t<\/div>\n\t\t\t\t<\/div>\n\t\t\t\t<div class=\"elementor-element elementor-element-2fd71e6 elementor-widget elementor-widget-video\" data-id=\"2fd71e6\" data-element_type=\"widget\" data-e-type=\"widget\" data-settings=\"{&quot;youtube_url&quot;:&quot;https:\\\/\\\/www.youtube.com\\\/watch?v=Ye2Y7XGtmpo&amp;ab_channel=MahlersOnline&quot;,&quot;video_type&quot;:&quot;youtube&quot;,&quot;controls&quot;:&quot;yes&quot;}\" data-widget_type=\"video.default\">\n\t\t\t\t<div class=\"elementor-widget-container\">\n\t\t\t\t\t\t\t<div class=\"elementor-wrapper elementor-open-inline\">\n\t\t\t<div class=\"elementor-video\"><\/div>\t\t<\/div>\n\t\t\t\t\t\t<\/div>\n\t\t\t\t<\/div>\n\t\t\t\t\t<\/div>\n\t\t<\/div>\n\t\t\t\t<div class=\"elementor-column elementor-col-50 elementor-top-column elementor-element elementor-element-60ed9303\" data-id=\"60ed9303\" data-element_type=\"column\" data-e-type=\"column\">\n\t\t\t<div class=\"elementor-widget-wrap\">\n\t\t\t\t\t\t\t<\/div>\n\t\t<\/div>\n\t\t\t\t\t<\/div>\n\t\t<\/section>\n\t\t\t\t<section class=\"elementor-section elementor-top-section elementor-element elementor-element-3d8b350c elementor-section-boxed elementor-section-height-default elementor-section-height-default\" data-id=\"3d8b350c\" data-element_type=\"section\" data-e-type=\"section\">\n\t\t\t\t\t\t<div class=\"elementor-container elementor-column-gap-default\">\n\t\t\t\t\t<div class=\"elementor-column elementor-col-100 elementor-top-column elementor-element elementor-element-5c6fe496\" data-id=\"5c6fe496\" data-element_type=\"column\" data-e-type=\"column\">\n\t\t\t<div class=\"elementor-widget-wrap elementor-element-populated\">\n\t\t\t\t\t\t<div class=\"elementor-element elementor-element-67197577 elementor-widget elementor-widget-spacer\" data-id=\"67197577\" data-element_type=\"widget\" data-e-type=\"widget\" data-widget_type=\"spacer.default\">\n\t\t\t\t<div class=\"elementor-widget-container\">\n\t\t\t\t\t\t\t<div class=\"elementor-spacer\">\n\t\t\t<div class=\"elementor-spacer-inner\"><\/div>\n\t\t<\/div>\n\t\t\t\t\t\t<\/div>\n\t\t\t\t<\/div>\n\t\t\t\t\t<\/div>\n\t\t<\/div>\n\t\t\t\t\t<\/div>\n\t\t<\/section>\n\t\t\t\t<\/div>\n\t\t","protected":false},"excerpt":{"rendered":"<p>M\u00e4hlers utstyrer Sveriges f\u00f8rste Komatsu-veih\u00f8vel \u2013 unik l\u00f8sning med god mottakelse: \u00abOvergikk alle mine forventninger\u00bb Da Sveriges f\u00f8rste Komatsu-veih\u00f8vel, den splitter nye GD675-7, skulle tilpasses for nordiske forhold, falt valget p\u00e5 M\u00e4hlers. M\u00e4hlers utstyrer Sveriges f\u00f8rste Komatsu-veih\u00f8vel \u2013 unik l\u00f8sning med god mottakelse: \u00abOvergikk alle mine forventninger\u00bb Da Sveriges f\u00f8rste Komatsu-veih\u00f8vel, den splitter nye GD675-7, [&hellip;]<\/p>\n","protected":false},"author":2,"featured_media":1467,"comment_status":"closed","ping_status":"open","sticky":false,"template":"","format":"standard","meta":{"_acf_changed":false,"footnotes":""},"categories":[23],"tags":[],"class_list":["post-3535","post","type-post","status-publish","format-standard","has-post-thumbnail","hentry","category-uncategorized-no"],"acf":[],"yoast_head":"<!-- This site is optimized with the Yoast SEO plugin v27.2 - https:\/\/yoast.com\/product\/yoast-seo-wordpress\/ -->\n<title>M\u00e4hlers utstyrer Sveriges f\u00f8rste Komatsu-veih\u00f8vel - M\u00e4hlers<\/title>\n<meta name=\"robots\" content=\"index, follow, max-snippet:-1, max-image-preview:large, max-video-preview:-1\" \/>\n<link rel=\"canonical\" href=\"https:\/\/mahlers.se\/no\/2020\/10\/29\/mahlers-utstyrer-sveriges-forste-komatsu-veihovel\/\" \/>\n<meta property=\"og:locale\" content=\"nb_NO\" \/>\n<meta property=\"og:type\" content=\"article\" \/>\n<meta property=\"og:title\" content=\"M\u00e4hlers utstyrer Sveriges f\u00f8rste Komatsu-veih\u00f8vel - M\u00e4hlers\" \/>\n<meta property=\"og:description\" content=\"M\u00e4hlers utstyrer Sveriges f\u00f8rste Komatsu-veih\u00f8vel \u2013 unik l\u00f8sning med god mottakelse: \u00abOvergikk alle mine forventninger\u00bb Da Sveriges f\u00f8rste Komatsu-veih\u00f8vel, den splitter nye GD675-7, skulle tilpasses for nordiske forhold, falt valget p\u00e5 M\u00e4hlers. M\u00e4hlers utstyrer Sveriges f\u00f8rste Komatsu-veih\u00f8vel \u2013 unik l\u00f8sning med god mottakelse: \u00abOvergikk alle mine forventninger\u00bb Da Sveriges f\u00f8rste Komatsu-veih\u00f8vel, den splitter nye GD675-7, [&hellip;]\" \/>\n<meta property=\"og:url\" content=\"https:\/\/mahlers.se\/no\/2020\/10\/29\/mahlers-utstyrer-sveriges-forste-komatsu-veihovel\/\" \/>\n<meta property=\"og:site_name\" content=\"M\u00e4hlers\" \/>\n<meta property=\"article:published_time\" content=\"2020-10-29T11:00:23+00:00\" \/>\n<meta property=\"article:modified_time\" content=\"2021-09-30T08:46:51+00:00\" \/>\n<meta property=\"og:image\" content=\"https:\/\/mahlers.se\/wp-content\/uploads\/2020\/10\/DSC03418_low-scaled.jpg\" \/>\n\t<meta property=\"og:image:width\" content=\"2560\" \/>\n\t<meta property=\"og:image:height\" content=\"1707\" \/>\n\t<meta property=\"og:image:type\" content=\"image\/jpeg\" \/>\n<meta name=\"author\" content=\"philip\" \/>\n<meta name=\"twitter:card\" content=\"summary_large_image\" \/>\n<meta name=\"twitter:label1\" content=\"Skrevet av\" \/>\n\t<meta name=\"twitter:data1\" content=\"philip\" \/>\n\t<meta name=\"twitter:label2\" content=\"Ansl. lesetid\" \/>\n\t<meta name=\"twitter:data2\" content=\"2 minutter\" \/>\n<script type=\"application\/ld+json\" class=\"yoast-schema-graph\">{\"@context\":\"https:\/\/schema.org\",\"@graph\":[{\"@type\":\"Article\",\"@id\":\"https:\/\/mahlers.se\/no\/2020\/10\/29\/mahlers-utstyrer-sveriges-forste-komatsu-veihovel\/#article\",\"isPartOf\":{\"@id\":\"https:\/\/mahlers.se\/no\/2020\/10\/29\/mahlers-utstyrer-sveriges-forste-komatsu-veihovel\/\"},\"author\":{\"name\":\"philip\",\"@id\":\"https:\/\/mahlers.se\/no\/#\/schema\/person\/ca71f2fd841442f766d749f2e3501c52\"},\"headline\":\"M\u00e4hlers utstyrer Sveriges f\u00f8rste Komatsu-veih\u00f8vel\",\"datePublished\":\"2020-10-29T11:00:23+00:00\",\"dateModified\":\"2021-09-30T08:46:51+00:00\",\"mainEntityOfPage\":{\"@id\":\"https:\/\/mahlers.se\/no\/2020\/10\/29\/mahlers-utstyrer-sveriges-forste-komatsu-veihovel\/\"},\"wordCount\":462,\"publisher\":{\"@id\":\"https:\/\/mahlers.se\/no\/#organization\"},\"image\":{\"@id\":\"https:\/\/mahlers.se\/no\/2020\/10\/29\/mahlers-utstyrer-sveriges-forste-komatsu-veihovel\/#primaryimage\"},\"thumbnailUrl\":\"https:\/\/mahlers.se\/wp-content\/uploads\/2020\/10\/DSC03418_low-scaled.jpg\",\"articleSection\":[\"Uncategorized @no\"],\"inLanguage\":\"nb-NO\"},{\"@type\":\"WebPage\",\"@id\":\"https:\/\/mahlers.se\/no\/2020\/10\/29\/mahlers-utstyrer-sveriges-forste-komatsu-veihovel\/\",\"url\":\"https:\/\/mahlers.se\/no\/2020\/10\/29\/mahlers-utstyrer-sveriges-forste-komatsu-veihovel\/\",\"name\":\"M\u00e4hlers utstyrer Sveriges f\u00f8rste Komatsu-veih\u00f8vel - M\u00e4hlers\",\"isPartOf\":{\"@id\":\"https:\/\/mahlers.se\/no\/#website\"},\"primaryImageOfPage\":{\"@id\":\"https:\/\/mahlers.se\/no\/2020\/10\/29\/mahlers-utstyrer-sveriges-forste-komatsu-veihovel\/#primaryimage\"},\"image\":{\"@id\":\"https:\/\/mahlers.se\/no\/2020\/10\/29\/mahlers-utstyrer-sveriges-forste-komatsu-veihovel\/#primaryimage\"},\"thumbnailUrl\":\"https:\/\/mahlers.se\/wp-content\/uploads\/2020\/10\/DSC03418_low-scaled.jpg\",\"datePublished\":\"2020-10-29T11:00:23+00:00\",\"dateModified\":\"2021-09-30T08:46:51+00:00\",\"breadcrumb\":{\"@id\":\"https:\/\/mahlers.se\/no\/2020\/10\/29\/mahlers-utstyrer-sveriges-forste-komatsu-veihovel\/#breadcrumb\"},\"inLanguage\":\"nb-NO\",\"potentialAction\":[{\"@type\":\"ReadAction\",\"target\":[\"https:\/\/mahlers.se\/no\/2020\/10\/29\/mahlers-utstyrer-sveriges-forste-komatsu-veihovel\/\"]}]},{\"@type\":\"ImageObject\",\"inLanguage\":\"nb-NO\",\"@id\":\"https:\/\/mahlers.se\/no\/2020\/10\/29\/mahlers-utstyrer-sveriges-forste-komatsu-veihovel\/#primaryimage\",\"url\":\"https:\/\/mahlers.se\/wp-content\/uploads\/2020\/10\/DSC03418_low-scaled.jpg\",\"contentUrl\":\"https:\/\/mahlers.se\/wp-content\/uploads\/2020\/10\/DSC03418_low-scaled.jpg\",\"width\":2560,\"height\":1707},{\"@type\":\"BreadcrumbList\",\"@id\":\"https:\/\/mahlers.se\/no\/2020\/10\/29\/mahlers-utstyrer-sveriges-forste-komatsu-veihovel\/#breadcrumb\",\"itemListElement\":[{\"@type\":\"ListItem\",\"position\":1,\"name\":\"Hem\",\"item\":\"https:\/\/mahlers.se\/no\/\"},{\"@type\":\"ListItem\",\"position\":2,\"name\":\"M\u00e4hlers utstyrer Sveriges f\u00f8rste Komatsu-veih\u00f8vel\"}]},{\"@type\":\"WebSite\",\"@id\":\"https:\/\/mahlers.se\/no\/#website\",\"url\":\"https:\/\/mahlers.se\/no\/\",\"name\":\"M\u00e4hlers\",\"description\":\"F\u00f6r effektivare sn\u00f6r\u00f6jning och v\u00e4gunderh\u00e5ll\",\"publisher\":{\"@id\":\"https:\/\/mahlers.se\/no\/#organization\"},\"potentialAction\":[{\"@type\":\"SearchAction\",\"target\":{\"@type\":\"EntryPoint\",\"urlTemplate\":\"https:\/\/mahlers.se\/no\/?s={search_term_string}\"},\"query-input\":{\"@type\":\"PropertyValueSpecification\",\"valueRequired\":true,\"valueName\":\"search_term_string\"}}],\"inLanguage\":\"nb-NO\"},{\"@type\":\"Organization\",\"@id\":\"https:\/\/mahlers.se\/no\/#organization\",\"name\":\"M\u00e4hlers\",\"url\":\"https:\/\/mahlers.se\/no\/\",\"logo\":{\"@type\":\"ImageObject\",\"inLanguage\":\"nb-NO\",\"@id\":\"https:\/\/mahlers.se\/no\/#\/schema\/logo\/image\/\",\"url\":\"https:\/\/mahlers.se\/wp-content\/uploads\/2021\/06\/Mahlers-logo-ned-wordonly.png\",\"contentUrl\":\"https:\/\/mahlers.se\/wp-content\/uploads\/2021\/06\/Mahlers-logo-ned-wordonly.png\",\"width\":1026,\"height\":186,\"caption\":\"M\u00e4hlers\"},\"image\":{\"@id\":\"https:\/\/mahlers.se\/no\/#\/schema\/logo\/image\/\"}},{\"@type\":\"Person\",\"@id\":\"https:\/\/mahlers.se\/no\/#\/schema\/person\/ca71f2fd841442f766d749f2e3501c52\",\"name\":\"philip\",\"image\":{\"@type\":\"ImageObject\",\"inLanguage\":\"nb-NO\",\"@id\":\"https:\/\/secure.gravatar.com\/avatar\/04128fa8b7769f4f0e9aa677ed735657e5b92e403f2ae78b6051aad0b5d58efa?s=96&d=mm&r=g\",\"url\":\"https:\/\/secure.gravatar.com\/avatar\/04128fa8b7769f4f0e9aa677ed735657e5b92e403f2ae78b6051aad0b5d58efa?s=96&d=mm&r=g\",\"contentUrl\":\"https:\/\/secure.gravatar.com\/avatar\/04128fa8b7769f4f0e9aa677ed735657e5b92e403f2ae78b6051aad0b5d58efa?s=96&d=mm&r=g\",\"caption\":\"philip\"},\"url\":\"https:\/\/mahlers.se\/no\/author\/philip\/\"}]}<\/script>\n<!-- \/ Yoast SEO plugin. -->","yoast_head_json":{"title":"M\u00e4hlers utstyrer Sveriges f\u00f8rste Komatsu-veih\u00f8vel - M\u00e4hlers","robots":{"index":"index","follow":"follow","max-snippet":"max-snippet:-1","max-image-preview":"max-image-preview:large","max-video-preview":"max-video-preview:-1"},"canonical":"https:\/\/mahlers.se\/no\/2020\/10\/29\/mahlers-utstyrer-sveriges-forste-komatsu-veihovel\/","og_locale":"nb_NO","og_type":"article","og_title":"M\u00e4hlers utstyrer Sveriges f\u00f8rste Komatsu-veih\u00f8vel - M\u00e4hlers","og_description":"M\u00e4hlers utstyrer Sveriges f\u00f8rste Komatsu-veih\u00f8vel \u2013 unik l\u00f8sning med god mottakelse: \u00abOvergikk alle mine forventninger\u00bb Da Sveriges f\u00f8rste Komatsu-veih\u00f8vel, den splitter nye GD675-7, skulle tilpasses for nordiske forhold, falt valget p\u00e5 M\u00e4hlers. M\u00e4hlers utstyrer Sveriges f\u00f8rste Komatsu-veih\u00f8vel \u2013 unik l\u00f8sning med god mottakelse: \u00abOvergikk alle mine forventninger\u00bb Da Sveriges f\u00f8rste Komatsu-veih\u00f8vel, den splitter nye GD675-7, [&hellip;]","og_url":"https:\/\/mahlers.se\/no\/2020\/10\/29\/mahlers-utstyrer-sveriges-forste-komatsu-veihovel\/","og_site_name":"M\u00e4hlers","article_published_time":"2020-10-29T11:00:23+00:00","article_modified_time":"2021-09-30T08:46:51+00:00","og_image":[{"width":2560,"height":1707,"url":"https:\/\/mahlers.se\/wp-content\/uploads\/2020\/10\/DSC03418_low-scaled.jpg","type":"image\/jpeg"}],"author":"philip","twitter_card":"summary_large_image","twitter_misc":{"Skrevet av":"philip","Ansl. lesetid":"2 minutter"},"schema":{"@context":"https:\/\/schema.org","@graph":[{"@type":"Article","@id":"https:\/\/mahlers.se\/no\/2020\/10\/29\/mahlers-utstyrer-sveriges-forste-komatsu-veihovel\/#article","isPartOf":{"@id":"https:\/\/mahlers.se\/no\/2020\/10\/29\/mahlers-utstyrer-sveriges-forste-komatsu-veihovel\/"},"author":{"name":"philip","@id":"https:\/\/mahlers.se\/no\/#\/schema\/person\/ca71f2fd841442f766d749f2e3501c52"},"headline":"M\u00e4hlers utstyrer Sveriges f\u00f8rste Komatsu-veih\u00f8vel","datePublished":"2020-10-29T11:00:23+00:00","dateModified":"2021-09-30T08:46:51+00:00","mainEntityOfPage":{"@id":"https:\/\/mahlers.se\/no\/2020\/10\/29\/mahlers-utstyrer-sveriges-forste-komatsu-veihovel\/"},"wordCount":462,"publisher":{"@id":"https:\/\/mahlers.se\/no\/#organization"},"image":{"@id":"https:\/\/mahlers.se\/no\/2020\/10\/29\/mahlers-utstyrer-sveriges-forste-komatsu-veihovel\/#primaryimage"},"thumbnailUrl":"https:\/\/mahlers.se\/wp-content\/uploads\/2020\/10\/DSC03418_low-scaled.jpg","articleSection":["Uncategorized @no"],"inLanguage":"nb-NO"},{"@type":"WebPage","@id":"https:\/\/mahlers.se\/no\/2020\/10\/29\/mahlers-utstyrer-sveriges-forste-komatsu-veihovel\/","url":"https:\/\/mahlers.se\/no\/2020\/10\/29\/mahlers-utstyrer-sveriges-forste-komatsu-veihovel\/","name":"M\u00e4hlers utstyrer Sveriges f\u00f8rste Komatsu-veih\u00f8vel - M\u00e4hlers","isPartOf":{"@id":"https:\/\/mahlers.se\/no\/#website"},"primaryImageOfPage":{"@id":"https:\/\/mahlers.se\/no\/2020\/10\/29\/mahlers-utstyrer-sveriges-forste-komatsu-veihovel\/#primaryimage"},"image":{"@id":"https:\/\/mahlers.se\/no\/2020\/10\/29\/mahlers-utstyrer-sveriges-forste-komatsu-veihovel\/#primaryimage"},"thumbnailUrl":"https:\/\/mahlers.se\/wp-content\/uploads\/2020\/10\/DSC03418_low-scaled.jpg","datePublished":"2020-10-29T11:00:23+00:00","dateModified":"2021-09-30T08:46:51+00:00","breadcrumb":{"@id":"https:\/\/mahlers.se\/no\/2020\/10\/29\/mahlers-utstyrer-sveriges-forste-komatsu-veihovel\/#breadcrumb"},"inLanguage":"nb-NO","potentialAction":[{"@type":"ReadAction","target":["https:\/\/mahlers.se\/no\/2020\/10\/29\/mahlers-utstyrer-sveriges-forste-komatsu-veihovel\/"]}]},{"@type":"ImageObject","inLanguage":"nb-NO","@id":"https:\/\/mahlers.se\/no\/2020\/10\/29\/mahlers-utstyrer-sveriges-forste-komatsu-veihovel\/#primaryimage","url":"https:\/\/mahlers.se\/wp-content\/uploads\/2020\/10\/DSC03418_low-scaled.jpg","contentUrl":"https:\/\/mahlers.se\/wp-content\/uploads\/2020\/10\/DSC03418_low-scaled.jpg","width":2560,"height":1707},{"@type":"BreadcrumbList","@id":"https:\/\/mahlers.se\/no\/2020\/10\/29\/mahlers-utstyrer-sveriges-forste-komatsu-veihovel\/#breadcrumb","itemListElement":[{"@type":"ListItem","position":1,"name":"Hem","item":"https:\/\/mahlers.se\/no\/"},{"@type":"ListItem","position":2,"name":"M\u00e4hlers utstyrer Sveriges f\u00f8rste Komatsu-veih\u00f8vel"}]},{"@type":"WebSite","@id":"https:\/\/mahlers.se\/no\/#website","url":"https:\/\/mahlers.se\/no\/","name":"M\u00e4hlers","description":"F\u00f6r effektivare sn\u00f6r\u00f6jning och v\u00e4gunderh\u00e5ll","publisher":{"@id":"https:\/\/mahlers.se\/no\/#organization"},"potentialAction":[{"@type":"SearchAction","target":{"@type":"EntryPoint","urlTemplate":"https:\/\/mahlers.se\/no\/?s={search_term_string}"},"query-input":{"@type":"PropertyValueSpecification","valueRequired":true,"valueName":"search_term_string"}}],"inLanguage":"nb-NO"},{"@type":"Organization","@id":"https:\/\/mahlers.se\/no\/#organization","name":"M\u00e4hlers","url":"https:\/\/mahlers.se\/no\/","logo":{"@type":"ImageObject","inLanguage":"nb-NO","@id":"https:\/\/mahlers.se\/no\/#\/schema\/logo\/image\/","url":"https:\/\/mahlers.se\/wp-content\/uploads\/2021\/06\/Mahlers-logo-ned-wordonly.png","contentUrl":"https:\/\/mahlers.se\/wp-content\/uploads\/2021\/06\/Mahlers-logo-ned-wordonly.png","width":1026,"height":186,"caption":"M\u00e4hlers"},"image":{"@id":"https:\/\/mahlers.se\/no\/#\/schema\/logo\/image\/"}},{"@type":"Person","@id":"https:\/\/mahlers.se\/no\/#\/schema\/person\/ca71f2fd841442f766d749f2e3501c52","name":"philip","image":{"@type":"ImageObject","inLanguage":"nb-NO","@id":"https:\/\/secure.gravatar.com\/avatar\/04128fa8b7769f4f0e9aa677ed735657e5b92e403f2ae78b6051aad0b5d58efa?s=96&d=mm&r=g","url":"https:\/\/secure.gravatar.com\/avatar\/04128fa8b7769f4f0e9aa677ed735657e5b92e403f2ae78b6051aad0b5d58efa?s=96&d=mm&r=g","contentUrl":"https:\/\/secure.gravatar.com\/avatar\/04128fa8b7769f4f0e9aa677ed735657e5b92e403f2ae78b6051aad0b5d58efa?s=96&d=mm&r=g","caption":"philip"},"url":"https:\/\/mahlers.se\/no\/author\/philip\/"}]}},"_links":{"self":[{"href":"https:\/\/mahlers.se\/no\/wp-json\/wp\/v2\/posts\/3535","targetHints":{"allow":["GET"]}}],"collection":[{"href":"https:\/\/mahlers.se\/no\/wp-json\/wp\/v2\/posts"}],"about":[{"href":"https:\/\/mahlers.se\/no\/wp-json\/wp\/v2\/types\/post"}],"author":[{"embeddable":true,"href":"https:\/\/mahlers.se\/no\/wp-json\/wp\/v2\/users\/2"}],"replies":[{"embeddable":true,"href":"https:\/\/mahlers.se\/no\/wp-json\/wp\/v2\/comments?post=3535"}],"version-history":[{"count":1,"href":"https:\/\/mahlers.se\/no\/wp-json\/wp\/v2\/posts\/3535\/revisions"}],"predecessor-version":[{"id":3536,"href":"https:\/\/mahlers.se\/no\/wp-json\/wp\/v2\/posts\/3535\/revisions\/3536"}],"wp:featuredmedia":[{"embeddable":true,"href":"https:\/\/mahlers.se\/no\/wp-json\/wp\/v2\/media\/1467"}],"wp:attachment":[{"href":"https:\/\/mahlers.se\/no\/wp-json\/wp\/v2\/media?parent=3535"}],"wp:term":[{"taxonomy":"category","embeddable":true,"href":"https:\/\/mahlers.se\/no\/wp-json\/wp\/v2\/categories?post=3535"},{"taxonomy":"post_tag","embeddable":true,"href":"https:\/\/mahlers.se\/no\/wp-json\/wp\/v2\/tags?post=3535"}],"curies":[{"name":"wp","href":"https:\/\/api.w.org\/{rel}","templated":true}]}}