{"id":3519,"date":"2021-01-18T10:03:59","date_gmt":"2021-01-18T09:03:59","guid":{"rendered":"https:\/\/mahlers.a.vaia.cloud\/2021\/01\/18\/en-av-sveriges-storste-maskinutleieselskaper-arento-velger-mahlers-kjopte-17-nye-ploger-pa-en-gang\/"},"modified":"2021-09-30T10:12:15","modified_gmt":"2021-09-30T08:12:15","slug":"en-av-sveriges-storste-maskinutleieselskaper-arento-velger-mahlers-kjopte-17-nye-ploger-pa-en-gang","status":"publish","type":"post","link":"https:\/\/mahlers.se\/no\/2021\/01\/18\/en-av-sveriges-storste-maskinutleieselskaper-arento-velger-mahlers-kjopte-17-nye-ploger-pa-en-gang\/","title":{"rendered":"En av Sveriges st\u00f8rste maskinutleieselskaper, Arento, velger M\u00e4hlers \u2013 kj\u00f8pte 17 nye ploger p\u00e5 en gang"},"content":{"rendered":"\t\t<div data-elementor-type=\"wp-post\" data-elementor-id=\"3519\" class=\"elementor elementor-3519 elementor-3509\" data-elementor-post-type=\"post\">\n\t\t\t\t\t\t<section class=\"elementor-section elementor-top-section elementor-element elementor-element-5087f3b9 elementor-section-full_width elementor-section-height-default elementor-section-height-default\" data-id=\"5087f3b9\" data-element_type=\"section\" data-e-type=\"section\">\n\t\t\t\t\t\t<div class=\"elementor-container elementor-column-gap-default\">\n\t\t\t\t\t<div class=\"elementor-column elementor-col-100 elementor-top-column elementor-element elementor-element-348276e7\" data-id=\"348276e7\" data-element_type=\"column\" data-e-type=\"column\">\n\t\t\t<div class=\"elementor-widget-wrap\">\n\t\t\t\t\t\t\t<\/div>\n\t\t<\/div>\n\t\t\t\t\t<\/div>\n\t\t<\/section>\n\t\t\t\t<section class=\"elementor-section elementor-top-section elementor-element elementor-element-8a6167c elementor-section-boxed elementor-section-height-default elementor-section-height-default\" data-id=\"8a6167c\" data-element_type=\"section\" data-e-type=\"section\">\n\t\t\t\t\t\t<div class=\"elementor-container elementor-column-gap-default\">\n\t\t\t\t\t<div class=\"elementor-column elementor-col-100 elementor-top-column elementor-element elementor-element-845652\" data-id=\"845652\" data-element_type=\"column\" data-e-type=\"column\">\n\t\t\t<div class=\"elementor-widget-wrap elementor-element-populated\">\n\t\t\t\t\t\t<div class=\"elementor-element elementor-element-10554bdd elementor-widget elementor-widget-spacer\" data-id=\"10554bdd\" data-element_type=\"widget\" data-e-type=\"widget\" data-widget_type=\"spacer.default\">\n\t\t\t\t<div class=\"elementor-widget-container\">\n\t\t\t\t\t\t\t<div class=\"elementor-spacer\">\n\t\t\t<div class=\"elementor-spacer-inner\"><\/div>\n\t\t<\/div>\n\t\t\t\t\t\t<\/div>\n\t\t\t\t<\/div>\n\t\t\t\t\t<\/div>\n\t\t<\/div>\n\t\t\t\t\t<\/div>\n\t\t<\/section>\n\t\t\t\t<section class=\"elementor-section elementor-top-section elementor-element elementor-element-65fca201 elementor-section-boxed elementor-section-height-default elementor-section-height-default\" data-id=\"65fca201\" data-element_type=\"section\" data-e-type=\"section\">\n\t\t\t\t\t\t<div class=\"elementor-container elementor-column-gap-default\">\n\t\t\t\t\t<div class=\"elementor-column elementor-col-50 elementor-top-column elementor-element elementor-element-ff86439\" data-id=\"ff86439\" data-element_type=\"column\" data-e-type=\"column\">\n\t\t\t<div class=\"elementor-widget-wrap elementor-element-populated\">\n\t\t\t\t\t\t<div class=\"elementor-element elementor-element-df884bd elementor-widget elementor-widget-image\" data-id=\"df884bd\" data-element_type=\"widget\" data-e-type=\"widget\" data-widget_type=\"image.default\">\n\t\t\t\t<div class=\"elementor-widget-container\">\n\t\t\t\t\t\t\t\t\t\t\t\t\t\t\t<img fetchpriority=\"high\" decoding=\"async\" width=\"800\" height=\"600\" src=\"https:\/\/mahlers.se\/wp-content\/uploads\/2021\/01\/Stefan-Johansson_Arento_low.jpg\" class=\"attachment-large size-large wp-image-3513\" alt=\"\" srcset=\"https:\/\/mahlers.se\/wp-content\/uploads\/2021\/01\/Stefan-Johansson_Arento_low.jpg 1000w, https:\/\/mahlers.se\/wp-content\/uploads\/2021\/01\/Stefan-Johansson_Arento_low-300x225.jpg 300w, https:\/\/mahlers.se\/wp-content\/uploads\/2021\/01\/Stefan-Johansson_Arento_low-768x576.jpg 768w\" sizes=\"(max-width: 800px) 100vw, 800px\" \/>\t\t\t\t\t\t\t\t\t\t\t\t\t\t\t<\/div>\n\t\t\t\t<\/div>\n\t\t\t\t\t<\/div>\n\t\t<\/div>\n\t\t\t\t<div class=\"elementor-column elementor-col-50 elementor-top-column elementor-element elementor-element-77d65720\" data-id=\"77d65720\" data-element_type=\"column\" data-e-type=\"column\">\n\t\t\t<div class=\"elementor-widget-wrap\">\n\t\t\t\t\t\t\t<\/div>\n\t\t<\/div>\n\t\t\t\t\t<\/div>\n\t\t<\/section>\n\t\t\t\t<section class=\"elementor-section elementor-top-section elementor-element elementor-element-bc0973d elementor-section-boxed elementor-section-height-default elementor-section-height-default\" data-id=\"bc0973d\" data-element_type=\"section\" data-e-type=\"section\">\n\t\t\t\t\t\t<div class=\"elementor-container elementor-column-gap-default\">\n\t\t\t\t\t<div class=\"elementor-column elementor-col-50 elementor-top-column elementor-element elementor-element-4a24e65\" data-id=\"4a24e65\" data-element_type=\"column\" data-e-type=\"column\">\n\t\t\t<div class=\"elementor-widget-wrap elementor-element-populated\">\n\t\t\t\t\t\t<div class=\"elementor-element elementor-element-4b56a82 elementor-widget elementor-widget-heading\" data-id=\"4b56a82\" data-element_type=\"widget\" data-e-type=\"widget\" data-widget_type=\"heading.default\">\n\t\t\t\t<div class=\"elementor-widget-container\">\n\t\t\t\t\t<h1 class=\"elementor-heading-title elementor-size-default\">En av Sveriges st\u00f8rste maskinutleieselskaper, Arento, velger M\u00e4hlers \u2013 kj\u00f8pte 17 nye ploger p\u00e5 en gang<\/h1>\t\t\t\t<\/div>\n\t\t\t\t<\/div>\n\t\t\t\t<div class=\"elementor-element elementor-element-924976c elementor-widget elementor-widget-text-editor\" data-id=\"924976c\" data-element_type=\"widget\" data-e-type=\"widget\" data-widget_type=\"text-editor.default\">\n\t\t\t\t<div class=\"elementor-widget-container\">\n\t\t\t\t\t\t\t\t\t<p><strong>Da Arento, en av Sveriges st\u00f8rste maskinutleieselskaper, skulle skaffe seg en sn\u00f8plog til vintersesongen 20\u201321, falt valget p\u00e5 M\u00e4hlers\u2019 modul\u00e6re diagonalplog DPM. Fordi den nye plogen oppfylte en rekke viktige kriterier, valgte Arento \u00e5 g\u00e5 \u00aball in\u00bb og bestilte 17 splitter nye diagonalploger fra M\u00e4hlers.<\/strong><\/p>\n<p>Til vintersesongen 20\u201321 var Arento p\u00e5 jakt etter en sn\u00f8plog som skulle oppfylle en rekke viktige kriterier. To av disse kravene var at plogen m\u00e5tte v\u00e6re av sikkerhetstype med fj\u00e6rende st\u00e5lholdere og beregnet for s\u00e5kalt \u00absvart vei\u00bb. Valget falt p\u00e5 M\u00e4hlers\u2019 nye modul\u00e6re diagonalplog DPM, som nylig ble lansert. Arento slo til p\u00e5 17 stykker p\u00e5 en gang.<\/p>\n<p>\u2013 Ja, Ma\u0308hlers\u2019 nye plog oppfylte kriteriene og virket s\u00e5 pass interessant at vi bestemte oss for \u00e5 g\u00e5 \u00aball in\u00bb pa\u030a den, sier Stefan Johansson, maskinsjef hos Arento.<\/p>\n<p>Stefan Johansson har ogs\u00e5 lang erfaring med M\u00e4hlers\u2019 produkter og er positivt innstilt til selskapet.<\/p>\n<p>\u2013 Jeg jobbet i 18 \u00e5r i et familieeid selskap for Svevia i \u00c5nge, og da kj\u00f8rte vi med Ma\u0308hlers\u2019 diagonal- og sideploger pa\u030a lastebilene, og vi hadde ogs\u00e5 Ma\u0308hlers\u2019 sideplog pa\u030a veih\u00f8vlene.<\/p>\n<p><strong>Ren kj\u00f8rebane og sikkerhet prio da den nye plogen ble valgt<\/strong><br \/>\nM\u00e4hlers\u2019 nye plog DPM er spesifikt designet for \u00e5 v\u00e6re \u00absvartveiplog\u00bb og har utl\u00f8sende og individuelt opphengte skj\u00e6rholdere for h\u00f8yeste sikkerhet. Dette var noen av fordelene som bidro til det relativt store M\u00e4hlers-innkj\u00f8pet.<\/p>\n<p>\u2013 Det stilles strenge krav til \u00e5 f\u00e5 en s\u00e5 ren kj\u00f8rebane som mulig for \u00e5 hindre gjenfrysing. Den nye plogen blir perfekt til \u00e5 oppfylle disse kravene, sier Stefan Johansson.<\/p>\n<p>Sikkerhet er ekstra viktig for Arento og deres kunder. Derfor setter maskinutleieselskapet ekstra stor pris p\u00e5 de fj\u00e6rende st\u00e5lholderne p\u00e5 DPM, som gj\u00f8r den sv\u00e6rt \u00abettergivende\u00bb og bidrar til sikrere veivedlikehold.<br \/>\nEtter innkj\u00f8pet av de 17 nye plogene er Arento n\u00e5 godt rustet for de fleste vinterforhold.<\/p>\n\t\t\t\t\t\t\t\t<\/div>\n\t\t\t\t<\/div>\n\t\t\t\t\t<\/div>\n\t\t<\/div>\n\t\t\t\t<div class=\"elementor-column elementor-col-50 elementor-top-column elementor-element elementor-element-4bbe212\" data-id=\"4bbe212\" data-element_type=\"column\" data-e-type=\"column\">\n\t\t\t<div class=\"elementor-widget-wrap\">\n\t\t\t\t\t\t\t<\/div>\n\t\t<\/div>\n\t\t\t\t\t<\/div>\n\t\t<\/section>\n\t\t\t\t<section class=\"elementor-section elementor-top-section elementor-element elementor-element-41047895 elementor-section-boxed elementor-section-height-default elementor-section-height-default\" data-id=\"41047895\" data-element_type=\"section\" data-e-type=\"section\">\n\t\t\t\t\t\t<div class=\"elementor-container elementor-column-gap-default\">\n\t\t\t\t\t<div class=\"elementor-column elementor-col-100 elementor-top-column elementor-element elementor-element-2a7f1c99\" data-id=\"2a7f1c99\" data-element_type=\"column\" data-e-type=\"column\">\n\t\t\t<div class=\"elementor-widget-wrap elementor-element-populated\">\n\t\t\t\t\t\t<div class=\"elementor-element elementor-element-4654304b elementor-widget elementor-widget-spacer\" data-id=\"4654304b\" data-element_type=\"widget\" data-e-type=\"widget\" data-widget_type=\"spacer.default\">\n\t\t\t\t<div class=\"elementor-widget-container\">\n\t\t\t\t\t\t\t<div class=\"elementor-spacer\">\n\t\t\t<div class=\"elementor-spacer-inner\"><\/div>\n\t\t<\/div>\n\t\t\t\t\t\t<\/div>\n\t\t\t\t<\/div>\n\t\t\t\t\t<\/div>\n\t\t<\/div>\n\t\t\t\t\t<\/div>\n\t\t<\/section>\n\t\t\t\t<\/div>\n\t\t","protected":false},"excerpt":{"rendered":"<p>En av Sveriges st\u00f8rste maskinutleieselskaper, Arento, velger M\u00e4hlers \u2013 kj\u00f8pte 17 nye ploger p\u00e5 en gang Da Arento, en av Sveriges st\u00f8rste maskinutleieselskaper, skulle skaffe seg en sn\u00f8plog til vintersesongen 20\u201321, falt valget p\u00e5 M\u00e4hlers\u2019 modul\u00e6re diagonalplog DPM. Fordi den nye plogen oppfylte en rekke viktige kriterier, valgte Arento \u00e5 g\u00e5 \u00aball in\u00bb og bestilte [&hellip;]<\/p>\n","protected":false},"author":3,"featured_media":0,"comment_status":"closed","ping_status":"open","sticky":false,"template":"","format":"standard","meta":{"_acf_changed":false,"footnotes":""},"categories":[23],"tags":[],"class_list":["post-3519","post","type-post","status-publish","format-standard","hentry","category-uncategorized-no"],"acf":[],"yoast_head":"<!-- This site is optimized with the Yoast SEO plugin v27.2 - https:\/\/yoast.com\/product\/yoast-seo-wordpress\/ -->\n<title>En av Sveriges st\u00f8rste maskinutleieselskaper, Arento, velger M\u00e4hlers \u2013 kj\u00f8pte 17 nye ploger p\u00e5 en gang - M\u00e4hlers<\/title>\n<meta name=\"robots\" content=\"index, follow, max-snippet:-1, max-image-preview:large, max-video-preview:-1\" \/>\n<link rel=\"canonical\" href=\"https:\/\/mahlers.se\/no\/2021\/01\/18\/en-av-sveriges-storste-maskinutleieselskaper-arento-velger-mahlers-kjopte-17-nye-ploger-pa-en-gang\/\" \/>\n<meta property=\"og:locale\" content=\"nb_NO\" \/>\n<meta property=\"og:type\" content=\"article\" \/>\n<meta property=\"og:title\" content=\"En av Sveriges st\u00f8rste maskinutleieselskaper, Arento, velger M\u00e4hlers \u2013 kj\u00f8pte 17 nye ploger p\u00e5 en gang - M\u00e4hlers\" \/>\n<meta property=\"og:description\" content=\"En av Sveriges st\u00f8rste maskinutleieselskaper, Arento, velger M\u00e4hlers \u2013 kj\u00f8pte 17 nye ploger p\u00e5 en gang Da Arento, en av Sveriges st\u00f8rste maskinutleieselskaper, skulle skaffe seg en sn\u00f8plog til vintersesongen 20\u201321, falt valget p\u00e5 M\u00e4hlers\u2019 modul\u00e6re diagonalplog DPM. Fordi den nye plogen oppfylte en rekke viktige kriterier, valgte Arento \u00e5 g\u00e5 \u00aball in\u00bb og bestilte [&hellip;]\" \/>\n<meta property=\"og:url\" content=\"https:\/\/mahlers.se\/no\/2021\/01\/18\/en-av-sveriges-storste-maskinutleieselskaper-arento-velger-mahlers-kjopte-17-nye-ploger-pa-en-gang\/\" \/>\n<meta property=\"og:site_name\" content=\"M\u00e4hlers\" \/>\n<meta property=\"article:published_time\" content=\"2021-01-18T09:03:59+00:00\" \/>\n<meta property=\"article:modified_time\" content=\"2021-09-30T08:12:15+00:00\" \/>\n<meta property=\"og:image\" content=\"https:\/\/mahlers.se\/wp-content\/uploads\/2021\/01\/Stefan-Johansson_Arento_low.jpg\" \/>\n<meta name=\"author\" content=\"david\" \/>\n<meta name=\"twitter:card\" content=\"summary_large_image\" \/>\n<meta name=\"twitter:label1\" content=\"Skrevet av\" \/>\n\t<meta name=\"twitter:data1\" content=\"david\" \/>\n\t<meta name=\"twitter:label2\" content=\"Ansl. lesetid\" \/>\n\t<meta name=\"twitter:data2\" content=\"2 minutter\" \/>\n<script type=\"application\/ld+json\" class=\"yoast-schema-graph\">{\"@context\":\"https:\/\/schema.org\",\"@graph\":[{\"@type\":\"Article\",\"@id\":\"https:\/\/mahlers.se\/no\/2021\/01\/18\/en-av-sveriges-storste-maskinutleieselskaper-arento-velger-mahlers-kjopte-17-nye-ploger-pa-en-gang\/#article\",\"isPartOf\":{\"@id\":\"https:\/\/mahlers.se\/no\/2021\/01\/18\/en-av-sveriges-storste-maskinutleieselskaper-arento-velger-mahlers-kjopte-17-nye-ploger-pa-en-gang\/\"},\"author\":{\"name\":\"david\",\"@id\":\"https:\/\/mahlers.se\/no\/#\/schema\/person\/2c8445639c357113af4e895d1f7b9eaa\"},\"headline\":\"En av Sveriges st\u00f8rste maskinutleieselskaper, Arento, velger M\u00e4hlers \u2013 kj\u00f8pte 17 nye ploger p\u00e5 en gang\",\"datePublished\":\"2021-01-18T09:03:59+00:00\",\"dateModified\":\"2021-09-30T08:12:15+00:00\",\"mainEntityOfPage\":{\"@id\":\"https:\/\/mahlers.se\/no\/2021\/01\/18\/en-av-sveriges-storste-maskinutleieselskaper-arento-velger-mahlers-kjopte-17-nye-ploger-pa-en-gang\/\"},\"wordCount\":354,\"publisher\":{\"@id\":\"https:\/\/mahlers.se\/no\/#organization\"},\"image\":{\"@id\":\"https:\/\/mahlers.se\/no\/2021\/01\/18\/en-av-sveriges-storste-maskinutleieselskaper-arento-velger-mahlers-kjopte-17-nye-ploger-pa-en-gang\/#primaryimage\"},\"thumbnailUrl\":\"https:\/\/mahlers.se\/wp-content\/uploads\/2021\/01\/Stefan-Johansson_Arento_low.jpg\",\"articleSection\":[\"Uncategorized @no\"],\"inLanguage\":\"nb-NO\"},{\"@type\":\"WebPage\",\"@id\":\"https:\/\/mahlers.se\/no\/2021\/01\/18\/en-av-sveriges-storste-maskinutleieselskaper-arento-velger-mahlers-kjopte-17-nye-ploger-pa-en-gang\/\",\"url\":\"https:\/\/mahlers.se\/no\/2021\/01\/18\/en-av-sveriges-storste-maskinutleieselskaper-arento-velger-mahlers-kjopte-17-nye-ploger-pa-en-gang\/\",\"name\":\"En av Sveriges st\u00f8rste maskinutleieselskaper, Arento, velger M\u00e4hlers \u2013 kj\u00f8pte 17 nye ploger p\u00e5 en gang - M\u00e4hlers\",\"isPartOf\":{\"@id\":\"https:\/\/mahlers.se\/no\/#website\"},\"primaryImageOfPage\":{\"@id\":\"https:\/\/mahlers.se\/no\/2021\/01\/18\/en-av-sveriges-storste-maskinutleieselskaper-arento-velger-mahlers-kjopte-17-nye-ploger-pa-en-gang\/#primaryimage\"},\"image\":{\"@id\":\"https:\/\/mahlers.se\/no\/2021\/01\/18\/en-av-sveriges-storste-maskinutleieselskaper-arento-velger-mahlers-kjopte-17-nye-ploger-pa-en-gang\/#primaryimage\"},\"thumbnailUrl\":\"https:\/\/mahlers.se\/wp-content\/uploads\/2021\/01\/Stefan-Johansson_Arento_low.jpg\",\"datePublished\":\"2021-01-18T09:03:59+00:00\",\"dateModified\":\"2021-09-30T08:12:15+00:00\",\"breadcrumb\":{\"@id\":\"https:\/\/mahlers.se\/no\/2021\/01\/18\/en-av-sveriges-storste-maskinutleieselskaper-arento-velger-mahlers-kjopte-17-nye-ploger-pa-en-gang\/#breadcrumb\"},\"inLanguage\":\"nb-NO\",\"potentialAction\":[{\"@type\":\"ReadAction\",\"target\":[\"https:\/\/mahlers.se\/no\/2021\/01\/18\/en-av-sveriges-storste-maskinutleieselskaper-arento-velger-mahlers-kjopte-17-nye-ploger-pa-en-gang\/\"]}]},{\"@type\":\"ImageObject\",\"inLanguage\":\"nb-NO\",\"@id\":\"https:\/\/mahlers.se\/no\/2021\/01\/18\/en-av-sveriges-storste-maskinutleieselskaper-arento-velger-mahlers-kjopte-17-nye-ploger-pa-en-gang\/#primaryimage\",\"url\":\"https:\/\/mahlers.se\/wp-content\/uploads\/2021\/01\/Stefan-Johansson_Arento_low.jpg\",\"contentUrl\":\"https:\/\/mahlers.se\/wp-content\/uploads\/2021\/01\/Stefan-Johansson_Arento_low.jpg\"},{\"@type\":\"BreadcrumbList\",\"@id\":\"https:\/\/mahlers.se\/no\/2021\/01\/18\/en-av-sveriges-storste-maskinutleieselskaper-arento-velger-mahlers-kjopte-17-nye-ploger-pa-en-gang\/#breadcrumb\",\"itemListElement\":[{\"@type\":\"ListItem\",\"position\":1,\"name\":\"Hem\",\"item\":\"https:\/\/mahlers.se\/no\/\"},{\"@type\":\"ListItem\",\"position\":2,\"name\":\"En av Sveriges st\u00f8rste maskinutleieselskaper, Arento, velger M\u00e4hlers \u2013 kj\u00f8pte 17 nye ploger p\u00e5 en gang\"}]},{\"@type\":\"WebSite\",\"@id\":\"https:\/\/mahlers.se\/no\/#website\",\"url\":\"https:\/\/mahlers.se\/no\/\",\"name\":\"M\u00e4hlers\",\"description\":\"F\u00f6r effektivare sn\u00f6r\u00f6jning och v\u00e4gunderh\u00e5ll\",\"publisher\":{\"@id\":\"https:\/\/mahlers.se\/no\/#organization\"},\"potentialAction\":[{\"@type\":\"SearchAction\",\"target\":{\"@type\":\"EntryPoint\",\"urlTemplate\":\"https:\/\/mahlers.se\/no\/?s={search_term_string}\"},\"query-input\":{\"@type\":\"PropertyValueSpecification\",\"valueRequired\":true,\"valueName\":\"search_term_string\"}}],\"inLanguage\":\"nb-NO\"},{\"@type\":\"Organization\",\"@id\":\"https:\/\/mahlers.se\/no\/#organization\",\"name\":\"M\u00e4hlers\",\"url\":\"https:\/\/mahlers.se\/no\/\",\"logo\":{\"@type\":\"ImageObject\",\"inLanguage\":\"nb-NO\",\"@id\":\"https:\/\/mahlers.se\/no\/#\/schema\/logo\/image\/\",\"url\":\"https:\/\/mahlers.se\/wp-content\/uploads\/2021\/06\/Mahlers-logo-ned-wordonly.png\",\"contentUrl\":\"https:\/\/mahlers.se\/wp-content\/uploads\/2021\/06\/Mahlers-logo-ned-wordonly.png\",\"width\":1026,\"height\":186,\"caption\":\"M\u00e4hlers\"},\"image\":{\"@id\":\"https:\/\/mahlers.se\/no\/#\/schema\/logo\/image\/\"}},{\"@type\":\"Person\",\"@id\":\"https:\/\/mahlers.se\/no\/#\/schema\/person\/2c8445639c357113af4e895d1f7b9eaa\",\"name\":\"david\",\"image\":{\"@type\":\"ImageObject\",\"inLanguage\":\"nb-NO\",\"@id\":\"https:\/\/secure.gravatar.com\/avatar\/a77772d99303ebceff7ebd3c581bcbc67fbe5415da1dc8d19683057d376878c1?s=96&d=mm&r=g\",\"url\":\"https:\/\/secure.gravatar.com\/avatar\/a77772d99303ebceff7ebd3c581bcbc67fbe5415da1dc8d19683057d376878c1?s=96&d=mm&r=g\",\"contentUrl\":\"https:\/\/secure.gravatar.com\/avatar\/a77772d99303ebceff7ebd3c581bcbc67fbe5415da1dc8d19683057d376878c1?s=96&d=mm&r=g\",\"caption\":\"david\"},\"url\":\"https:\/\/mahlers.se\/no\/author\/david\/\"}]}<\/script>\n<!-- \/ Yoast SEO plugin. -->","yoast_head_json":{"title":"En av Sveriges st\u00f8rste maskinutleieselskaper, Arento, velger M\u00e4hlers \u2013 kj\u00f8pte 17 nye ploger p\u00e5 en gang - M\u00e4hlers","robots":{"index":"index","follow":"follow","max-snippet":"max-snippet:-1","max-image-preview":"max-image-preview:large","max-video-preview":"max-video-preview:-1"},"canonical":"https:\/\/mahlers.se\/no\/2021\/01\/18\/en-av-sveriges-storste-maskinutleieselskaper-arento-velger-mahlers-kjopte-17-nye-ploger-pa-en-gang\/","og_locale":"nb_NO","og_type":"article","og_title":"En av Sveriges st\u00f8rste maskinutleieselskaper, Arento, velger M\u00e4hlers \u2013 kj\u00f8pte 17 nye ploger p\u00e5 en gang - M\u00e4hlers","og_description":"En av Sveriges st\u00f8rste maskinutleieselskaper, Arento, velger M\u00e4hlers \u2013 kj\u00f8pte 17 nye ploger p\u00e5 en gang Da Arento, en av Sveriges st\u00f8rste maskinutleieselskaper, skulle skaffe seg en sn\u00f8plog til vintersesongen 20\u201321, falt valget p\u00e5 M\u00e4hlers\u2019 modul\u00e6re diagonalplog DPM. Fordi den nye plogen oppfylte en rekke viktige kriterier, valgte Arento \u00e5 g\u00e5 \u00aball in\u00bb og bestilte [&hellip;]","og_url":"https:\/\/mahlers.se\/no\/2021\/01\/18\/en-av-sveriges-storste-maskinutleieselskaper-arento-velger-mahlers-kjopte-17-nye-ploger-pa-en-gang\/","og_site_name":"M\u00e4hlers","article_published_time":"2021-01-18T09:03:59+00:00","article_modified_time":"2021-09-30T08:12:15+00:00","og_image":[{"url":"https:\/\/mahlers.se\/wp-content\/uploads\/2021\/01\/Stefan-Johansson_Arento_low.jpg","type":"","width":"","height":""}],"author":"david","twitter_card":"summary_large_image","twitter_misc":{"Skrevet av":"david","Ansl. lesetid":"2 minutter"},"schema":{"@context":"https:\/\/schema.org","@graph":[{"@type":"Article","@id":"https:\/\/mahlers.se\/no\/2021\/01\/18\/en-av-sveriges-storste-maskinutleieselskaper-arento-velger-mahlers-kjopte-17-nye-ploger-pa-en-gang\/#article","isPartOf":{"@id":"https:\/\/mahlers.se\/no\/2021\/01\/18\/en-av-sveriges-storste-maskinutleieselskaper-arento-velger-mahlers-kjopte-17-nye-ploger-pa-en-gang\/"},"author":{"name":"david","@id":"https:\/\/mahlers.se\/no\/#\/schema\/person\/2c8445639c357113af4e895d1f7b9eaa"},"headline":"En av Sveriges st\u00f8rste maskinutleieselskaper, Arento, velger M\u00e4hlers \u2013 kj\u00f8pte 17 nye ploger p\u00e5 en gang","datePublished":"2021-01-18T09:03:59+00:00","dateModified":"2021-09-30T08:12:15+00:00","mainEntityOfPage":{"@id":"https:\/\/mahlers.se\/no\/2021\/01\/18\/en-av-sveriges-storste-maskinutleieselskaper-arento-velger-mahlers-kjopte-17-nye-ploger-pa-en-gang\/"},"wordCount":354,"publisher":{"@id":"https:\/\/mahlers.se\/no\/#organization"},"image":{"@id":"https:\/\/mahlers.se\/no\/2021\/01\/18\/en-av-sveriges-storste-maskinutleieselskaper-arento-velger-mahlers-kjopte-17-nye-ploger-pa-en-gang\/#primaryimage"},"thumbnailUrl":"https:\/\/mahlers.se\/wp-content\/uploads\/2021\/01\/Stefan-Johansson_Arento_low.jpg","articleSection":["Uncategorized @no"],"inLanguage":"nb-NO"},{"@type":"WebPage","@id":"https:\/\/mahlers.se\/no\/2021\/01\/18\/en-av-sveriges-storste-maskinutleieselskaper-arento-velger-mahlers-kjopte-17-nye-ploger-pa-en-gang\/","url":"https:\/\/mahlers.se\/no\/2021\/01\/18\/en-av-sveriges-storste-maskinutleieselskaper-arento-velger-mahlers-kjopte-17-nye-ploger-pa-en-gang\/","name":"En av Sveriges st\u00f8rste maskinutleieselskaper, Arento, velger M\u00e4hlers \u2013 kj\u00f8pte 17 nye ploger p\u00e5 en gang - M\u00e4hlers","isPartOf":{"@id":"https:\/\/mahlers.se\/no\/#website"},"primaryImageOfPage":{"@id":"https:\/\/mahlers.se\/no\/2021\/01\/18\/en-av-sveriges-storste-maskinutleieselskaper-arento-velger-mahlers-kjopte-17-nye-ploger-pa-en-gang\/#primaryimage"},"image":{"@id":"https:\/\/mahlers.se\/no\/2021\/01\/18\/en-av-sveriges-storste-maskinutleieselskaper-arento-velger-mahlers-kjopte-17-nye-ploger-pa-en-gang\/#primaryimage"},"thumbnailUrl":"https:\/\/mahlers.se\/wp-content\/uploads\/2021\/01\/Stefan-Johansson_Arento_low.jpg","datePublished":"2021-01-18T09:03:59+00:00","dateModified":"2021-09-30T08:12:15+00:00","breadcrumb":{"@id":"https:\/\/mahlers.se\/no\/2021\/01\/18\/en-av-sveriges-storste-maskinutleieselskaper-arento-velger-mahlers-kjopte-17-nye-ploger-pa-en-gang\/#breadcrumb"},"inLanguage":"nb-NO","potentialAction":[{"@type":"ReadAction","target":["https:\/\/mahlers.se\/no\/2021\/01\/18\/en-av-sveriges-storste-maskinutleieselskaper-arento-velger-mahlers-kjopte-17-nye-ploger-pa-en-gang\/"]}]},{"@type":"ImageObject","inLanguage":"nb-NO","@id":"https:\/\/mahlers.se\/no\/2021\/01\/18\/en-av-sveriges-storste-maskinutleieselskaper-arento-velger-mahlers-kjopte-17-nye-ploger-pa-en-gang\/#primaryimage","url":"https:\/\/mahlers.se\/wp-content\/uploads\/2021\/01\/Stefan-Johansson_Arento_low.jpg","contentUrl":"https:\/\/mahlers.se\/wp-content\/uploads\/2021\/01\/Stefan-Johansson_Arento_low.jpg"},{"@type":"BreadcrumbList","@id":"https:\/\/mahlers.se\/no\/2021\/01\/18\/en-av-sveriges-storste-maskinutleieselskaper-arento-velger-mahlers-kjopte-17-nye-ploger-pa-en-gang\/#breadcrumb","itemListElement":[{"@type":"ListItem","position":1,"name":"Hem","item":"https:\/\/mahlers.se\/no\/"},{"@type":"ListItem","position":2,"name":"En av Sveriges st\u00f8rste maskinutleieselskaper, Arento, velger M\u00e4hlers \u2013 kj\u00f8pte 17 nye ploger p\u00e5 en gang"}]},{"@type":"WebSite","@id":"https:\/\/mahlers.se\/no\/#website","url":"https:\/\/mahlers.se\/no\/","name":"M\u00e4hlers","description":"F\u00f6r effektivare sn\u00f6r\u00f6jning och v\u00e4gunderh\u00e5ll","publisher":{"@id":"https:\/\/mahlers.se\/no\/#organization"},"potentialAction":[{"@type":"SearchAction","target":{"@type":"EntryPoint","urlTemplate":"https:\/\/mahlers.se\/no\/?s={search_term_string}"},"query-input":{"@type":"PropertyValueSpecification","valueRequired":true,"valueName":"search_term_string"}}],"inLanguage":"nb-NO"},{"@type":"Organization","@id":"https:\/\/mahlers.se\/no\/#organization","name":"M\u00e4hlers","url":"https:\/\/mahlers.se\/no\/","logo":{"@type":"ImageObject","inLanguage":"nb-NO","@id":"https:\/\/mahlers.se\/no\/#\/schema\/logo\/image\/","url":"https:\/\/mahlers.se\/wp-content\/uploads\/2021\/06\/Mahlers-logo-ned-wordonly.png","contentUrl":"https:\/\/mahlers.se\/wp-content\/uploads\/2021\/06\/Mahlers-logo-ned-wordonly.png","width":1026,"height":186,"caption":"M\u00e4hlers"},"image":{"@id":"https:\/\/mahlers.se\/no\/#\/schema\/logo\/image\/"}},{"@type":"Person","@id":"https:\/\/mahlers.se\/no\/#\/schema\/person\/2c8445639c357113af4e895d1f7b9eaa","name":"david","image":{"@type":"ImageObject","inLanguage":"nb-NO","@id":"https:\/\/secure.gravatar.com\/avatar\/a77772d99303ebceff7ebd3c581bcbc67fbe5415da1dc8d19683057d376878c1?s=96&d=mm&r=g","url":"https:\/\/secure.gravatar.com\/avatar\/a77772d99303ebceff7ebd3c581bcbc67fbe5415da1dc8d19683057d376878c1?s=96&d=mm&r=g","contentUrl":"https:\/\/secure.gravatar.com\/avatar\/a77772d99303ebceff7ebd3c581bcbc67fbe5415da1dc8d19683057d376878c1?s=96&d=mm&r=g","caption":"david"},"url":"https:\/\/mahlers.se\/no\/author\/david\/"}]}},"_links":{"self":[{"href":"https:\/\/mahlers.se\/no\/wp-json\/wp\/v2\/posts\/3519","targetHints":{"allow":["GET"]}}],"collection":[{"href":"https:\/\/mahlers.se\/no\/wp-json\/wp\/v2\/posts"}],"about":[{"href":"https:\/\/mahlers.se\/no\/wp-json\/wp\/v2\/types\/post"}],"author":[{"embeddable":true,"href":"https:\/\/mahlers.se\/no\/wp-json\/wp\/v2\/users\/3"}],"replies":[{"embeddable":true,"href":"https:\/\/mahlers.se\/no\/wp-json\/wp\/v2\/comments?post=3519"}],"version-history":[{"count":1,"href":"https:\/\/mahlers.se\/no\/wp-json\/wp\/v2\/posts\/3519\/revisions"}],"predecessor-version":[{"id":3520,"href":"https:\/\/mahlers.se\/no\/wp-json\/wp\/v2\/posts\/3519\/revisions\/3520"}],"wp:attachment":[{"href":"https:\/\/mahlers.se\/no\/wp-json\/wp\/v2\/media?parent=3519"}],"wp:term":[{"taxonomy":"category","embeddable":true,"href":"https:\/\/mahlers.se\/no\/wp-json\/wp\/v2\/categories?post=3519"},{"taxonomy":"post_tag","embeddable":true,"href":"https:\/\/mahlers.se\/no\/wp-json\/wp\/v2\/tags?post=3519"}],"curies":[{"name":"wp","href":"https:\/\/api.w.org\/{rel}","templated":true}]}}