{"id":3495,"date":"2021-07-05T12:00:22","date_gmt":"2021-07-05T10:00:22","guid":{"rendered":"https:\/\/mahlers.a.vaia.cloud\/2021\/07\/05\/mahlers-norge-oker-servicegraden-og-erstatter-selger-i-nord\/"},"modified":"2021-09-29T14:24:03","modified_gmt":"2021-09-29T12:24:03","slug":"mahlers-norge-oker-servicegraden-og-erstatter-selger-i-nord","status":"publish","type":"post","link":"https:\/\/mahlers.se\/no\/2021\/07\/05\/mahlers-norge-oker-servicegraden-og-erstatter-selger-i-nord\/","title":{"rendered":"M\u00e4hlers Norge \u00f8ker servicegraden, og erstatter selger i nord"},"content":{"rendered":"\t\t<div data-elementor-type=\"wp-post\" data-elementor-id=\"3495\" class=\"elementor elementor-3495 elementor-1543\" data-elementor-post-type=\"post\">\n\t\t\t\t\t\t<section class=\"elementor-section elementor-top-section elementor-element elementor-element-5087f3b9 elementor-section-full_width elementor-section-height-default elementor-section-height-default\" data-id=\"5087f3b9\" data-element_type=\"section\" data-e-type=\"section\">\n\t\t\t\t\t\t<div class=\"elementor-container elementor-column-gap-default\">\n\t\t\t\t\t<div class=\"elementor-column elementor-col-100 elementor-top-column elementor-element elementor-element-348276e7\" data-id=\"348276e7\" data-element_type=\"column\" data-e-type=\"column\">\n\t\t\t<div class=\"elementor-widget-wrap\">\n\t\t\t\t\t\t\t<\/div>\n\t\t<\/div>\n\t\t\t\t\t<\/div>\n\t\t<\/section>\n\t\t\t\t<section class=\"elementor-section elementor-top-section elementor-element elementor-element-8a6167c elementor-section-boxed elementor-section-height-default elementor-section-height-default\" data-id=\"8a6167c\" data-element_type=\"section\" data-e-type=\"section\">\n\t\t\t\t\t\t<div class=\"elementor-container elementor-column-gap-default\">\n\t\t\t\t\t<div class=\"elementor-column elementor-col-100 elementor-top-column elementor-element elementor-element-845652\" data-id=\"845652\" data-element_type=\"column\" data-e-type=\"column\">\n\t\t\t<div class=\"elementor-widget-wrap elementor-element-populated\">\n\t\t\t\t\t\t<div class=\"elementor-element elementor-element-10554bdd elementor-widget elementor-widget-spacer\" data-id=\"10554bdd\" data-element_type=\"widget\" data-e-type=\"widget\" data-widget_type=\"spacer.default\">\n\t\t\t\t<div class=\"elementor-widget-container\">\n\t\t\t\t\t\t\t<div class=\"elementor-spacer\">\n\t\t\t<div class=\"elementor-spacer-inner\"><\/div>\n\t\t<\/div>\n\t\t\t\t\t\t<\/div>\n\t\t\t\t<\/div>\n\t\t\t\t\t<\/div>\n\t\t<\/div>\n\t\t\t\t\t<\/div>\n\t\t<\/section>\n\t\t\t\t<section class=\"elementor-section elementor-top-section elementor-element elementor-element-65fca201 elementor-section-boxed elementor-section-height-default elementor-section-height-default\" data-id=\"65fca201\" data-element_type=\"section\" data-e-type=\"section\">\n\t\t\t\t\t\t<div class=\"elementor-container elementor-column-gap-default\">\n\t\t\t\t\t<div class=\"elementor-column elementor-col-50 elementor-top-column elementor-element elementor-element-ff86439\" data-id=\"ff86439\" data-element_type=\"column\" data-e-type=\"column\">\n\t\t\t<div class=\"elementor-widget-wrap elementor-element-populated\">\n\t\t\t\t\t\t<div class=\"elementor-element elementor-element-df884bd elementor-widget elementor-widget-image\" data-id=\"df884bd\" data-element_type=\"widget\" data-e-type=\"widget\" data-widget_type=\"image.default\">\n\t\t\t\t<div class=\"elementor-widget-container\">\n\t\t\t\t\t\t\t\t\t\t\t\t\t\t\t<img fetchpriority=\"high\" decoding=\"async\" width=\"800\" height=\"430\" src=\"https:\/\/mahlers.se\/wp-content\/uploads\/2021\/07\/Ma\u0308hlers_Tor_Olav_och_Markus-1024x550.jpeg\" class=\"attachment-large size-large wp-image-1548\" alt=\"\" srcset=\"https:\/\/mahlers.se\/wp-content\/uploads\/2021\/07\/Ma\u0308hlers_Tor_Olav_och_Markus-1024x550.jpeg 1024w, https:\/\/mahlers.se\/wp-content\/uploads\/2021\/07\/Ma\u0308hlers_Tor_Olav_och_Markus-300x161.jpeg 300w, https:\/\/mahlers.se\/wp-content\/uploads\/2021\/07\/Ma\u0308hlers_Tor_Olav_och_Markus-768x413.jpeg 768w, https:\/\/mahlers.se\/wp-content\/uploads\/2021\/07\/Ma\u0308hlers_Tor_Olav_och_Markus.jpeg 1429w\" sizes=\"(max-width: 800px) 100vw, 800px\" \/>\t\t\t\t\t\t\t\t\t\t\t\t\t\t\t<\/div>\n\t\t\t\t<\/div>\n\t\t\t\t\t<\/div>\n\t\t<\/div>\n\t\t\t\t<div class=\"elementor-column elementor-col-50 elementor-top-column elementor-element elementor-element-77d65720\" data-id=\"77d65720\" data-element_type=\"column\" data-e-type=\"column\">\n\t\t\t<div class=\"elementor-widget-wrap\">\n\t\t\t\t\t\t\t<\/div>\n\t\t<\/div>\n\t\t\t\t\t<\/div>\n\t\t<\/section>\n\t\t\t\t<section class=\"elementor-section elementor-top-section elementor-element elementor-element-bc0973d elementor-section-boxed elementor-section-height-default elementor-section-height-default\" data-id=\"bc0973d\" data-element_type=\"section\" data-e-type=\"section\">\n\t\t\t\t\t\t<div class=\"elementor-container elementor-column-gap-default\">\n\t\t\t\t\t<div class=\"elementor-column elementor-col-50 elementor-top-column elementor-element elementor-element-4a24e65\" data-id=\"4a24e65\" data-element_type=\"column\" data-e-type=\"column\">\n\t\t\t<div class=\"elementor-widget-wrap elementor-element-populated\">\n\t\t\t\t\t\t<div class=\"elementor-element elementor-element-4b56a82 elementor-widget elementor-widget-heading\" data-id=\"4b56a82\" data-element_type=\"widget\" data-e-type=\"widget\" data-widget_type=\"heading.default\">\n\t\t\t\t<div class=\"elementor-widget-container\">\n\t\t\t\t\t<h1 class=\"elementor-heading-title elementor-size-default\">M\u00e4hlers Norge \u00f8ker servicegraden, og erstatter selger i nord<\/h1>\t\t\t\t<\/div>\n\t\t\t\t<\/div>\n\t\t\t\t<div class=\"elementor-element elementor-element-924976c elementor-widget elementor-widget-text-editor\" data-id=\"924976c\" data-element_type=\"widget\" data-e-type=\"widget\" data-widget_type=\"text-editor.default\">\n\t\t\t\t<div class=\"elementor-widget-container\">\n\t\t\t\t\t\t\t\t\t<p><strong>Siden oppstarten i 2014 har M\u00e4hlers Norge AS hatt en jevn vekst og er n\u00e5 en av markedets ledende sn\u00f8plogleverand\u00f8rer. For \u00e5 m\u00f8te den \u00f8kte ettersp\u00f8rselen og \u00f8ke tilgjengeligheten ytterligere, ansetter M\u00e4hlers n\u00e5 en servicetekniker og en salgsansvarlig. <\/strong><\/p>\n<p>Tor Olav Finnstun ansettes som servicetekniker, og han har tidligere jobbet i Ekspert Maskinutleie AS som servicetekniker og installat\u00f8r for kraner, utleiemaskiner og anleggsmaskiner.<\/p>\n<p>\u2013 Med Tor Olav vil vi kunne gi kundene enda bedre service og support, sier Roar Wehn, salgs- og markedssjef i M\u00e4hlers AS og M\u00e4hlers AB.<\/p>\n<p>Tor Olav vil ha kontakt med M\u00e4hlers\u2019 og Rascos servicepunkter i hele Norge samt yte service og support slik at kundens utstyr alltid er klart til bruk.<\/p>\n<p>\u2013 Jeg drar dit det trengs, og reservedeler har jeg i servicebilen, p\u00e5 lageret i Trondheim, i Sverige og hos servicepartnerne. Vi jobber for at kunden skal f\u00e5 delene levert s\u00e5 raskt som mulig, sier Tor Olav.<\/p>\n<p>M\u00e4hlers selger i Nord Norge, Per Hugo Mikalsen, g\u00e5r n\u00e5 over i en ny tilv\u00e6relse som pensjonist. For \u00e5 erstatte han har M\u00e4hlers ansatt 23-\u00e5rige Markus Wehn, som vil v\u00e6re ansvarlig for salget i Nord-Norge. Markus kommer rett fra stillingen som salgssjef for kontorm\u00f8bler, og ser n\u00e5 frem til \u00e5 v\u00e6re med p\u00e5 M\u00e4hlers\u2019 videre reise i Norge.<\/p>\n<p>\u2013 Jeg har f\u00e5tt mulighet til \u00e5 tilbringe noen uker p\u00e5 veien med den tidligere selgeren i Nord-Norge, Per Hugo Mikalsen. Jeg f\u00f8ler at vi har et sv\u00e6rt bredt og godt utvalg av produkter, men synes at fokuset p\u00e5 forbedring, utvikling og innovasjon er sv\u00e6rt spennende, sier Markus Wehn.<\/p>\n<p>Markus vil holde til i Trondheim og vil i hovedsak ha ansvaret for landsdelen fra Steinkjer til Kirkenes.<\/p>\n<p>\u2013 Tilgjengelighet er avgj\u00f8rende for oss i M\u00e4hlers, uansett om det gjelder salg eller support, da vi vet hvor viktig hvert minutt er for kundene. Med Tor Olav og Markus p\u00e5 laget vil vi kunne fortsette \u00e5 v\u00e6re den fleksible og tilgjengelige samarbeidspartneren, sier Roar Wehn.<\/p>\n\t\t\t\t\t\t\t\t<\/div>\n\t\t\t\t<\/div>\n\t\t\t\t\t<\/div>\n\t\t<\/div>\n\t\t\t\t<div class=\"elementor-column elementor-col-50 elementor-top-column elementor-element elementor-element-4bbe212\" data-id=\"4bbe212\" data-element_type=\"column\" data-e-type=\"column\">\n\t\t\t<div class=\"elementor-widget-wrap\">\n\t\t\t\t\t\t\t<\/div>\n\t\t<\/div>\n\t\t\t\t\t<\/div>\n\t\t<\/section>\n\t\t\t\t<section class=\"elementor-section elementor-top-section elementor-element elementor-element-41047895 elementor-section-boxed elementor-section-height-default elementor-section-height-default\" data-id=\"41047895\" data-element_type=\"section\" data-e-type=\"section\">\n\t\t\t\t\t\t<div class=\"elementor-container elementor-column-gap-default\">\n\t\t\t\t\t<div class=\"elementor-column elementor-col-100 elementor-top-column elementor-element elementor-element-2a7f1c99\" data-id=\"2a7f1c99\" data-element_type=\"column\" data-e-type=\"column\">\n\t\t\t<div class=\"elementor-widget-wrap elementor-element-populated\">\n\t\t\t\t\t\t<div class=\"elementor-element elementor-element-4654304b elementor-widget elementor-widget-spacer\" data-id=\"4654304b\" data-element_type=\"widget\" data-e-type=\"widget\" data-widget_type=\"spacer.default\">\n\t\t\t\t<div class=\"elementor-widget-container\">\n\t\t\t\t\t\t\t<div class=\"elementor-spacer\">\n\t\t\t<div class=\"elementor-spacer-inner\"><\/div>\n\t\t<\/div>\n\t\t\t\t\t\t<\/div>\n\t\t\t\t<\/div>\n\t\t\t\t\t<\/div>\n\t\t<\/div>\n\t\t\t\t\t<\/div>\n\t\t<\/section>\n\t\t\t\t<\/div>\n\t\t","protected":false},"excerpt":{"rendered":"<p>M\u00e4hlers Norge \u00f8ker servicegraden, og erstatter selger i nord Siden oppstarten i 2014 har M\u00e4hlers Norge AS hatt en jevn vekst og er n\u00e5 en av markedets ledende sn\u00f8plogleverand\u00f8rer. For \u00e5 m\u00f8te den \u00f8kte ettersp\u00f8rselen og \u00f8ke tilgjengeligheten ytterligere, ansetter M\u00e4hlers n\u00e5 en servicetekniker og en salgsansvarlig. Tor Olav Finnstun ansettes som servicetekniker, og han [&hellip;]<\/p>\n","protected":false},"author":2,"featured_media":0,"comment_status":"closed","ping_status":"open","sticky":false,"template":"","format":"standard","meta":{"_acf_changed":false,"footnotes":""},"categories":[23],"tags":[],"class_list":["post-3495","post","type-post","status-publish","format-standard","hentry","category-uncategorized-no"],"acf":[],"yoast_head":"<!-- This site is optimized with the Yoast SEO plugin v27.2 - https:\/\/yoast.com\/product\/yoast-seo-wordpress\/ -->\n<title>M\u00e4hlers Norge \u00f8ker servicegraden, og erstatter selger i nord - M\u00e4hlers<\/title>\n<meta name=\"robots\" content=\"index, follow, max-snippet:-1, max-image-preview:large, max-video-preview:-1\" \/>\n<link rel=\"canonical\" href=\"https:\/\/mahlers.se\/no\/2021\/07\/05\/mahlers-norge-oker-servicegraden-og-erstatter-selger-i-nord\/\" \/>\n<meta property=\"og:locale\" content=\"nb_NO\" \/>\n<meta property=\"og:type\" content=\"article\" \/>\n<meta property=\"og:title\" content=\"M\u00e4hlers Norge \u00f8ker servicegraden, og erstatter selger i nord - M\u00e4hlers\" \/>\n<meta property=\"og:description\" content=\"M\u00e4hlers Norge \u00f8ker servicegraden, og erstatter selger i nord Siden oppstarten i 2014 har M\u00e4hlers Norge AS hatt en jevn vekst og er n\u00e5 en av markedets ledende sn\u00f8plogleverand\u00f8rer. For \u00e5 m\u00f8te den \u00f8kte ettersp\u00f8rselen og \u00f8ke tilgjengeligheten ytterligere, ansetter M\u00e4hlers n\u00e5 en servicetekniker og en salgsansvarlig. Tor Olav Finnstun ansettes som servicetekniker, og han [&hellip;]\" \/>\n<meta property=\"og:url\" content=\"https:\/\/mahlers.se\/no\/2021\/07\/05\/mahlers-norge-oker-servicegraden-og-erstatter-selger-i-nord\/\" \/>\n<meta property=\"og:site_name\" content=\"M\u00e4hlers\" \/>\n<meta property=\"article:published_time\" content=\"2021-07-05T10:00:22+00:00\" \/>\n<meta property=\"article:modified_time\" content=\"2021-09-29T12:24:03+00:00\" \/>\n<meta property=\"og:image\" content=\"https:\/\/mahlers.se\/wp-content\/uploads\/2021\/07\/Ma\u0308hlers_Tor_Olav_och_Markus-1024x550.jpeg\" \/>\n<meta name=\"author\" content=\"philip\" \/>\n<meta name=\"twitter:card\" content=\"summary_large_image\" \/>\n<meta name=\"twitter:label1\" content=\"Skrevet av\" \/>\n\t<meta name=\"twitter:data1\" content=\"philip\" \/>\n\t<meta name=\"twitter:label2\" content=\"Ansl. lesetid\" \/>\n\t<meta name=\"twitter:data2\" content=\"2 minutter\" \/>\n<script type=\"application\/ld+json\" class=\"yoast-schema-graph\">{\"@context\":\"https:\/\/schema.org\",\"@graph\":[{\"@type\":\"Article\",\"@id\":\"https:\/\/mahlers.se\/no\/2021\/07\/05\/mahlers-norge-oker-servicegraden-og-erstatter-selger-i-nord\/#article\",\"isPartOf\":{\"@id\":\"https:\/\/mahlers.se\/no\/2021\/07\/05\/mahlers-norge-oker-servicegraden-og-erstatter-selger-i-nord\/\"},\"author\":{\"name\":\"philip\",\"@id\":\"https:\/\/mahlers.se\/no\/#\/schema\/person\/ca71f2fd841442f766d749f2e3501c52\"},\"headline\":\"M\u00e4hlers Norge \u00f8ker servicegraden, og erstatter selger i nord\",\"datePublished\":\"2021-07-05T10:00:22+00:00\",\"dateModified\":\"2021-09-29T12:24:03+00:00\",\"mainEntityOfPage\":{\"@id\":\"https:\/\/mahlers.se\/no\/2021\/07\/05\/mahlers-norge-oker-servicegraden-og-erstatter-selger-i-nord\/\"},\"wordCount\":359,\"publisher\":{\"@id\":\"https:\/\/mahlers.se\/no\/#organization\"},\"articleSection\":[\"Uncategorized @no\"],\"inLanguage\":\"nb-NO\"},{\"@type\":\"WebPage\",\"@id\":\"https:\/\/mahlers.se\/no\/2021\/07\/05\/mahlers-norge-oker-servicegraden-og-erstatter-selger-i-nord\/\",\"url\":\"https:\/\/mahlers.se\/no\/2021\/07\/05\/mahlers-norge-oker-servicegraden-og-erstatter-selger-i-nord\/\",\"name\":\"M\u00e4hlers Norge \u00f8ker servicegraden, og erstatter selger i nord - M\u00e4hlers\",\"isPartOf\":{\"@id\":\"https:\/\/mahlers.se\/no\/#website\"},\"datePublished\":\"2021-07-05T10:00:22+00:00\",\"dateModified\":\"2021-09-29T12:24:03+00:00\",\"breadcrumb\":{\"@id\":\"https:\/\/mahlers.se\/no\/2021\/07\/05\/mahlers-norge-oker-servicegraden-og-erstatter-selger-i-nord\/#breadcrumb\"},\"inLanguage\":\"nb-NO\",\"potentialAction\":[{\"@type\":\"ReadAction\",\"target\":[\"https:\/\/mahlers.se\/no\/2021\/07\/05\/mahlers-norge-oker-servicegraden-og-erstatter-selger-i-nord\/\"]}]},{\"@type\":\"BreadcrumbList\",\"@id\":\"https:\/\/mahlers.se\/no\/2021\/07\/05\/mahlers-norge-oker-servicegraden-og-erstatter-selger-i-nord\/#breadcrumb\",\"itemListElement\":[{\"@type\":\"ListItem\",\"position\":1,\"name\":\"Hem\",\"item\":\"https:\/\/mahlers.se\/no\/\"},{\"@type\":\"ListItem\",\"position\":2,\"name\":\"M\u00e4hlers Norge \u00f8ker servicegraden, og erstatter selger i nord\"}]},{\"@type\":\"WebSite\",\"@id\":\"https:\/\/mahlers.se\/no\/#website\",\"url\":\"https:\/\/mahlers.se\/no\/\",\"name\":\"M\u00e4hlers\",\"description\":\"F\u00f6r effektivare sn\u00f6r\u00f6jning och v\u00e4gunderh\u00e5ll\",\"publisher\":{\"@id\":\"https:\/\/mahlers.se\/no\/#organization\"},\"potentialAction\":[{\"@type\":\"SearchAction\",\"target\":{\"@type\":\"EntryPoint\",\"urlTemplate\":\"https:\/\/mahlers.se\/no\/?s={search_term_string}\"},\"query-input\":{\"@type\":\"PropertyValueSpecification\",\"valueRequired\":true,\"valueName\":\"search_term_string\"}}],\"inLanguage\":\"nb-NO\"},{\"@type\":\"Organization\",\"@id\":\"https:\/\/mahlers.se\/no\/#organization\",\"name\":\"M\u00e4hlers\",\"url\":\"https:\/\/mahlers.se\/no\/\",\"logo\":{\"@type\":\"ImageObject\",\"inLanguage\":\"nb-NO\",\"@id\":\"https:\/\/mahlers.se\/no\/#\/schema\/logo\/image\/\",\"url\":\"https:\/\/mahlers.se\/wp-content\/uploads\/2021\/06\/Mahlers-logo-ned-wordonly.png\",\"contentUrl\":\"https:\/\/mahlers.se\/wp-content\/uploads\/2021\/06\/Mahlers-logo-ned-wordonly.png\",\"width\":1026,\"height\":186,\"caption\":\"M\u00e4hlers\"},\"image\":{\"@id\":\"https:\/\/mahlers.se\/no\/#\/schema\/logo\/image\/\"}},{\"@type\":\"Person\",\"@id\":\"https:\/\/mahlers.se\/no\/#\/schema\/person\/ca71f2fd841442f766d749f2e3501c52\",\"name\":\"philip\",\"image\":{\"@type\":\"ImageObject\",\"inLanguage\":\"nb-NO\",\"@id\":\"https:\/\/secure.gravatar.com\/avatar\/04128fa8b7769f4f0e9aa677ed735657e5b92e403f2ae78b6051aad0b5d58efa?s=96&d=mm&r=g\",\"url\":\"https:\/\/secure.gravatar.com\/avatar\/04128fa8b7769f4f0e9aa677ed735657e5b92e403f2ae78b6051aad0b5d58efa?s=96&d=mm&r=g\",\"contentUrl\":\"https:\/\/secure.gravatar.com\/avatar\/04128fa8b7769f4f0e9aa677ed735657e5b92e403f2ae78b6051aad0b5d58efa?s=96&d=mm&r=g\",\"caption\":\"philip\"},\"url\":\"https:\/\/mahlers.se\/no\/author\/philip\/\"}]}<\/script>\n<!-- \/ Yoast SEO plugin. -->","yoast_head_json":{"title":"M\u00e4hlers Norge \u00f8ker servicegraden, og erstatter selger i nord - M\u00e4hlers","robots":{"index":"index","follow":"follow","max-snippet":"max-snippet:-1","max-image-preview":"max-image-preview:large","max-video-preview":"max-video-preview:-1"},"canonical":"https:\/\/mahlers.se\/no\/2021\/07\/05\/mahlers-norge-oker-servicegraden-og-erstatter-selger-i-nord\/","og_locale":"nb_NO","og_type":"article","og_title":"M\u00e4hlers Norge \u00f8ker servicegraden, og erstatter selger i nord - M\u00e4hlers","og_description":"M\u00e4hlers Norge \u00f8ker servicegraden, og erstatter selger i nord Siden oppstarten i 2014 har M\u00e4hlers Norge AS hatt en jevn vekst og er n\u00e5 en av markedets ledende sn\u00f8plogleverand\u00f8rer. For \u00e5 m\u00f8te den \u00f8kte ettersp\u00f8rselen og \u00f8ke tilgjengeligheten ytterligere, ansetter M\u00e4hlers n\u00e5 en servicetekniker og en salgsansvarlig. Tor Olav Finnstun ansettes som servicetekniker, og han [&hellip;]","og_url":"https:\/\/mahlers.se\/no\/2021\/07\/05\/mahlers-norge-oker-servicegraden-og-erstatter-selger-i-nord\/","og_site_name":"M\u00e4hlers","article_published_time":"2021-07-05T10:00:22+00:00","article_modified_time":"2021-09-29T12:24:03+00:00","og_image":[{"url":"https:\/\/mahlers.se\/wp-content\/uploads\/2021\/07\/Ma\u0308hlers_Tor_Olav_och_Markus-1024x550.jpeg","type":"","width":"","height":""}],"author":"philip","twitter_card":"summary_large_image","twitter_misc":{"Skrevet av":"philip","Ansl. lesetid":"2 minutter"},"schema":{"@context":"https:\/\/schema.org","@graph":[{"@type":"Article","@id":"https:\/\/mahlers.se\/no\/2021\/07\/05\/mahlers-norge-oker-servicegraden-og-erstatter-selger-i-nord\/#article","isPartOf":{"@id":"https:\/\/mahlers.se\/no\/2021\/07\/05\/mahlers-norge-oker-servicegraden-og-erstatter-selger-i-nord\/"},"author":{"name":"philip","@id":"https:\/\/mahlers.se\/no\/#\/schema\/person\/ca71f2fd841442f766d749f2e3501c52"},"headline":"M\u00e4hlers Norge \u00f8ker servicegraden, og erstatter selger i nord","datePublished":"2021-07-05T10:00:22+00:00","dateModified":"2021-09-29T12:24:03+00:00","mainEntityOfPage":{"@id":"https:\/\/mahlers.se\/no\/2021\/07\/05\/mahlers-norge-oker-servicegraden-og-erstatter-selger-i-nord\/"},"wordCount":359,"publisher":{"@id":"https:\/\/mahlers.se\/no\/#organization"},"articleSection":["Uncategorized @no"],"inLanguage":"nb-NO"},{"@type":"WebPage","@id":"https:\/\/mahlers.se\/no\/2021\/07\/05\/mahlers-norge-oker-servicegraden-og-erstatter-selger-i-nord\/","url":"https:\/\/mahlers.se\/no\/2021\/07\/05\/mahlers-norge-oker-servicegraden-og-erstatter-selger-i-nord\/","name":"M\u00e4hlers Norge \u00f8ker servicegraden, og erstatter selger i nord - M\u00e4hlers","isPartOf":{"@id":"https:\/\/mahlers.se\/no\/#website"},"datePublished":"2021-07-05T10:00:22+00:00","dateModified":"2021-09-29T12:24:03+00:00","breadcrumb":{"@id":"https:\/\/mahlers.se\/no\/2021\/07\/05\/mahlers-norge-oker-servicegraden-og-erstatter-selger-i-nord\/#breadcrumb"},"inLanguage":"nb-NO","potentialAction":[{"@type":"ReadAction","target":["https:\/\/mahlers.se\/no\/2021\/07\/05\/mahlers-norge-oker-servicegraden-og-erstatter-selger-i-nord\/"]}]},{"@type":"BreadcrumbList","@id":"https:\/\/mahlers.se\/no\/2021\/07\/05\/mahlers-norge-oker-servicegraden-og-erstatter-selger-i-nord\/#breadcrumb","itemListElement":[{"@type":"ListItem","position":1,"name":"Hem","item":"https:\/\/mahlers.se\/no\/"},{"@type":"ListItem","position":2,"name":"M\u00e4hlers Norge \u00f8ker servicegraden, og erstatter selger i nord"}]},{"@type":"WebSite","@id":"https:\/\/mahlers.se\/no\/#website","url":"https:\/\/mahlers.se\/no\/","name":"M\u00e4hlers","description":"F\u00f6r effektivare sn\u00f6r\u00f6jning och v\u00e4gunderh\u00e5ll","publisher":{"@id":"https:\/\/mahlers.se\/no\/#organization"},"potentialAction":[{"@type":"SearchAction","target":{"@type":"EntryPoint","urlTemplate":"https:\/\/mahlers.se\/no\/?s={search_term_string}"},"query-input":{"@type":"PropertyValueSpecification","valueRequired":true,"valueName":"search_term_string"}}],"inLanguage":"nb-NO"},{"@type":"Organization","@id":"https:\/\/mahlers.se\/no\/#organization","name":"M\u00e4hlers","url":"https:\/\/mahlers.se\/no\/","logo":{"@type":"ImageObject","inLanguage":"nb-NO","@id":"https:\/\/mahlers.se\/no\/#\/schema\/logo\/image\/","url":"https:\/\/mahlers.se\/wp-content\/uploads\/2021\/06\/Mahlers-logo-ned-wordonly.png","contentUrl":"https:\/\/mahlers.se\/wp-content\/uploads\/2021\/06\/Mahlers-logo-ned-wordonly.png","width":1026,"height":186,"caption":"M\u00e4hlers"},"image":{"@id":"https:\/\/mahlers.se\/no\/#\/schema\/logo\/image\/"}},{"@type":"Person","@id":"https:\/\/mahlers.se\/no\/#\/schema\/person\/ca71f2fd841442f766d749f2e3501c52","name":"philip","image":{"@type":"ImageObject","inLanguage":"nb-NO","@id":"https:\/\/secure.gravatar.com\/avatar\/04128fa8b7769f4f0e9aa677ed735657e5b92e403f2ae78b6051aad0b5d58efa?s=96&d=mm&r=g","url":"https:\/\/secure.gravatar.com\/avatar\/04128fa8b7769f4f0e9aa677ed735657e5b92e403f2ae78b6051aad0b5d58efa?s=96&d=mm&r=g","contentUrl":"https:\/\/secure.gravatar.com\/avatar\/04128fa8b7769f4f0e9aa677ed735657e5b92e403f2ae78b6051aad0b5d58efa?s=96&d=mm&r=g","caption":"philip"},"url":"https:\/\/mahlers.se\/no\/author\/philip\/"}]}},"_links":{"self":[{"href":"https:\/\/mahlers.se\/no\/wp-json\/wp\/v2\/posts\/3495","targetHints":{"allow":["GET"]}}],"collection":[{"href":"https:\/\/mahlers.se\/no\/wp-json\/wp\/v2\/posts"}],"about":[{"href":"https:\/\/mahlers.se\/no\/wp-json\/wp\/v2\/types\/post"}],"author":[{"embeddable":true,"href":"https:\/\/mahlers.se\/no\/wp-json\/wp\/v2\/users\/2"}],"replies":[{"embeddable":true,"href":"https:\/\/mahlers.se\/no\/wp-json\/wp\/v2\/comments?post=3495"}],"version-history":[{"count":1,"href":"https:\/\/mahlers.se\/no\/wp-json\/wp\/v2\/posts\/3495\/revisions"}],"predecessor-version":[{"id":3496,"href":"https:\/\/mahlers.se\/no\/wp-json\/wp\/v2\/posts\/3495\/revisions\/3496"}],"wp:attachment":[{"href":"https:\/\/mahlers.se\/no\/wp-json\/wp\/v2\/media?parent=3495"}],"wp:term":[{"taxonomy":"category","embeddable":true,"href":"https:\/\/mahlers.se\/no\/wp-json\/wp\/v2\/categories?post=3495"},{"taxonomy":"post_tag","embeddable":true,"href":"https:\/\/mahlers.se\/no\/wp-json\/wp\/v2\/tags?post=3495"}],"curies":[{"name":"wp","href":"https:\/\/api.w.org\/{rel}","templated":true}]}}