{"id":3485,"date":"2017-02-17T12:00:19","date_gmt":"2017-02-17T11:00:19","guid":{"rendered":"https:\/\/mahlers.a.vaia.cloud\/2017\/02\/17\/mahlers-far-ny-plassjef-vi-skal-oke-forspranget-ytterligere\/"},"modified":"2021-09-29T13:50:15","modified_gmt":"2021-09-29T11:50:15","slug":"mahlers-far-ny-plassjef-vi-skal-oke-forspranget-ytterligere","status":"publish","type":"post","link":"https:\/\/mahlers.se\/no\/2017\/02\/17\/mahlers-far-ny-plassjef-vi-skal-oke-forspranget-ytterligere\/","title":{"rendered":"M\u00e4hlers f\u00e5r ny plassjef \u2013 &laquo;Vi skal \u00f8ke forspranget ytterligere&raquo;"},"content":{"rendered":"\t\t<div data-elementor-type=\"wp-post\" data-elementor-id=\"3485\" class=\"elementor elementor-3485 elementor-1277\" data-elementor-post-type=\"post\">\n\t\t\t\t\t\t<section class=\"elementor-section elementor-top-section elementor-element elementor-element-11899cd7 elementor-section-full_width elementor-section-height-default elementor-section-height-default\" data-id=\"11899cd7\" data-element_type=\"section\" data-e-type=\"section\">\n\t\t\t\t\t\t<div class=\"elementor-container elementor-column-gap-default\">\n\t\t\t\t\t<div class=\"elementor-column elementor-col-100 elementor-top-column elementor-element elementor-element-6cf35d4a\" data-id=\"6cf35d4a\" data-element_type=\"column\" data-e-type=\"column\">\n\t\t\t<div class=\"elementor-widget-wrap\">\n\t\t\t\t\t\t\t<\/div>\n\t\t<\/div>\n\t\t\t\t\t<\/div>\n\t\t<\/section>\n\t\t\t\t<section class=\"elementor-section elementor-top-section elementor-element elementor-element-56a62b22 elementor-section-boxed elementor-section-height-default elementor-section-height-default\" data-id=\"56a62b22\" data-element_type=\"section\" data-e-type=\"section\">\n\t\t\t\t\t\t<div class=\"elementor-container elementor-column-gap-default\">\n\t\t\t\t\t<div class=\"elementor-column elementor-col-100 elementor-top-column elementor-element elementor-element-612271f3\" data-id=\"612271f3\" data-element_type=\"column\" data-e-type=\"column\">\n\t\t\t<div class=\"elementor-widget-wrap elementor-element-populated\">\n\t\t\t\t\t\t<div class=\"elementor-element elementor-element-3caff3e7 elementor-widget elementor-widget-spacer\" data-id=\"3caff3e7\" data-element_type=\"widget\" data-e-type=\"widget\" data-widget_type=\"spacer.default\">\n\t\t\t\t<div class=\"elementor-widget-container\">\n\t\t\t\t\t\t\t<div class=\"elementor-spacer\">\n\t\t\t<div class=\"elementor-spacer-inner\"><\/div>\n\t\t<\/div>\n\t\t\t\t\t\t<\/div>\n\t\t\t\t<\/div>\n\t\t\t\t\t<\/div>\n\t\t<\/div>\n\t\t\t\t\t<\/div>\n\t\t<\/section>\n\t\t\t\t<section class=\"elementor-section elementor-top-section elementor-element elementor-element-465fc066 elementor-section-boxed elementor-section-height-default elementor-section-height-default\" data-id=\"465fc066\" data-element_type=\"section\" data-e-type=\"section\">\n\t\t\t\t\t\t<div class=\"elementor-container elementor-column-gap-default\">\n\t\t\t\t\t<div class=\"elementor-column elementor-col-100 elementor-top-column elementor-element elementor-element-648e49f9\" data-id=\"648e49f9\" data-element_type=\"column\" data-e-type=\"column\">\n\t\t\t<div class=\"elementor-widget-wrap elementor-element-populated\">\n\t\t\t\t\t\t<div class=\"elementor-element elementor-element-38833b56 elementor-widget elementor-widget-heading\" data-id=\"38833b56\" data-element_type=\"widget\" data-e-type=\"widget\" data-widget_type=\"heading.default\">\n\t\t\t\t<div class=\"elementor-widget-container\">\n\t\t\t\t\t<h1 class=\"elementor-heading-title elementor-size-default\">M\u00e4hlers f\u00e5r ny plassjef \u2013 \"Vi skal \u00f8ke forspranget ytterligere\"<\/h1>\t\t\t\t<\/div>\n\t\t\t\t<\/div>\n\t\t\t\t\t<\/div>\n\t\t<\/div>\n\t\t\t\t\t<\/div>\n\t\t<\/section>\n\t\t\t\t<section class=\"elementor-section elementor-top-section elementor-element elementor-element-745c9076 elementor-section-boxed elementor-section-height-default elementor-section-height-default\" data-id=\"745c9076\" data-element_type=\"section\" data-e-type=\"section\">\n\t\t\t\t\t\t<div class=\"elementor-container elementor-column-gap-default\">\n\t\t\t\t\t<div class=\"elementor-column elementor-col-50 elementor-top-column elementor-element elementor-element-a0a21b3\" data-id=\"a0a21b3\" data-element_type=\"column\" data-e-type=\"column\">\n\t\t\t<div class=\"elementor-widget-wrap elementor-element-populated\">\n\t\t\t\t\t\t<div class=\"elementor-element elementor-element-7e734d24 elementor-widget elementor-widget-text-editor\" data-id=\"7e734d24\" data-element_type=\"widget\" data-e-type=\"widget\" data-widget_type=\"text-editor.default\">\n\t\t\t\t<div class=\"elementor-widget-container\">\n\t\t\t\t\t\t\t\t\t<p><strong>M\u00e4hlers\u2019 fabrikk i Ross\u00f6n har f\u00e5tt ny plassjef. Ulf Matiasson kommer fra Flanges AB og har satt h\u00f8ye m\u00e5l for bedriften.<\/strong><\/p>\n<p>Ulf Matiasson erstatter Patrik Johansson som ny plassjef for M\u00e4hlers\u2019 fabrikk i Ross\u00f6n, og Ulf har allerede satt h\u00f8ye m\u00e5l for bedriften.<\/p>\n<p>\u2013 Mitt m\u00e5l er at M\u00e4hlers skal fortsette \u00e5 v\u00e6re den ledende produsenten av sn\u00f8ploger og tilbeh\u00f8r med beste kvalitet og service i alle ledd. Det er en hard jobb som ligger foran oss, men vi har mange nye, spennende produkter og personale med h\u00f8y kompetanse som kommer til \u00e5 \u00f8ke v\u00e5rt forsprang ytterligere, sier han.<\/p>\n<p><strong>Ulike bedrifter \u2013 samme utfordringer<\/strong><\/p>\n<p>Ulf Matiasson kommer fra Flanges AB i \u00d6rnsk\u00f6ldsvik, en bedrift med cirka 40 ansatte som produserer r\u00f8rkoblinger for prosessindustrien. If\u00f8lge ham er det tilsvarende utfordringer innen produksjonen hos M\u00e4hlers som p\u00e5 hans tidligere arbeidsplass.<\/p>\n<p>\u2013 \u00c5 p\u00e5se at det finnes materiale og produksjonskapasitet p\u00e5 rett sted til rett tid, og at det leveres i tide, er n\u00f8yaktig samme prosess uansett om det gjelder r\u00f8rkoblinger eller sn\u00f8ploger, mener han.<\/p>\n<p>Ulf Matiasson erstatter Patrik Johansson som ny plassjef for M\u00e4hlers\u2019 fabrikk i Ross\u00f6n, og Ulf har allerede satt h\u00f8ye m\u00e5l for bedriften.\u2013 Mitt m\u00e5l er at M\u00e4hlers skal fortsette \u00e5 v\u00e6re den ledende produsenten av sn\u00f8ploger og tilbeh\u00f8r med beste kvalitet og service i alle ledd. Det er en hard jobb som ligger foran oss, men vi har mange nye, spennende produkter og personale med h\u00f8y kompetanse som kommer til \u00e5 \u00f8ke v\u00e5rt forsprang ytterligere, sier han.<\/p>\n\t\t\t\t\t\t\t\t<\/div>\n\t\t\t\t<\/div>\n\t\t\t\t\t<\/div>\n\t\t<\/div>\n\t\t\t\t<div class=\"elementor-column elementor-col-50 elementor-top-column elementor-element elementor-element-7d50d8f6\" data-id=\"7d50d8f6\" data-element_type=\"column\" data-e-type=\"column\">\n\t\t\t<div class=\"elementor-widget-wrap\">\n\t\t\t\t\t\t\t<\/div>\n\t\t<\/div>\n\t\t\t\t\t<\/div>\n\t\t<\/section>\n\t\t\t\t<section class=\"elementor-section elementor-top-section elementor-element elementor-element-6662615f elementor-section-boxed elementor-section-height-default elementor-section-height-default\" data-id=\"6662615f\" data-element_type=\"section\" data-e-type=\"section\">\n\t\t\t\t\t\t<div class=\"elementor-container elementor-column-gap-default\">\n\t\t\t\t\t<div class=\"elementor-column elementor-col-100 elementor-top-column elementor-element elementor-element-701e6d4e\" data-id=\"701e6d4e\" data-element_type=\"column\" data-e-type=\"column\">\n\t\t\t<div class=\"elementor-widget-wrap elementor-element-populated\">\n\t\t\t\t\t\t<div class=\"elementor-element elementor-element-68e29b0a elementor-widget elementor-widget-spacer\" data-id=\"68e29b0a\" data-element_type=\"widget\" data-e-type=\"widget\" data-widget_type=\"spacer.default\">\n\t\t\t\t<div class=\"elementor-widget-container\">\n\t\t\t\t\t\t\t<div class=\"elementor-spacer\">\n\t\t\t<div class=\"elementor-spacer-inner\"><\/div>\n\t\t<\/div>\n\t\t\t\t\t\t<\/div>\n\t\t\t\t<\/div>\n\t\t\t\t\t<\/div>\n\t\t<\/div>\n\t\t\t\t\t<\/div>\n\t\t<\/section>\n\t\t\t\t<\/div>\n\t\t","protected":false},"excerpt":{"rendered":"<p>M\u00e4hlers f\u00e5r ny plassjef \u2013 &laquo;Vi skal \u00f8ke forspranget ytterligere&raquo; M\u00e4hlers\u2019 fabrikk i Ross\u00f6n har f\u00e5tt ny plassjef. Ulf Matiasson kommer fra Flanges AB og har satt h\u00f8ye m\u00e5l for bedriften. Ulf Matiasson erstatter Patrik Johansson som ny plassjef for M\u00e4hlers\u2019 fabrikk i Ross\u00f6n, og Ulf har allerede satt h\u00f8ye m\u00e5l for bedriften. \u2013 Mitt [&hellip;]<\/p>\n","protected":false},"author":2,"featured_media":0,"comment_status":"closed","ping_status":"open","sticky":false,"template":"","format":"standard","meta":{"_acf_changed":false,"footnotes":""},"categories":[23],"tags":[],"class_list":["post-3485","post","type-post","status-publish","format-standard","hentry","category-uncategorized-no"],"acf":[],"yoast_head":"<!-- This site is optimized with the Yoast SEO plugin v27.2 - https:\/\/yoast.com\/product\/yoast-seo-wordpress\/ -->\n<title>M\u00e4hlers f\u00e5r ny plassjef \u2013 &quot;Vi skal \u00f8ke forspranget ytterligere&quot; - M\u00e4hlers<\/title>\n<meta name=\"robots\" content=\"index, follow, max-snippet:-1, max-image-preview:large, max-video-preview:-1\" \/>\n<link rel=\"canonical\" href=\"https:\/\/mahlers.se\/no\/2017\/02\/17\/mahlers-far-ny-plassjef-vi-skal-oke-forspranget-ytterligere\/\" \/>\n<meta property=\"og:locale\" content=\"nb_NO\" \/>\n<meta property=\"og:type\" content=\"article\" \/>\n<meta property=\"og:title\" content=\"M\u00e4hlers f\u00e5r ny plassjef \u2013 &quot;Vi skal \u00f8ke forspranget ytterligere&quot; - M\u00e4hlers\" \/>\n<meta property=\"og:description\" content=\"M\u00e4hlers f\u00e5r ny plassjef \u2013 &laquo;Vi skal \u00f8ke forspranget ytterligere&raquo; M\u00e4hlers\u2019 fabrikk i Ross\u00f6n har f\u00e5tt ny plassjef. Ulf Matiasson kommer fra Flanges AB og har satt h\u00f8ye m\u00e5l for bedriften. Ulf Matiasson erstatter Patrik Johansson som ny plassjef for M\u00e4hlers\u2019 fabrikk i Ross\u00f6n, og Ulf har allerede satt h\u00f8ye m\u00e5l for bedriften. \u2013 Mitt [&hellip;]\" \/>\n<meta property=\"og:url\" content=\"https:\/\/mahlers.se\/no\/2017\/02\/17\/mahlers-far-ny-plassjef-vi-skal-oke-forspranget-ytterligere\/\" \/>\n<meta property=\"og:site_name\" content=\"M\u00e4hlers\" \/>\n<meta property=\"article:published_time\" content=\"2017-02-17T11:00:19+00:00\" \/>\n<meta property=\"article:modified_time\" content=\"2021-09-29T11:50:15+00:00\" \/>\n<meta name=\"author\" content=\"philip\" \/>\n<meta name=\"twitter:card\" content=\"summary_large_image\" \/>\n<meta name=\"twitter:label1\" content=\"Skrevet av\" \/>\n\t<meta name=\"twitter:data1\" content=\"philip\" \/>\n\t<meta name=\"twitter:label2\" content=\"Ansl. lesetid\" \/>\n\t<meta name=\"twitter:data2\" content=\"1 minutt\" \/>\n<script type=\"application\/ld+json\" class=\"yoast-schema-graph\">{\"@context\":\"https:\/\/schema.org\",\"@graph\":[{\"@type\":\"Article\",\"@id\":\"https:\/\/mahlers.se\/no\/2017\/02\/17\/mahlers-far-ny-plassjef-vi-skal-oke-forspranget-ytterligere\/#article\",\"isPartOf\":{\"@id\":\"https:\/\/mahlers.se\/no\/2017\/02\/17\/mahlers-far-ny-plassjef-vi-skal-oke-forspranget-ytterligere\/\"},\"author\":{\"name\":\"philip\",\"@id\":\"https:\/\/mahlers.se\/no\/#\/schema\/person\/ca71f2fd841442f766d749f2e3501c52\"},\"headline\":\"M\u00e4hlers f\u00e5r ny plassjef \u2013 &laquo;Vi skal \u00f8ke forspranget ytterligere&raquo;\",\"datePublished\":\"2017-02-17T11:00:19+00:00\",\"dateModified\":\"2021-09-29T11:50:15+00:00\",\"mainEntityOfPage\":{\"@id\":\"https:\/\/mahlers.se\/no\/2017\/02\/17\/mahlers-far-ny-plassjef-vi-skal-oke-forspranget-ytterligere\/\"},\"wordCount\":297,\"publisher\":{\"@id\":\"https:\/\/mahlers.se\/no\/#organization\"},\"articleSection\":[\"Uncategorized @no\"],\"inLanguage\":\"nb-NO\"},{\"@type\":\"WebPage\",\"@id\":\"https:\/\/mahlers.se\/no\/2017\/02\/17\/mahlers-far-ny-plassjef-vi-skal-oke-forspranget-ytterligere\/\",\"url\":\"https:\/\/mahlers.se\/no\/2017\/02\/17\/mahlers-far-ny-plassjef-vi-skal-oke-forspranget-ytterligere\/\",\"name\":\"M\u00e4hlers f\u00e5r ny plassjef \u2013 \\\"Vi skal \u00f8ke forspranget ytterligere\\\" - M\u00e4hlers\",\"isPartOf\":{\"@id\":\"https:\/\/mahlers.se\/no\/#website\"},\"datePublished\":\"2017-02-17T11:00:19+00:00\",\"dateModified\":\"2021-09-29T11:50:15+00:00\",\"breadcrumb\":{\"@id\":\"https:\/\/mahlers.se\/no\/2017\/02\/17\/mahlers-far-ny-plassjef-vi-skal-oke-forspranget-ytterligere\/#breadcrumb\"},\"inLanguage\":\"nb-NO\",\"potentialAction\":[{\"@type\":\"ReadAction\",\"target\":[\"https:\/\/mahlers.se\/no\/2017\/02\/17\/mahlers-far-ny-plassjef-vi-skal-oke-forspranget-ytterligere\/\"]}]},{\"@type\":\"BreadcrumbList\",\"@id\":\"https:\/\/mahlers.se\/no\/2017\/02\/17\/mahlers-far-ny-plassjef-vi-skal-oke-forspranget-ytterligere\/#breadcrumb\",\"itemListElement\":[{\"@type\":\"ListItem\",\"position\":1,\"name\":\"Hem\",\"item\":\"https:\/\/mahlers.se\/no\/\"},{\"@type\":\"ListItem\",\"position\":2,\"name\":\"M\u00e4hlers f\u00e5r ny plassjef \u2013 &#8221;Vi skal \u00f8ke forspranget ytterligere&#8221;\"}]},{\"@type\":\"WebSite\",\"@id\":\"https:\/\/mahlers.se\/no\/#website\",\"url\":\"https:\/\/mahlers.se\/no\/\",\"name\":\"M\u00e4hlers\",\"description\":\"F\u00f6r effektivare sn\u00f6r\u00f6jning och v\u00e4gunderh\u00e5ll\",\"publisher\":{\"@id\":\"https:\/\/mahlers.se\/no\/#organization\"},\"potentialAction\":[{\"@type\":\"SearchAction\",\"target\":{\"@type\":\"EntryPoint\",\"urlTemplate\":\"https:\/\/mahlers.se\/no\/?s={search_term_string}\"},\"query-input\":{\"@type\":\"PropertyValueSpecification\",\"valueRequired\":true,\"valueName\":\"search_term_string\"}}],\"inLanguage\":\"nb-NO\"},{\"@type\":\"Organization\",\"@id\":\"https:\/\/mahlers.se\/no\/#organization\",\"name\":\"M\u00e4hlers\",\"url\":\"https:\/\/mahlers.se\/no\/\",\"logo\":{\"@type\":\"ImageObject\",\"inLanguage\":\"nb-NO\",\"@id\":\"https:\/\/mahlers.se\/no\/#\/schema\/logo\/image\/\",\"url\":\"https:\/\/mahlers.se\/wp-content\/uploads\/2021\/06\/Mahlers-logo-ned-wordonly.png\",\"contentUrl\":\"https:\/\/mahlers.se\/wp-content\/uploads\/2021\/06\/Mahlers-logo-ned-wordonly.png\",\"width\":1026,\"height\":186,\"caption\":\"M\u00e4hlers\"},\"image\":{\"@id\":\"https:\/\/mahlers.se\/no\/#\/schema\/logo\/image\/\"}},{\"@type\":\"Person\",\"@id\":\"https:\/\/mahlers.se\/no\/#\/schema\/person\/ca71f2fd841442f766d749f2e3501c52\",\"name\":\"philip\",\"image\":{\"@type\":\"ImageObject\",\"inLanguage\":\"nb-NO\",\"@id\":\"https:\/\/secure.gravatar.com\/avatar\/04128fa8b7769f4f0e9aa677ed735657e5b92e403f2ae78b6051aad0b5d58efa?s=96&d=mm&r=g\",\"url\":\"https:\/\/secure.gravatar.com\/avatar\/04128fa8b7769f4f0e9aa677ed735657e5b92e403f2ae78b6051aad0b5d58efa?s=96&d=mm&r=g\",\"contentUrl\":\"https:\/\/secure.gravatar.com\/avatar\/04128fa8b7769f4f0e9aa677ed735657e5b92e403f2ae78b6051aad0b5d58efa?s=96&d=mm&r=g\",\"caption\":\"philip\"},\"url\":\"https:\/\/mahlers.se\/no\/author\/philip\/\"}]}<\/script>\n<!-- \/ Yoast SEO plugin. -->","yoast_head_json":{"title":"M\u00e4hlers f\u00e5r ny plassjef \u2013 \"Vi skal \u00f8ke forspranget ytterligere\" - M\u00e4hlers","robots":{"index":"index","follow":"follow","max-snippet":"max-snippet:-1","max-image-preview":"max-image-preview:large","max-video-preview":"max-video-preview:-1"},"canonical":"https:\/\/mahlers.se\/no\/2017\/02\/17\/mahlers-far-ny-plassjef-vi-skal-oke-forspranget-ytterligere\/","og_locale":"nb_NO","og_type":"article","og_title":"M\u00e4hlers f\u00e5r ny plassjef \u2013 \"Vi skal \u00f8ke forspranget ytterligere\" - M\u00e4hlers","og_description":"M\u00e4hlers f\u00e5r ny plassjef \u2013 &laquo;Vi skal \u00f8ke forspranget ytterligere&raquo; M\u00e4hlers\u2019 fabrikk i Ross\u00f6n har f\u00e5tt ny plassjef. Ulf Matiasson kommer fra Flanges AB og har satt h\u00f8ye m\u00e5l for bedriften. Ulf Matiasson erstatter Patrik Johansson som ny plassjef for M\u00e4hlers\u2019 fabrikk i Ross\u00f6n, og Ulf har allerede satt h\u00f8ye m\u00e5l for bedriften. \u2013 Mitt [&hellip;]","og_url":"https:\/\/mahlers.se\/no\/2017\/02\/17\/mahlers-far-ny-plassjef-vi-skal-oke-forspranget-ytterligere\/","og_site_name":"M\u00e4hlers","article_published_time":"2017-02-17T11:00:19+00:00","article_modified_time":"2021-09-29T11:50:15+00:00","author":"philip","twitter_card":"summary_large_image","twitter_misc":{"Skrevet av":"philip","Ansl. lesetid":"1 minutt"},"schema":{"@context":"https:\/\/schema.org","@graph":[{"@type":"Article","@id":"https:\/\/mahlers.se\/no\/2017\/02\/17\/mahlers-far-ny-plassjef-vi-skal-oke-forspranget-ytterligere\/#article","isPartOf":{"@id":"https:\/\/mahlers.se\/no\/2017\/02\/17\/mahlers-far-ny-plassjef-vi-skal-oke-forspranget-ytterligere\/"},"author":{"name":"philip","@id":"https:\/\/mahlers.se\/no\/#\/schema\/person\/ca71f2fd841442f766d749f2e3501c52"},"headline":"M\u00e4hlers f\u00e5r ny plassjef \u2013 &laquo;Vi skal \u00f8ke forspranget ytterligere&raquo;","datePublished":"2017-02-17T11:00:19+00:00","dateModified":"2021-09-29T11:50:15+00:00","mainEntityOfPage":{"@id":"https:\/\/mahlers.se\/no\/2017\/02\/17\/mahlers-far-ny-plassjef-vi-skal-oke-forspranget-ytterligere\/"},"wordCount":297,"publisher":{"@id":"https:\/\/mahlers.se\/no\/#organization"},"articleSection":["Uncategorized @no"],"inLanguage":"nb-NO"},{"@type":"WebPage","@id":"https:\/\/mahlers.se\/no\/2017\/02\/17\/mahlers-far-ny-plassjef-vi-skal-oke-forspranget-ytterligere\/","url":"https:\/\/mahlers.se\/no\/2017\/02\/17\/mahlers-far-ny-plassjef-vi-skal-oke-forspranget-ytterligere\/","name":"M\u00e4hlers f\u00e5r ny plassjef \u2013 \"Vi skal \u00f8ke forspranget ytterligere\" - M\u00e4hlers","isPartOf":{"@id":"https:\/\/mahlers.se\/no\/#website"},"datePublished":"2017-02-17T11:00:19+00:00","dateModified":"2021-09-29T11:50:15+00:00","breadcrumb":{"@id":"https:\/\/mahlers.se\/no\/2017\/02\/17\/mahlers-far-ny-plassjef-vi-skal-oke-forspranget-ytterligere\/#breadcrumb"},"inLanguage":"nb-NO","potentialAction":[{"@type":"ReadAction","target":["https:\/\/mahlers.se\/no\/2017\/02\/17\/mahlers-far-ny-plassjef-vi-skal-oke-forspranget-ytterligere\/"]}]},{"@type":"BreadcrumbList","@id":"https:\/\/mahlers.se\/no\/2017\/02\/17\/mahlers-far-ny-plassjef-vi-skal-oke-forspranget-ytterligere\/#breadcrumb","itemListElement":[{"@type":"ListItem","position":1,"name":"Hem","item":"https:\/\/mahlers.se\/no\/"},{"@type":"ListItem","position":2,"name":"M\u00e4hlers f\u00e5r ny plassjef \u2013 &#8221;Vi skal \u00f8ke forspranget ytterligere&#8221;"}]},{"@type":"WebSite","@id":"https:\/\/mahlers.se\/no\/#website","url":"https:\/\/mahlers.se\/no\/","name":"M\u00e4hlers","description":"F\u00f6r effektivare sn\u00f6r\u00f6jning och v\u00e4gunderh\u00e5ll","publisher":{"@id":"https:\/\/mahlers.se\/no\/#organization"},"potentialAction":[{"@type":"SearchAction","target":{"@type":"EntryPoint","urlTemplate":"https:\/\/mahlers.se\/no\/?s={search_term_string}"},"query-input":{"@type":"PropertyValueSpecification","valueRequired":true,"valueName":"search_term_string"}}],"inLanguage":"nb-NO"},{"@type":"Organization","@id":"https:\/\/mahlers.se\/no\/#organization","name":"M\u00e4hlers","url":"https:\/\/mahlers.se\/no\/","logo":{"@type":"ImageObject","inLanguage":"nb-NO","@id":"https:\/\/mahlers.se\/no\/#\/schema\/logo\/image\/","url":"https:\/\/mahlers.se\/wp-content\/uploads\/2021\/06\/Mahlers-logo-ned-wordonly.png","contentUrl":"https:\/\/mahlers.se\/wp-content\/uploads\/2021\/06\/Mahlers-logo-ned-wordonly.png","width":1026,"height":186,"caption":"M\u00e4hlers"},"image":{"@id":"https:\/\/mahlers.se\/no\/#\/schema\/logo\/image\/"}},{"@type":"Person","@id":"https:\/\/mahlers.se\/no\/#\/schema\/person\/ca71f2fd841442f766d749f2e3501c52","name":"philip","image":{"@type":"ImageObject","inLanguage":"nb-NO","@id":"https:\/\/secure.gravatar.com\/avatar\/04128fa8b7769f4f0e9aa677ed735657e5b92e403f2ae78b6051aad0b5d58efa?s=96&d=mm&r=g","url":"https:\/\/secure.gravatar.com\/avatar\/04128fa8b7769f4f0e9aa677ed735657e5b92e403f2ae78b6051aad0b5d58efa?s=96&d=mm&r=g","contentUrl":"https:\/\/secure.gravatar.com\/avatar\/04128fa8b7769f4f0e9aa677ed735657e5b92e403f2ae78b6051aad0b5d58efa?s=96&d=mm&r=g","caption":"philip"},"url":"https:\/\/mahlers.se\/no\/author\/philip\/"}]}},"_links":{"self":[{"href":"https:\/\/mahlers.se\/no\/wp-json\/wp\/v2\/posts\/3485","targetHints":{"allow":["GET"]}}],"collection":[{"href":"https:\/\/mahlers.se\/no\/wp-json\/wp\/v2\/posts"}],"about":[{"href":"https:\/\/mahlers.se\/no\/wp-json\/wp\/v2\/types\/post"}],"author":[{"embeddable":true,"href":"https:\/\/mahlers.se\/no\/wp-json\/wp\/v2\/users\/2"}],"replies":[{"embeddable":true,"href":"https:\/\/mahlers.se\/no\/wp-json\/wp\/v2\/comments?post=3485"}],"version-history":[{"count":1,"href":"https:\/\/mahlers.se\/no\/wp-json\/wp\/v2\/posts\/3485\/revisions"}],"predecessor-version":[{"id":3486,"href":"https:\/\/mahlers.se\/no\/wp-json\/wp\/v2\/posts\/3485\/revisions\/3486"}],"wp:attachment":[{"href":"https:\/\/mahlers.se\/no\/wp-json\/wp\/v2\/media?parent=3485"}],"wp:term":[{"taxonomy":"category","embeddable":true,"href":"https:\/\/mahlers.se\/no\/wp-json\/wp\/v2\/categories?post=3485"},{"taxonomy":"post_tag","embeddable":true,"href":"https:\/\/mahlers.se\/no\/wp-json\/wp\/v2\/tags?post=3485"}],"curies":[{"name":"wp","href":"https:\/\/api.w.org\/{rel}","templated":true}]}}