{"id":3481,"date":"2015-09-23T10:16:48","date_gmt":"2015-09-23T08:16:48","guid":{"rendered":"https:\/\/mahlers.a.vaia.cloud\/2021\/09\/29\/ny-salgssjef-for-mahlers-internasjonal\/"},"modified":"2021-09-29T13:28:53","modified_gmt":"2021-09-29T11:28:53","slug":"ny-salgssjef-for-mahlers-internasjonal","status":"publish","type":"post","link":"https:\/\/mahlers.se\/no\/2015\/09\/23\/ny-salgssjef-for-mahlers-internasjonal\/","title":{"rendered":"Ny salgssjef for M\u00e4hlers Internasjonal"},"content":{"rendered":"\t\t<div data-elementor-type=\"wp-post\" data-elementor-id=\"3481\" class=\"elementor elementor-3481 elementor-1259\" data-elementor-post-type=\"post\">\n\t\t\t\t\t\t<section class=\"elementor-section elementor-top-section elementor-element elementor-element-3ce317f8 elementor-section-full_width elementor-section-height-default elementor-section-height-default\" data-id=\"3ce317f8\" data-element_type=\"section\" data-e-type=\"section\">\n\t\t\t\t\t\t<div class=\"elementor-container elementor-column-gap-default\">\n\t\t\t\t\t<div class=\"elementor-column elementor-col-100 elementor-top-column elementor-element elementor-element-723e331b\" data-id=\"723e331b\" data-element_type=\"column\" data-e-type=\"column\">\n\t\t\t<div class=\"elementor-widget-wrap\">\n\t\t\t\t\t\t\t<\/div>\n\t\t<\/div>\n\t\t\t\t\t<\/div>\n\t\t<\/section>\n\t\t\t\t<section class=\"elementor-section elementor-top-section elementor-element elementor-element-46cf714f elementor-section-boxed elementor-section-height-default elementor-section-height-default\" data-id=\"46cf714f\" data-element_type=\"section\" data-e-type=\"section\">\n\t\t\t\t\t\t<div class=\"elementor-container elementor-column-gap-default\">\n\t\t\t\t\t<div class=\"elementor-column elementor-col-100 elementor-top-column elementor-element elementor-element-6d6c4d04\" data-id=\"6d6c4d04\" data-element_type=\"column\" data-e-type=\"column\">\n\t\t\t<div class=\"elementor-widget-wrap elementor-element-populated\">\n\t\t\t\t\t\t<div class=\"elementor-element elementor-element-277b6921 elementor-widget elementor-widget-spacer\" data-id=\"277b6921\" data-element_type=\"widget\" data-e-type=\"widget\" data-widget_type=\"spacer.default\">\n\t\t\t\t<div class=\"elementor-widget-container\">\n\t\t\t\t\t\t\t<div class=\"elementor-spacer\">\n\t\t\t<div class=\"elementor-spacer-inner\"><\/div>\n\t\t<\/div>\n\t\t\t\t\t\t<\/div>\n\t\t\t\t<\/div>\n\t\t\t\t\t<\/div>\n\t\t<\/div>\n\t\t\t\t\t<\/div>\n\t\t<\/section>\n\t\t\t\t<section class=\"elementor-section elementor-top-section elementor-element elementor-element-c34245d elementor-section-boxed elementor-section-height-default elementor-section-height-default\" data-id=\"c34245d\" data-element_type=\"section\" data-e-type=\"section\">\n\t\t\t\t\t\t<div class=\"elementor-container elementor-column-gap-default\">\n\t\t\t\t\t<div class=\"elementor-column elementor-col-100 elementor-top-column elementor-element elementor-element-370fa4ba\" data-id=\"370fa4ba\" data-element_type=\"column\" data-e-type=\"column\">\n\t\t\t<div class=\"elementor-widget-wrap elementor-element-populated\">\n\t\t\t\t\t\t<div class=\"elementor-element elementor-element-a0a85f6 elementor-widget elementor-widget-heading\" data-id=\"a0a85f6\" data-element_type=\"widget\" data-e-type=\"widget\" data-widget_type=\"heading.default\">\n\t\t\t\t<div class=\"elementor-widget-container\">\n\t\t\t\t\t<h1 class=\"elementor-heading-title elementor-size-default\">Ny salgssjef for M\u00e4hlers Internasjonal<\/h1>\t\t\t\t<\/div>\n\t\t\t\t<\/div>\n\t\t\t\t\t<\/div>\n\t\t<\/div>\n\t\t\t\t\t<\/div>\n\t\t<\/section>\n\t\t\t\t<section class=\"elementor-section elementor-top-section elementor-element elementor-element-dab9e42 elementor-section-boxed elementor-section-height-default elementor-section-height-default\" data-id=\"dab9e42\" data-element_type=\"section\" data-e-type=\"section\">\n\t\t\t\t\t\t<div class=\"elementor-container elementor-column-gap-default\">\n\t\t\t\t\t<div class=\"elementor-column elementor-col-33 elementor-top-column elementor-element elementor-element-51ca47d\" data-id=\"51ca47d\" data-element_type=\"column\" data-e-type=\"column\">\n\t\t\t<div class=\"elementor-widget-wrap elementor-element-populated\">\n\t\t\t\t\t\t<div class=\"elementor-element elementor-element-80388e1 elementor-widget elementor-widget-text-editor\" data-id=\"80388e1\" data-element_type=\"widget\" data-e-type=\"widget\" data-widget_type=\"text-editor.default\">\n\t\t\t\t<div class=\"elementor-widget-container\">\n\t\t\t\t\t\t\t\t\t<p><strong>M\u00e4hlers, Nordens markedsleder innen vintervedlikeholdsutstyr til lastebil og veih\u00f8vel, endrer sin organisasjon f\u00f8r vinteren 2015-2016.<br \/>\nTidligere markedsf\u00f8ring og salgsdirekt\u00f8r Anki Abbing erstattes av Roar Wehn, som de to siste \u00e5rene har hatt alt ansvar for M\u00e4hlers i Norge.<\/strong><\/p>\n<p>&#8211; Dette er en stor utfordring og jeg ser frem til \u00e5 f\u00e5 v\u00e6re med \u00e5 p\u00e5virke den positive veksten M\u00e4hlers har i Norden\u00bb sier Roar Wehn.<\/p>\n\t\t\t\t\t\t\t\t<\/div>\n\t\t\t\t<\/div>\n\t\t\t\t\t<\/div>\n\t\t<\/div>\n\t\t\t\t<div class=\"elementor-column elementor-col-33 elementor-top-column elementor-element elementor-element-1c32099\" data-id=\"1c32099\" data-element_type=\"column\" data-e-type=\"column\">\n\t\t\t<div class=\"elementor-widget-wrap\">\n\t\t\t\t\t\t\t<\/div>\n\t\t<\/div>\n\t\t\t\t<div class=\"elementor-column elementor-col-33 elementor-top-column elementor-element elementor-element-6b298c0\" data-id=\"6b298c0\" data-element_type=\"column\" data-e-type=\"column\">\n\t\t\t<div class=\"elementor-widget-wrap elementor-element-populated\">\n\t\t\t\t\t\t<div class=\"elementor-element elementor-element-47ee287 elementor-widget elementor-widget-image\" data-id=\"47ee287\" data-element_type=\"widget\" data-e-type=\"widget\" data-widget_type=\"image.default\">\n\t\t\t\t<div class=\"elementor-widget-container\">\n\t\t\t\t\t\t\t\t\t\t\t\t\t\t\t<img fetchpriority=\"high\" decoding=\"async\" width=\"492\" height=\"369\" src=\"https:\/\/mahlers.se\/wp-content\/uploads\/2015\/09\/Anki_Abbing-Roar_Wehn.jpg\" class=\"attachment-large size-large wp-image-1264\" alt=\"\" srcset=\"https:\/\/mahlers.se\/wp-content\/uploads\/2015\/09\/Anki_Abbing-Roar_Wehn.jpg 492w, https:\/\/mahlers.se\/wp-content\/uploads\/2015\/09\/Anki_Abbing-Roar_Wehn-300x225.jpg 300w\" sizes=\"(max-width: 492px) 100vw, 492px\" \/>\t\t\t\t\t\t\t\t\t\t\t\t\t\t\t<\/div>\n\t\t\t\t<\/div>\n\t\t\t\t\t<\/div>\n\t\t<\/div>\n\t\t\t\t\t<\/div>\n\t\t<\/section>\n\t\t\t\t<section class=\"elementor-section elementor-top-section elementor-element elementor-element-55f7a70 elementor-section-boxed elementor-section-height-default elementor-section-height-default\" data-id=\"55f7a70\" data-element_type=\"section\" data-e-type=\"section\">\n\t\t\t\t\t\t<div class=\"elementor-container elementor-column-gap-default\">\n\t\t\t\t\t<div class=\"elementor-column elementor-col-50 elementor-top-column elementor-element elementor-element-8d394b7\" data-id=\"8d394b7\" data-element_type=\"column\" data-e-type=\"column\">\n\t\t\t<div class=\"elementor-widget-wrap elementor-element-populated\">\n\t\t\t\t\t\t<div class=\"elementor-element elementor-element-583f270 elementor-widget elementor-widget-text-editor\" data-id=\"583f270\" data-element_type=\"widget\" data-e-type=\"widget\" data-widget_type=\"text-editor.default\">\n\t\t\t\t<div class=\"elementor-widget-container\">\n\t\t\t\t\t\t\t\t\t<p>Roar Wehn har et godt og kunnskapsrikt salgsteam ved fabrikken i Ross\u00f8n og selgerne i Sverige. Ved at Wehn n\u00e5 overtar ansvaret for alle landene vi selger mot, vil vi ansette en ny mann i Norge som skal bist\u00e5 han i \u00e5 vokse enda mer i Norge, der vi har hatt en eventyrlig vekst de siste \u00e5rene.<\/p>\n<p>&#8211; Ja, som det ser ut n\u00e5 kommer vi til \u00e5 legge mye fokus p\u00e5 \u00e5 beholde v\u00e5r suverene posisjon i Sverige, samt at vi fortsatt ser muligheten for st\u00f8rre markedsandel i Norge. <\/p>\n<p>If\u00f8lge Wehn har ogs\u00e5 de andre Nordiske landene markeder vi \u00f8nsker \u00e5 legge salgstrykk p\u00e5, samt at det er interesse fra land nedover Europa p\u00e5 v\u00e5re produkter med henvendelser fra bla. Tyskland, Sveits og \u00d8sterrike.<\/p>\n<p>Roar Wehn tiltrer som ny markeds &#038; salgssjef den 1\/9 2015.<\/p>\n\t\t\t\t\t\t\t\t<\/div>\n\t\t\t\t<\/div>\n\t\t\t\t\t<\/div>\n\t\t<\/div>\n\t\t\t\t<div class=\"elementor-column elementor-col-50 elementor-top-column elementor-element elementor-element-34307cf\" data-id=\"34307cf\" data-element_type=\"column\" data-e-type=\"column\">\n\t\t\t<div class=\"elementor-widget-wrap\">\n\t\t\t\t\t\t\t<\/div>\n\t\t<\/div>\n\t\t\t\t\t<\/div>\n\t\t<\/section>\n\t\t\t\t<section class=\"elementor-section elementor-top-section elementor-element elementor-element-2c9ae5e elementor-section-boxed elementor-section-height-default elementor-section-height-default\" data-id=\"2c9ae5e\" data-element_type=\"section\" data-e-type=\"section\">\n\t\t\t\t\t\t<div class=\"elementor-container elementor-column-gap-default\">\n\t\t\t\t\t<div class=\"elementor-column elementor-col-100 elementor-top-column elementor-element elementor-element-1cfd711a\" data-id=\"1cfd711a\" data-element_type=\"column\" data-e-type=\"column\">\n\t\t\t<div class=\"elementor-widget-wrap elementor-element-populated\">\n\t\t\t\t\t\t<div class=\"elementor-element elementor-element-2e0db03a elementor-widget elementor-widget-spacer\" data-id=\"2e0db03a\" data-element_type=\"widget\" data-e-type=\"widget\" data-widget_type=\"spacer.default\">\n\t\t\t\t<div class=\"elementor-widget-container\">\n\t\t\t\t\t\t\t<div class=\"elementor-spacer\">\n\t\t\t<div class=\"elementor-spacer-inner\"><\/div>\n\t\t<\/div>\n\t\t\t\t\t\t<\/div>\n\t\t\t\t<\/div>\n\t\t\t\t\t<\/div>\n\t\t<\/div>\n\t\t\t\t\t<\/div>\n\t\t<\/section>\n\t\t\t\t<\/div>\n\t\t","protected":false},"excerpt":{"rendered":"<p>Ny salgssjef for M\u00e4hlers Internasjonal M\u00e4hlers, Nordens markedsleder innen vintervedlikeholdsutstyr til lastebil og veih\u00f8vel, endrer sin organisasjon f\u00f8r vinteren 2015-2016. Tidligere markedsf\u00f8ring og salgsdirekt\u00f8r Anki Abbing erstattes av Roar Wehn, som de to siste \u00e5rene har hatt alt ansvar for M\u00e4hlers i Norge. &#8211; Dette er en stor utfordring og jeg ser frem til \u00e5 [&hellip;]<\/p>\n","protected":false},"author":2,"featured_media":0,"comment_status":"closed","ping_status":"open","sticky":false,"template":"","format":"standard","meta":{"_acf_changed":false,"footnotes":""},"categories":[23],"tags":[],"class_list":["post-3481","post","type-post","status-publish","format-standard","hentry","category-uncategorized-no"],"acf":[],"yoast_head":"<!-- This site is optimized with the Yoast SEO plugin v27.2 - https:\/\/yoast.com\/product\/yoast-seo-wordpress\/ -->\n<title>Ny salgssjef for M\u00e4hlers Internasjonal - M\u00e4hlers<\/title>\n<meta name=\"robots\" content=\"index, follow, max-snippet:-1, max-image-preview:large, max-video-preview:-1\" \/>\n<link rel=\"canonical\" href=\"https:\/\/mahlers.se\/no\/2015\/09\/23\/ny-salgssjef-for-mahlers-internasjonal\/\" \/>\n<meta property=\"og:locale\" content=\"nb_NO\" \/>\n<meta property=\"og:type\" content=\"article\" \/>\n<meta property=\"og:title\" content=\"Ny salgssjef for M\u00e4hlers Internasjonal - M\u00e4hlers\" \/>\n<meta property=\"og:description\" content=\"Ny salgssjef for M\u00e4hlers Internasjonal M\u00e4hlers, Nordens markedsleder innen vintervedlikeholdsutstyr til lastebil og veih\u00f8vel, endrer sin organisasjon f\u00f8r vinteren 2015-2016. Tidligere markedsf\u00f8ring og salgsdirekt\u00f8r Anki Abbing erstattes av Roar Wehn, som de to siste \u00e5rene har hatt alt ansvar for M\u00e4hlers i Norge. &#8211; Dette er en stor utfordring og jeg ser frem til \u00e5 [&hellip;]\" \/>\n<meta property=\"og:url\" content=\"https:\/\/mahlers.se\/no\/2015\/09\/23\/ny-salgssjef-for-mahlers-internasjonal\/\" \/>\n<meta property=\"og:site_name\" content=\"M\u00e4hlers\" \/>\n<meta property=\"article:published_time\" content=\"2015-09-23T08:16:48+00:00\" \/>\n<meta property=\"article:modified_time\" content=\"2021-09-29T11:28:53+00:00\" \/>\n<meta property=\"og:image\" content=\"https:\/\/mahlers.se\/wp-content\/uploads\/2015\/09\/Anki_Abbing-Roar_Wehn.jpg\" \/>\n<meta name=\"author\" content=\"philip\" \/>\n<meta name=\"twitter:card\" content=\"summary_large_image\" \/>\n<meta name=\"twitter:label1\" content=\"Skrevet av\" \/>\n\t<meta name=\"twitter:data1\" content=\"philip\" \/>\n\t<meta name=\"twitter:label2\" content=\"Ansl. lesetid\" \/>\n\t<meta name=\"twitter:data2\" content=\"1 minutt\" \/>\n<script type=\"application\/ld+json\" class=\"yoast-schema-graph\">{\"@context\":\"https:\/\/schema.org\",\"@graph\":[{\"@type\":\"Article\",\"@id\":\"https:\/\/mahlers.se\/no\/2015\/09\/23\/ny-salgssjef-for-mahlers-internasjonal\/#article\",\"isPartOf\":{\"@id\":\"https:\/\/mahlers.se\/no\/2015\/09\/23\/ny-salgssjef-for-mahlers-internasjonal\/\"},\"author\":{\"name\":\"philip\",\"@id\":\"https:\/\/mahlers.se\/no\/#\/schema\/person\/ca71f2fd841442f766d749f2e3501c52\"},\"headline\":\"Ny salgssjef for M\u00e4hlers Internasjonal\",\"datePublished\":\"2015-09-23T08:16:48+00:00\",\"dateModified\":\"2021-09-29T11:28:53+00:00\",\"mainEntityOfPage\":{\"@id\":\"https:\/\/mahlers.se\/no\/2015\/09\/23\/ny-salgssjef-for-mahlers-internasjonal\/\"},\"wordCount\":218,\"publisher\":{\"@id\":\"https:\/\/mahlers.se\/no\/#organization\"},\"image\":{\"@id\":\"https:\/\/mahlers.se\/no\/2015\/09\/23\/ny-salgssjef-for-mahlers-internasjonal\/#primaryimage\"},\"thumbnailUrl\":\"https:\/\/mahlers.se\/wp-content\/uploads\/2015\/09\/Anki_Abbing-Roar_Wehn.jpg\",\"articleSection\":[\"Uncategorized @no\"],\"inLanguage\":\"nb-NO\"},{\"@type\":\"WebPage\",\"@id\":\"https:\/\/mahlers.se\/no\/2015\/09\/23\/ny-salgssjef-for-mahlers-internasjonal\/\",\"url\":\"https:\/\/mahlers.se\/no\/2015\/09\/23\/ny-salgssjef-for-mahlers-internasjonal\/\",\"name\":\"Ny salgssjef for M\u00e4hlers Internasjonal - M\u00e4hlers\",\"isPartOf\":{\"@id\":\"https:\/\/mahlers.se\/no\/#website\"},\"primaryImageOfPage\":{\"@id\":\"https:\/\/mahlers.se\/no\/2015\/09\/23\/ny-salgssjef-for-mahlers-internasjonal\/#primaryimage\"},\"image\":{\"@id\":\"https:\/\/mahlers.se\/no\/2015\/09\/23\/ny-salgssjef-for-mahlers-internasjonal\/#primaryimage\"},\"thumbnailUrl\":\"https:\/\/mahlers.se\/wp-content\/uploads\/2015\/09\/Anki_Abbing-Roar_Wehn.jpg\",\"datePublished\":\"2015-09-23T08:16:48+00:00\",\"dateModified\":\"2021-09-29T11:28:53+00:00\",\"breadcrumb\":{\"@id\":\"https:\/\/mahlers.se\/no\/2015\/09\/23\/ny-salgssjef-for-mahlers-internasjonal\/#breadcrumb\"},\"inLanguage\":\"nb-NO\",\"potentialAction\":[{\"@type\":\"ReadAction\",\"target\":[\"https:\/\/mahlers.se\/no\/2015\/09\/23\/ny-salgssjef-for-mahlers-internasjonal\/\"]}]},{\"@type\":\"ImageObject\",\"inLanguage\":\"nb-NO\",\"@id\":\"https:\/\/mahlers.se\/no\/2015\/09\/23\/ny-salgssjef-for-mahlers-internasjonal\/#primaryimage\",\"url\":\"https:\/\/mahlers.se\/wp-content\/uploads\/2015\/09\/Anki_Abbing-Roar_Wehn.jpg\",\"contentUrl\":\"https:\/\/mahlers.se\/wp-content\/uploads\/2015\/09\/Anki_Abbing-Roar_Wehn.jpg\"},{\"@type\":\"BreadcrumbList\",\"@id\":\"https:\/\/mahlers.se\/no\/2015\/09\/23\/ny-salgssjef-for-mahlers-internasjonal\/#breadcrumb\",\"itemListElement\":[{\"@type\":\"ListItem\",\"position\":1,\"name\":\"Hem\",\"item\":\"https:\/\/mahlers.se\/no\/\"},{\"@type\":\"ListItem\",\"position\":2,\"name\":\"Ny salgssjef for M\u00e4hlers Internasjonal\"}]},{\"@type\":\"WebSite\",\"@id\":\"https:\/\/mahlers.se\/no\/#website\",\"url\":\"https:\/\/mahlers.se\/no\/\",\"name\":\"M\u00e4hlers\",\"description\":\"F\u00f6r effektivare sn\u00f6r\u00f6jning och v\u00e4gunderh\u00e5ll\",\"publisher\":{\"@id\":\"https:\/\/mahlers.se\/no\/#organization\"},\"potentialAction\":[{\"@type\":\"SearchAction\",\"target\":{\"@type\":\"EntryPoint\",\"urlTemplate\":\"https:\/\/mahlers.se\/no\/?s={search_term_string}\"},\"query-input\":{\"@type\":\"PropertyValueSpecification\",\"valueRequired\":true,\"valueName\":\"search_term_string\"}}],\"inLanguage\":\"nb-NO\"},{\"@type\":\"Organization\",\"@id\":\"https:\/\/mahlers.se\/no\/#organization\",\"name\":\"M\u00e4hlers\",\"url\":\"https:\/\/mahlers.se\/no\/\",\"logo\":{\"@type\":\"ImageObject\",\"inLanguage\":\"nb-NO\",\"@id\":\"https:\/\/mahlers.se\/no\/#\/schema\/logo\/image\/\",\"url\":\"https:\/\/mahlers.se\/wp-content\/uploads\/2021\/06\/Mahlers-logo-ned-wordonly.png\",\"contentUrl\":\"https:\/\/mahlers.se\/wp-content\/uploads\/2021\/06\/Mahlers-logo-ned-wordonly.png\",\"width\":1026,\"height\":186,\"caption\":\"M\u00e4hlers\"},\"image\":{\"@id\":\"https:\/\/mahlers.se\/no\/#\/schema\/logo\/image\/\"}},{\"@type\":\"Person\",\"@id\":\"https:\/\/mahlers.se\/no\/#\/schema\/person\/ca71f2fd841442f766d749f2e3501c52\",\"name\":\"philip\",\"image\":{\"@type\":\"ImageObject\",\"inLanguage\":\"nb-NO\",\"@id\":\"https:\/\/secure.gravatar.com\/avatar\/04128fa8b7769f4f0e9aa677ed735657e5b92e403f2ae78b6051aad0b5d58efa?s=96&d=mm&r=g\",\"url\":\"https:\/\/secure.gravatar.com\/avatar\/04128fa8b7769f4f0e9aa677ed735657e5b92e403f2ae78b6051aad0b5d58efa?s=96&d=mm&r=g\",\"contentUrl\":\"https:\/\/secure.gravatar.com\/avatar\/04128fa8b7769f4f0e9aa677ed735657e5b92e403f2ae78b6051aad0b5d58efa?s=96&d=mm&r=g\",\"caption\":\"philip\"},\"url\":\"https:\/\/mahlers.se\/no\/author\/philip\/\"}]}<\/script>\n<!-- \/ Yoast SEO plugin. -->","yoast_head_json":{"title":"Ny salgssjef for M\u00e4hlers Internasjonal - M\u00e4hlers","robots":{"index":"index","follow":"follow","max-snippet":"max-snippet:-1","max-image-preview":"max-image-preview:large","max-video-preview":"max-video-preview:-1"},"canonical":"https:\/\/mahlers.se\/no\/2015\/09\/23\/ny-salgssjef-for-mahlers-internasjonal\/","og_locale":"nb_NO","og_type":"article","og_title":"Ny salgssjef for M\u00e4hlers Internasjonal - M\u00e4hlers","og_description":"Ny salgssjef for M\u00e4hlers Internasjonal M\u00e4hlers, Nordens markedsleder innen vintervedlikeholdsutstyr til lastebil og veih\u00f8vel, endrer sin organisasjon f\u00f8r vinteren 2015-2016. Tidligere markedsf\u00f8ring og salgsdirekt\u00f8r Anki Abbing erstattes av Roar Wehn, som de to siste \u00e5rene har hatt alt ansvar for M\u00e4hlers i Norge. &#8211; Dette er en stor utfordring og jeg ser frem til \u00e5 [&hellip;]","og_url":"https:\/\/mahlers.se\/no\/2015\/09\/23\/ny-salgssjef-for-mahlers-internasjonal\/","og_site_name":"M\u00e4hlers","article_published_time":"2015-09-23T08:16:48+00:00","article_modified_time":"2021-09-29T11:28:53+00:00","og_image":[{"url":"https:\/\/mahlers.se\/wp-content\/uploads\/2015\/09\/Anki_Abbing-Roar_Wehn.jpg","type":"","width":"","height":""}],"author":"philip","twitter_card":"summary_large_image","twitter_misc":{"Skrevet av":"philip","Ansl. lesetid":"1 minutt"},"schema":{"@context":"https:\/\/schema.org","@graph":[{"@type":"Article","@id":"https:\/\/mahlers.se\/no\/2015\/09\/23\/ny-salgssjef-for-mahlers-internasjonal\/#article","isPartOf":{"@id":"https:\/\/mahlers.se\/no\/2015\/09\/23\/ny-salgssjef-for-mahlers-internasjonal\/"},"author":{"name":"philip","@id":"https:\/\/mahlers.se\/no\/#\/schema\/person\/ca71f2fd841442f766d749f2e3501c52"},"headline":"Ny salgssjef for M\u00e4hlers Internasjonal","datePublished":"2015-09-23T08:16:48+00:00","dateModified":"2021-09-29T11:28:53+00:00","mainEntityOfPage":{"@id":"https:\/\/mahlers.se\/no\/2015\/09\/23\/ny-salgssjef-for-mahlers-internasjonal\/"},"wordCount":218,"publisher":{"@id":"https:\/\/mahlers.se\/no\/#organization"},"image":{"@id":"https:\/\/mahlers.se\/no\/2015\/09\/23\/ny-salgssjef-for-mahlers-internasjonal\/#primaryimage"},"thumbnailUrl":"https:\/\/mahlers.se\/wp-content\/uploads\/2015\/09\/Anki_Abbing-Roar_Wehn.jpg","articleSection":["Uncategorized @no"],"inLanguage":"nb-NO"},{"@type":"WebPage","@id":"https:\/\/mahlers.se\/no\/2015\/09\/23\/ny-salgssjef-for-mahlers-internasjonal\/","url":"https:\/\/mahlers.se\/no\/2015\/09\/23\/ny-salgssjef-for-mahlers-internasjonal\/","name":"Ny salgssjef for M\u00e4hlers Internasjonal - M\u00e4hlers","isPartOf":{"@id":"https:\/\/mahlers.se\/no\/#website"},"primaryImageOfPage":{"@id":"https:\/\/mahlers.se\/no\/2015\/09\/23\/ny-salgssjef-for-mahlers-internasjonal\/#primaryimage"},"image":{"@id":"https:\/\/mahlers.se\/no\/2015\/09\/23\/ny-salgssjef-for-mahlers-internasjonal\/#primaryimage"},"thumbnailUrl":"https:\/\/mahlers.se\/wp-content\/uploads\/2015\/09\/Anki_Abbing-Roar_Wehn.jpg","datePublished":"2015-09-23T08:16:48+00:00","dateModified":"2021-09-29T11:28:53+00:00","breadcrumb":{"@id":"https:\/\/mahlers.se\/no\/2015\/09\/23\/ny-salgssjef-for-mahlers-internasjonal\/#breadcrumb"},"inLanguage":"nb-NO","potentialAction":[{"@type":"ReadAction","target":["https:\/\/mahlers.se\/no\/2015\/09\/23\/ny-salgssjef-for-mahlers-internasjonal\/"]}]},{"@type":"ImageObject","inLanguage":"nb-NO","@id":"https:\/\/mahlers.se\/no\/2015\/09\/23\/ny-salgssjef-for-mahlers-internasjonal\/#primaryimage","url":"https:\/\/mahlers.se\/wp-content\/uploads\/2015\/09\/Anki_Abbing-Roar_Wehn.jpg","contentUrl":"https:\/\/mahlers.se\/wp-content\/uploads\/2015\/09\/Anki_Abbing-Roar_Wehn.jpg"},{"@type":"BreadcrumbList","@id":"https:\/\/mahlers.se\/no\/2015\/09\/23\/ny-salgssjef-for-mahlers-internasjonal\/#breadcrumb","itemListElement":[{"@type":"ListItem","position":1,"name":"Hem","item":"https:\/\/mahlers.se\/no\/"},{"@type":"ListItem","position":2,"name":"Ny salgssjef for M\u00e4hlers Internasjonal"}]},{"@type":"WebSite","@id":"https:\/\/mahlers.se\/no\/#website","url":"https:\/\/mahlers.se\/no\/","name":"M\u00e4hlers","description":"F\u00f6r effektivare sn\u00f6r\u00f6jning och v\u00e4gunderh\u00e5ll","publisher":{"@id":"https:\/\/mahlers.se\/no\/#organization"},"potentialAction":[{"@type":"SearchAction","target":{"@type":"EntryPoint","urlTemplate":"https:\/\/mahlers.se\/no\/?s={search_term_string}"},"query-input":{"@type":"PropertyValueSpecification","valueRequired":true,"valueName":"search_term_string"}}],"inLanguage":"nb-NO"},{"@type":"Organization","@id":"https:\/\/mahlers.se\/no\/#organization","name":"M\u00e4hlers","url":"https:\/\/mahlers.se\/no\/","logo":{"@type":"ImageObject","inLanguage":"nb-NO","@id":"https:\/\/mahlers.se\/no\/#\/schema\/logo\/image\/","url":"https:\/\/mahlers.se\/wp-content\/uploads\/2021\/06\/Mahlers-logo-ned-wordonly.png","contentUrl":"https:\/\/mahlers.se\/wp-content\/uploads\/2021\/06\/Mahlers-logo-ned-wordonly.png","width":1026,"height":186,"caption":"M\u00e4hlers"},"image":{"@id":"https:\/\/mahlers.se\/no\/#\/schema\/logo\/image\/"}},{"@type":"Person","@id":"https:\/\/mahlers.se\/no\/#\/schema\/person\/ca71f2fd841442f766d749f2e3501c52","name":"philip","image":{"@type":"ImageObject","inLanguage":"nb-NO","@id":"https:\/\/secure.gravatar.com\/avatar\/04128fa8b7769f4f0e9aa677ed735657e5b92e403f2ae78b6051aad0b5d58efa?s=96&d=mm&r=g","url":"https:\/\/secure.gravatar.com\/avatar\/04128fa8b7769f4f0e9aa677ed735657e5b92e403f2ae78b6051aad0b5d58efa?s=96&d=mm&r=g","contentUrl":"https:\/\/secure.gravatar.com\/avatar\/04128fa8b7769f4f0e9aa677ed735657e5b92e403f2ae78b6051aad0b5d58efa?s=96&d=mm&r=g","caption":"philip"},"url":"https:\/\/mahlers.se\/no\/author\/philip\/"}]}},"_links":{"self":[{"href":"https:\/\/mahlers.se\/no\/wp-json\/wp\/v2\/posts\/3481","targetHints":{"allow":["GET"]}}],"collection":[{"href":"https:\/\/mahlers.se\/no\/wp-json\/wp\/v2\/posts"}],"about":[{"href":"https:\/\/mahlers.se\/no\/wp-json\/wp\/v2\/types\/post"}],"author":[{"embeddable":true,"href":"https:\/\/mahlers.se\/no\/wp-json\/wp\/v2\/users\/2"}],"replies":[{"embeddable":true,"href":"https:\/\/mahlers.se\/no\/wp-json\/wp\/v2\/comments?post=3481"}],"version-history":[{"count":1,"href":"https:\/\/mahlers.se\/no\/wp-json\/wp\/v2\/posts\/3481\/revisions"}],"predecessor-version":[{"id":3482,"href":"https:\/\/mahlers.se\/no\/wp-json\/wp\/v2\/posts\/3481\/revisions\/3482"}],"wp:attachment":[{"href":"https:\/\/mahlers.se\/no\/wp-json\/wp\/v2\/media?parent=3481"}],"wp:term":[{"taxonomy":"category","embeddable":true,"href":"https:\/\/mahlers.se\/no\/wp-json\/wp\/v2\/categories?post=3481"},{"taxonomy":"post_tag","embeddable":true,"href":"https:\/\/mahlers.se\/no\/wp-json\/wp\/v2\/tags?post=3481"}],"curies":[{"name":"wp","href":"https:\/\/api.w.org\/{rel}","templated":true}]}}