{"id":13745,"date":"2025-08-20T16:32:24","date_gmt":"2025-08-20T14:32:24","guid":{"rendered":"https:\/\/mahlers.se\/2025\/08\/20\/nyhet-mahlers-lanserer-sideploger-med-ekstra-synlighet\/"},"modified":"2025-08-20T16:58:30","modified_gmt":"2025-08-20T14:58:30","slug":"nyhet-mahlers-lanserer-sideploger-med-ekstra-synlighet","status":"publish","type":"post","link":"https:\/\/mahlers.se\/no\/2025\/08\/20\/nyhet-mahlers-lanserer-sideploger-med-ekstra-synlighet\/","title":{"rendered":"NYHET! M\u00e4hlers lanserer sideploger med ekstra synlighet"},"content":{"rendered":"<div>\n<p><img fetchpriority=\"high\" decoding=\"async\" class=\"alignnone size-medium wp-image-13452\" src=\"https:\/\/mahlers.se\/wp-content\/uploads\/2023\/08\/mahlers-sidoplog-sivuaurat-45c-fi-DSC09721_1-300x200.jpg\" alt=\"\" width=\"300\" height=\"200\" srcset=\"https:\/\/mahlers.se\/wp-content\/uploads\/2023\/08\/mahlers-sidoplog-sivuaurat-45c-fi-DSC09721_1-300x200.jpg 300w, https:\/\/mahlers.se\/wp-content\/uploads\/2023\/08\/mahlers-sidoplog-sivuaurat-45c-fi-DSC09721_1-1024x683.jpg 1024w, https:\/\/mahlers.se\/wp-content\/uploads\/2023\/08\/mahlers-sidoplog-sivuaurat-45c-fi-DSC09721_1-768x512.jpg 768w, https:\/\/mahlers.se\/wp-content\/uploads\/2023\/08\/mahlers-sidoplog-sivuaurat-45c-fi-DSC09721_1-1536x1024.jpg 1536w, https:\/\/mahlers.se\/wp-content\/uploads\/2023\/08\/mahlers-sidoplog-sivuaurat-45c-fi-DSC09721_1-2048x1366.jpg 2048w\" sizes=\"(max-width: 300px) 100vw, 300px\" \/><\/p>\n<p>M\u00e4hlers lanserer en ny serie sideploger kalt \u201cHigh-vis\u201d. Dette er et konsept der alle selskapets sideploger utstyres med sekvensielle blinkende lys i forskjellige farger, ekstra belysning og flere reflekser som \u00f8ker synligheten betraktelig.<\/p>\n<\/div>\n<div>\n<p>\u2013 Vi har gjort dette for \u00e5 maksimere sikkerheten for medtrafikanter p\u00e5 motorveier og andre st\u00f8rre veier med h\u00f8y trafikkbelastning, der det ofte skjer risikable forbikj\u00f8ringer p\u00e5 grunn av stress og h\u00f8yere hastigheter enn p\u00e5 mindre veier, sier M\u00e4hlers\u2019 konstrukt\u00f8r Sirivit Somchit, som har utviklet High-vis-konseptet.<\/p>\n<\/div>\n<div>\n<p>Sirivit forteller at M\u00e4hlers tilbyr alle sine sideplogmodeller i High-vis-utf\u00f8relse, men han tror at den sekvensstyrte sideplogen 45 blir den mest popul\u00e6re, ettersom den er best egnet for bruk p\u00e5 st\u00f8rre veier.<\/p>\n<\/div>\n<div>\n<p>Blinkelysene er bygd med h\u00f8ytytende LED-teknologi og koblet med standard Dutch-kontakter, noe som gj\u00f8r dem enkle \u00e5 bytte ut ved skade.<\/p>\n<\/div>\n<div>\n<p>M\u00e4hlers High-vis-serie er utstyrt som f\u00f8lger:<\/p>\n<\/div>\n<div>\n<p>\u2022 En r\u00f8d lampe som lyser kontinuerlig og er plassert nede til h\u00f8yre p\u00e5 sideplogen.<br \/>\n\u2022 To gule lamper montert p\u00e5 armer over sideplogen.<br \/>\n\u2022 Gule varselblink mellom de gule lampene som blinker sekvensielt fra venstre til h\u00f8yre.<br \/>\n\u2022 Gule blinkende varsellys p\u00e5 h\u00f8yre kant for \u00e5 markere maksimal rekkevidde.<br \/>\n\u2022 Et r\u00f8dt markeringslys p\u00e5 h\u00f8yre kant.<br \/>\n\u2022 En r\u00f8dgul fluorescerende film langs hele den \u00f8vre kanten av sideplogen.<\/p>\n<\/div>\n<div>\n<p>Se mer och video av en Sideplog 45 High-vis:<span class=\"apple-converted-space\"> https:\/\/mahlers.se\/no\/product\/high-vis\/<\/span><\/p>\n<\/div>\n<div>\n<p>For videre sp\u00f8rsm\u00e5l om dette, kontakt v\u00e5r Norske avdeling:<\/p>\n<\/div>\n<div>\n<p>M\u00e4hlers Norge AS<br \/>\nTlf (0047) 909 35\u00a0698 \/ 4141 5800<br \/>\n<a href=\"mailto:post@mahlers.no\">post@mahlers.no<\/a><br \/>\n<a href=\"http:\/\/www.mahlers.no\/\">www.mahlers.no<\/a><\/p>\n<\/div>\n","protected":false},"excerpt":{"rendered":"<p>M\u00e4hlers lanserer en ny serie sideploger kalt \u201cHigh-vis\u201d. Dette er et konsept der alle selskapets sideploger utstyres med sekvensielle blinkende lys i forskjellige farger, ekstra belysning og flere reflekser som \u00f8ker synligheten betraktelig. \u2013 Vi har gjort dette for \u00e5 maksimere sikkerheten for medtrafikanter p\u00e5 motorveier og andre st\u00f8rre veier med h\u00f8y trafikkbelastning, der det [&hellip;]<\/p>\n","protected":false},"author":6,"featured_media":13448,"comment_status":"closed","ping_status":"closed","sticky":false,"template":"","format":"standard","meta":{"_acf_changed":false,"footnotes":""},"categories":[23],"tags":[],"class_list":["post-13745","post","type-post","status-publish","format-standard","has-post-thumbnail","hentry","category-uncategorized-no"],"acf":[],"yoast_head":"<!-- This site is optimized with the Yoast SEO plugin v27.2 - https:\/\/yoast.com\/product\/yoast-seo-wordpress\/ -->\n<title>NYHET! M\u00e4hlers lanserer sideploger med ekstra synlighet - M\u00e4hlers<\/title>\n<meta name=\"robots\" content=\"index, follow, max-snippet:-1, max-image-preview:large, max-video-preview:-1\" \/>\n<link rel=\"canonical\" href=\"https:\/\/mahlers.se\/no\/2025\/08\/20\/nyhet-mahlers-lanserer-sideploger-med-ekstra-synlighet\/\" \/>\n<meta property=\"og:locale\" content=\"nb_NO\" \/>\n<meta property=\"og:type\" content=\"article\" \/>\n<meta property=\"og:title\" content=\"NYHET! M\u00e4hlers lanserer sideploger med ekstra synlighet - M\u00e4hlers\" \/>\n<meta property=\"og:description\" content=\"M\u00e4hlers lanserer en ny serie sideploger kalt \u201cHigh-vis\u201d. Dette er et konsept der alle selskapets sideploger utstyres med sekvensielle blinkende lys i forskjellige farger, ekstra belysning og flere reflekser som \u00f8ker synligheten betraktelig. \u2013 Vi har gjort dette for \u00e5 maksimere sikkerheten for medtrafikanter p\u00e5 motorveier og andre st\u00f8rre veier med h\u00f8y trafikkbelastning, der det [&hellip;]\" \/>\n<meta property=\"og:url\" content=\"https:\/\/mahlers.se\/no\/2025\/08\/20\/nyhet-mahlers-lanserer-sideploger-med-ekstra-synlighet\/\" \/>\n<meta property=\"og:site_name\" content=\"M\u00e4hlers\" \/>\n<meta property=\"article:published_time\" content=\"2025-08-20T14:32:24+00:00\" \/>\n<meta property=\"article:modified_time\" content=\"2025-08-20T14:58:30+00:00\" \/>\n<meta property=\"og:image\" content=\"https:\/\/mahlers.se\/wp-content\/uploads\/2023\/08\/mahlers-sidoplog-sivuaurat-45c-fi-DSC09661_1.jpg\" \/>\n\t<meta property=\"og:image:width\" content=\"2500\" \/>\n\t<meta property=\"og:image:height\" content=\"1667\" \/>\n\t<meta property=\"og:image:type\" content=\"image\/jpeg\" \/>\n<meta name=\"author\" content=\"Sten Str\u00f6mgren\" \/>\n<meta name=\"twitter:card\" content=\"summary_large_image\" \/>\n<meta name=\"twitter:label1\" content=\"Skrevet av\" \/>\n\t<meta name=\"twitter:data1\" content=\"Sten Str\u00f6mgren\" \/>\n\t<meta name=\"twitter:label2\" content=\"Ansl. lesetid\" \/>\n\t<meta name=\"twitter:data2\" content=\"2 minutter\" \/>\n<script type=\"application\/ld+json\" class=\"yoast-schema-graph\">{\"@context\":\"https:\/\/schema.org\",\"@graph\":[{\"@type\":\"Article\",\"@id\":\"https:\/\/mahlers.se\/no\/2025\/08\/20\/nyhet-mahlers-lanserer-sideploger-med-ekstra-synlighet\/#article\",\"isPartOf\":{\"@id\":\"https:\/\/mahlers.se\/no\/2025\/08\/20\/nyhet-mahlers-lanserer-sideploger-med-ekstra-synlighet\/\"},\"author\":{\"name\":\"Sten Str\u00f6mgren\",\"@id\":\"https:\/\/mahlers.se\/no\/#\/schema\/person\/aec9adeefff3a94aec47db6d12cb56c0\"},\"headline\":\"NYHET! M\u00e4hlers lanserer sideploger med ekstra synlighet\",\"datePublished\":\"2025-08-20T14:32:24+00:00\",\"dateModified\":\"2025-08-20T14:58:30+00:00\",\"mainEntityOfPage\":{\"@id\":\"https:\/\/mahlers.se\/no\/2025\/08\/20\/nyhet-mahlers-lanserer-sideploger-med-ekstra-synlighet\/\"},\"wordCount\":263,\"publisher\":{\"@id\":\"https:\/\/mahlers.se\/no\/#organization\"},\"image\":{\"@id\":\"https:\/\/mahlers.se\/no\/2025\/08\/20\/nyhet-mahlers-lanserer-sideploger-med-ekstra-synlighet\/#primaryimage\"},\"thumbnailUrl\":\"https:\/\/mahlers.se\/wp-content\/uploads\/2023\/08\/mahlers-sidoplog-sivuaurat-45c-fi-DSC09661_1.jpg\",\"articleSection\":[\"Uncategorized @no\"],\"inLanguage\":\"nb-NO\"},{\"@type\":\"WebPage\",\"@id\":\"https:\/\/mahlers.se\/no\/2025\/08\/20\/nyhet-mahlers-lanserer-sideploger-med-ekstra-synlighet\/\",\"url\":\"https:\/\/mahlers.se\/no\/2025\/08\/20\/nyhet-mahlers-lanserer-sideploger-med-ekstra-synlighet\/\",\"name\":\"NYHET! M\u00e4hlers lanserer sideploger med ekstra synlighet - M\u00e4hlers\",\"isPartOf\":{\"@id\":\"https:\/\/mahlers.se\/no\/#website\"},\"primaryImageOfPage\":{\"@id\":\"https:\/\/mahlers.se\/no\/2025\/08\/20\/nyhet-mahlers-lanserer-sideploger-med-ekstra-synlighet\/#primaryimage\"},\"image\":{\"@id\":\"https:\/\/mahlers.se\/no\/2025\/08\/20\/nyhet-mahlers-lanserer-sideploger-med-ekstra-synlighet\/#primaryimage\"},\"thumbnailUrl\":\"https:\/\/mahlers.se\/wp-content\/uploads\/2023\/08\/mahlers-sidoplog-sivuaurat-45c-fi-DSC09661_1.jpg\",\"datePublished\":\"2025-08-20T14:32:24+00:00\",\"dateModified\":\"2025-08-20T14:58:30+00:00\",\"breadcrumb\":{\"@id\":\"https:\/\/mahlers.se\/no\/2025\/08\/20\/nyhet-mahlers-lanserer-sideploger-med-ekstra-synlighet\/#breadcrumb\"},\"inLanguage\":\"nb-NO\",\"potentialAction\":[{\"@type\":\"ReadAction\",\"target\":[\"https:\/\/mahlers.se\/no\/2025\/08\/20\/nyhet-mahlers-lanserer-sideploger-med-ekstra-synlighet\/\"]}]},{\"@type\":\"ImageObject\",\"inLanguage\":\"nb-NO\",\"@id\":\"https:\/\/mahlers.se\/no\/2025\/08\/20\/nyhet-mahlers-lanserer-sideploger-med-ekstra-synlighet\/#primaryimage\",\"url\":\"https:\/\/mahlers.se\/wp-content\/uploads\/2023\/08\/mahlers-sidoplog-sivuaurat-45c-fi-DSC09661_1.jpg\",\"contentUrl\":\"https:\/\/mahlers.se\/wp-content\/uploads\/2023\/08\/mahlers-sidoplog-sivuaurat-45c-fi-DSC09661_1.jpg\",\"width\":2500,\"height\":1667},{\"@type\":\"BreadcrumbList\",\"@id\":\"https:\/\/mahlers.se\/no\/2025\/08\/20\/nyhet-mahlers-lanserer-sideploger-med-ekstra-synlighet\/#breadcrumb\",\"itemListElement\":[{\"@type\":\"ListItem\",\"position\":1,\"name\":\"Hem\",\"item\":\"https:\/\/mahlers.se\/no\/\"},{\"@type\":\"ListItem\",\"position\":2,\"name\":\"NYHET! M\u00e4hlers lanserer sideploger med ekstra synlighet\"}]},{\"@type\":\"WebSite\",\"@id\":\"https:\/\/mahlers.se\/no\/#website\",\"url\":\"https:\/\/mahlers.se\/no\/\",\"name\":\"M\u00e4hlers\",\"description\":\"F\u00f6r effektivare sn\u00f6r\u00f6jning och v\u00e4gunderh\u00e5ll\",\"publisher\":{\"@id\":\"https:\/\/mahlers.se\/no\/#organization\"},\"potentialAction\":[{\"@type\":\"SearchAction\",\"target\":{\"@type\":\"EntryPoint\",\"urlTemplate\":\"https:\/\/mahlers.se\/no\/?s={search_term_string}\"},\"query-input\":{\"@type\":\"PropertyValueSpecification\",\"valueRequired\":true,\"valueName\":\"search_term_string\"}}],\"inLanguage\":\"nb-NO\"},{\"@type\":\"Organization\",\"@id\":\"https:\/\/mahlers.se\/no\/#organization\",\"name\":\"M\u00e4hlers\",\"url\":\"https:\/\/mahlers.se\/no\/\",\"logo\":{\"@type\":\"ImageObject\",\"inLanguage\":\"nb-NO\",\"@id\":\"https:\/\/mahlers.se\/no\/#\/schema\/logo\/image\/\",\"url\":\"https:\/\/mahlers.se\/wp-content\/uploads\/2021\/06\/Mahlers-logo-ned-wordonly.png\",\"contentUrl\":\"https:\/\/mahlers.se\/wp-content\/uploads\/2021\/06\/Mahlers-logo-ned-wordonly.png\",\"width\":1026,\"height\":186,\"caption\":\"M\u00e4hlers\"},\"image\":{\"@id\":\"https:\/\/mahlers.se\/no\/#\/schema\/logo\/image\/\"}},{\"@type\":\"Person\",\"@id\":\"https:\/\/mahlers.se\/no\/#\/schema\/person\/aec9adeefff3a94aec47db6d12cb56c0\",\"name\":\"Sten Str\u00f6mgren\",\"image\":{\"@type\":\"ImageObject\",\"inLanguage\":\"nb-NO\",\"@id\":\"https:\/\/secure.gravatar.com\/avatar\/3e0ee567f00ea671aa6b2195a0744de5005cb564dea599543636be3fee4498a6?s=96&d=mm&r=g\",\"url\":\"https:\/\/secure.gravatar.com\/avatar\/3e0ee567f00ea671aa6b2195a0744de5005cb564dea599543636be3fee4498a6?s=96&d=mm&r=g\",\"contentUrl\":\"https:\/\/secure.gravatar.com\/avatar\/3e0ee567f00ea671aa6b2195a0744de5005cb564dea599543636be3fee4498a6?s=96&d=mm&r=g\",\"caption\":\"Sten Str\u00f6mgren\"},\"url\":\"https:\/\/mahlers.se\/no\/author\/sten\/\"}]}<\/script>\n<!-- \/ Yoast SEO plugin. -->","yoast_head_json":{"title":"NYHET! M\u00e4hlers lanserer sideploger med ekstra synlighet - M\u00e4hlers","robots":{"index":"index","follow":"follow","max-snippet":"max-snippet:-1","max-image-preview":"max-image-preview:large","max-video-preview":"max-video-preview:-1"},"canonical":"https:\/\/mahlers.se\/no\/2025\/08\/20\/nyhet-mahlers-lanserer-sideploger-med-ekstra-synlighet\/","og_locale":"nb_NO","og_type":"article","og_title":"NYHET! M\u00e4hlers lanserer sideploger med ekstra synlighet - M\u00e4hlers","og_description":"M\u00e4hlers lanserer en ny serie sideploger kalt \u201cHigh-vis\u201d. Dette er et konsept der alle selskapets sideploger utstyres med sekvensielle blinkende lys i forskjellige farger, ekstra belysning og flere reflekser som \u00f8ker synligheten betraktelig. \u2013 Vi har gjort dette for \u00e5 maksimere sikkerheten for medtrafikanter p\u00e5 motorveier og andre st\u00f8rre veier med h\u00f8y trafikkbelastning, der det [&hellip;]","og_url":"https:\/\/mahlers.se\/no\/2025\/08\/20\/nyhet-mahlers-lanserer-sideploger-med-ekstra-synlighet\/","og_site_name":"M\u00e4hlers","article_published_time":"2025-08-20T14:32:24+00:00","article_modified_time":"2025-08-20T14:58:30+00:00","og_image":[{"width":2500,"height":1667,"url":"https:\/\/mahlers.se\/wp-content\/uploads\/2023\/08\/mahlers-sidoplog-sivuaurat-45c-fi-DSC09661_1.jpg","type":"image\/jpeg"}],"author":"Sten Str\u00f6mgren","twitter_card":"summary_large_image","twitter_misc":{"Skrevet av":"Sten Str\u00f6mgren","Ansl. lesetid":"2 minutter"},"schema":{"@context":"https:\/\/schema.org","@graph":[{"@type":"Article","@id":"https:\/\/mahlers.se\/no\/2025\/08\/20\/nyhet-mahlers-lanserer-sideploger-med-ekstra-synlighet\/#article","isPartOf":{"@id":"https:\/\/mahlers.se\/no\/2025\/08\/20\/nyhet-mahlers-lanserer-sideploger-med-ekstra-synlighet\/"},"author":{"name":"Sten Str\u00f6mgren","@id":"https:\/\/mahlers.se\/no\/#\/schema\/person\/aec9adeefff3a94aec47db6d12cb56c0"},"headline":"NYHET! M\u00e4hlers lanserer sideploger med ekstra synlighet","datePublished":"2025-08-20T14:32:24+00:00","dateModified":"2025-08-20T14:58:30+00:00","mainEntityOfPage":{"@id":"https:\/\/mahlers.se\/no\/2025\/08\/20\/nyhet-mahlers-lanserer-sideploger-med-ekstra-synlighet\/"},"wordCount":263,"publisher":{"@id":"https:\/\/mahlers.se\/no\/#organization"},"image":{"@id":"https:\/\/mahlers.se\/no\/2025\/08\/20\/nyhet-mahlers-lanserer-sideploger-med-ekstra-synlighet\/#primaryimage"},"thumbnailUrl":"https:\/\/mahlers.se\/wp-content\/uploads\/2023\/08\/mahlers-sidoplog-sivuaurat-45c-fi-DSC09661_1.jpg","articleSection":["Uncategorized @no"],"inLanguage":"nb-NO"},{"@type":"WebPage","@id":"https:\/\/mahlers.se\/no\/2025\/08\/20\/nyhet-mahlers-lanserer-sideploger-med-ekstra-synlighet\/","url":"https:\/\/mahlers.se\/no\/2025\/08\/20\/nyhet-mahlers-lanserer-sideploger-med-ekstra-synlighet\/","name":"NYHET! M\u00e4hlers lanserer sideploger med ekstra synlighet - M\u00e4hlers","isPartOf":{"@id":"https:\/\/mahlers.se\/no\/#website"},"primaryImageOfPage":{"@id":"https:\/\/mahlers.se\/no\/2025\/08\/20\/nyhet-mahlers-lanserer-sideploger-med-ekstra-synlighet\/#primaryimage"},"image":{"@id":"https:\/\/mahlers.se\/no\/2025\/08\/20\/nyhet-mahlers-lanserer-sideploger-med-ekstra-synlighet\/#primaryimage"},"thumbnailUrl":"https:\/\/mahlers.se\/wp-content\/uploads\/2023\/08\/mahlers-sidoplog-sivuaurat-45c-fi-DSC09661_1.jpg","datePublished":"2025-08-20T14:32:24+00:00","dateModified":"2025-08-20T14:58:30+00:00","breadcrumb":{"@id":"https:\/\/mahlers.se\/no\/2025\/08\/20\/nyhet-mahlers-lanserer-sideploger-med-ekstra-synlighet\/#breadcrumb"},"inLanguage":"nb-NO","potentialAction":[{"@type":"ReadAction","target":["https:\/\/mahlers.se\/no\/2025\/08\/20\/nyhet-mahlers-lanserer-sideploger-med-ekstra-synlighet\/"]}]},{"@type":"ImageObject","inLanguage":"nb-NO","@id":"https:\/\/mahlers.se\/no\/2025\/08\/20\/nyhet-mahlers-lanserer-sideploger-med-ekstra-synlighet\/#primaryimage","url":"https:\/\/mahlers.se\/wp-content\/uploads\/2023\/08\/mahlers-sidoplog-sivuaurat-45c-fi-DSC09661_1.jpg","contentUrl":"https:\/\/mahlers.se\/wp-content\/uploads\/2023\/08\/mahlers-sidoplog-sivuaurat-45c-fi-DSC09661_1.jpg","width":2500,"height":1667},{"@type":"BreadcrumbList","@id":"https:\/\/mahlers.se\/no\/2025\/08\/20\/nyhet-mahlers-lanserer-sideploger-med-ekstra-synlighet\/#breadcrumb","itemListElement":[{"@type":"ListItem","position":1,"name":"Hem","item":"https:\/\/mahlers.se\/no\/"},{"@type":"ListItem","position":2,"name":"NYHET! M\u00e4hlers lanserer sideploger med ekstra synlighet"}]},{"@type":"WebSite","@id":"https:\/\/mahlers.se\/no\/#website","url":"https:\/\/mahlers.se\/no\/","name":"M\u00e4hlers","description":"F\u00f6r effektivare sn\u00f6r\u00f6jning och v\u00e4gunderh\u00e5ll","publisher":{"@id":"https:\/\/mahlers.se\/no\/#organization"},"potentialAction":[{"@type":"SearchAction","target":{"@type":"EntryPoint","urlTemplate":"https:\/\/mahlers.se\/no\/?s={search_term_string}"},"query-input":{"@type":"PropertyValueSpecification","valueRequired":true,"valueName":"search_term_string"}}],"inLanguage":"nb-NO"},{"@type":"Organization","@id":"https:\/\/mahlers.se\/no\/#organization","name":"M\u00e4hlers","url":"https:\/\/mahlers.se\/no\/","logo":{"@type":"ImageObject","inLanguage":"nb-NO","@id":"https:\/\/mahlers.se\/no\/#\/schema\/logo\/image\/","url":"https:\/\/mahlers.se\/wp-content\/uploads\/2021\/06\/Mahlers-logo-ned-wordonly.png","contentUrl":"https:\/\/mahlers.se\/wp-content\/uploads\/2021\/06\/Mahlers-logo-ned-wordonly.png","width":1026,"height":186,"caption":"M\u00e4hlers"},"image":{"@id":"https:\/\/mahlers.se\/no\/#\/schema\/logo\/image\/"}},{"@type":"Person","@id":"https:\/\/mahlers.se\/no\/#\/schema\/person\/aec9adeefff3a94aec47db6d12cb56c0","name":"Sten Str\u00f6mgren","image":{"@type":"ImageObject","inLanguage":"nb-NO","@id":"https:\/\/secure.gravatar.com\/avatar\/3e0ee567f00ea671aa6b2195a0744de5005cb564dea599543636be3fee4498a6?s=96&d=mm&r=g","url":"https:\/\/secure.gravatar.com\/avatar\/3e0ee567f00ea671aa6b2195a0744de5005cb564dea599543636be3fee4498a6?s=96&d=mm&r=g","contentUrl":"https:\/\/secure.gravatar.com\/avatar\/3e0ee567f00ea671aa6b2195a0744de5005cb564dea599543636be3fee4498a6?s=96&d=mm&r=g","caption":"Sten Str\u00f6mgren"},"url":"https:\/\/mahlers.se\/no\/author\/sten\/"}]}},"_links":{"self":[{"href":"https:\/\/mahlers.se\/no\/wp-json\/wp\/v2\/posts\/13745","targetHints":{"allow":["GET"]}}],"collection":[{"href":"https:\/\/mahlers.se\/no\/wp-json\/wp\/v2\/posts"}],"about":[{"href":"https:\/\/mahlers.se\/no\/wp-json\/wp\/v2\/types\/post"}],"author":[{"embeddable":true,"href":"https:\/\/mahlers.se\/no\/wp-json\/wp\/v2\/users\/6"}],"replies":[{"embeddable":true,"href":"https:\/\/mahlers.se\/no\/wp-json\/wp\/v2\/comments?post=13745"}],"version-history":[{"count":1,"href":"https:\/\/mahlers.se\/no\/wp-json\/wp\/v2\/posts\/13745\/revisions"}],"predecessor-version":[{"id":13746,"href":"https:\/\/mahlers.se\/no\/wp-json\/wp\/v2\/posts\/13745\/revisions\/13746"}],"wp:featuredmedia":[{"embeddable":true,"href":"https:\/\/mahlers.se\/no\/wp-json\/wp\/v2\/media\/13448"}],"wp:attachment":[{"href":"https:\/\/mahlers.se\/no\/wp-json\/wp\/v2\/media?parent=13745"}],"wp:term":[{"taxonomy":"category","embeddable":true,"href":"https:\/\/mahlers.se\/no\/wp-json\/wp\/v2\/categories?post=13745"},{"taxonomy":"post_tag","embeddable":true,"href":"https:\/\/mahlers.se\/no\/wp-json\/wp\/v2\/tags?post=13745"}],"curies":[{"name":"wp","href":"https:\/\/api.w.org\/{rel}","templated":true}]}}