{"id":13641,"date":"2025-06-18T08:00:31","date_gmt":"2025-06-18T06:00:31","guid":{"rendered":"https:\/\/mahlers.se\/?p=13641"},"modified":"2025-06-18T08:24:36","modified_gmt":"2025-06-18T06:24:36","slug":"hydraulisk-lasing-pa-frontfester","status":"publish","type":"post","link":"https:\/\/mahlers.se\/no\/2025\/06\/18\/hydraulisk-lasing-pa-frontfester\/","title":{"rendered":"NYHET! Hydraulisk l\u00e5sing p\u00e5 frontfester"},"content":{"rendered":"<div>\n<p align=\"right\"><strong>18 Juni 2025<\/strong><\/p>\n<\/div>\n<div>\n<p><strong>NYHET!<\/strong><\/p>\n<\/div>\n<div>\n<div>\n<div>\n<p><strong>Hydraulisk l\u00e5sing p\u00e5 frontfester<\/strong><br \/>\nStort marked i Norge<\/p>\n<\/div>\n<\/div>\n<div>\n<div>\n<p><strong>Vi fortsetter \u00e5 utvikle v\u00e5ret plogsortiment i h\u00f8yt tempo. De siste \u00e5rene har vi lansert flere nyheter, og ettersom det norske markedet utgj\u00f8r en betydelig del av salget, presenteres n\u00e5 et nyutviklet frontfeste med hydraulisk l\u00e5sing \u2013 noe som gj\u00f8r det enklere \u00e5 koble frontplog p\u00e5 lastebil.<\/strong><b><\/b><\/p>\n<p><img fetchpriority=\"high\" decoding=\"async\" class=\"alignnone size-medium wp-image-13642\" src=\"https:\/\/mahlers.se\/wp-content\/uploads\/2025\/06\/mahlers-broytefeste-frontfeste-web-DSC01556_1-300x200.jpg\" alt=\"\" width=\"300\" height=\"200\" srcset=\"https:\/\/mahlers.se\/wp-content\/uploads\/2025\/06\/mahlers-broytefeste-frontfeste-web-DSC01556_1-300x200.jpg 300w, https:\/\/mahlers.se\/wp-content\/uploads\/2025\/06\/mahlers-broytefeste-frontfeste-web-DSC01556_1-1024x683.jpg 1024w, https:\/\/mahlers.se\/wp-content\/uploads\/2025\/06\/mahlers-broytefeste-frontfeste-web-DSC01556_1-768x512.jpg 768w, https:\/\/mahlers.se\/wp-content\/uploads\/2025\/06\/mahlers-broytefeste-frontfeste-web-DSC01556_1-1536x1024.jpg 1536w, https:\/\/mahlers.se\/wp-content\/uploads\/2025\/06\/mahlers-broytefeste-frontfeste-web-DSC01556_1-2048x1366.jpg 2048w\" sizes=\"(max-width: 300px) 100vw, 300px\" \/><img decoding=\"async\" class=\"alignnone size-medium wp-image-13646\" src=\"https:\/\/mahlers.se\/wp-content\/uploads\/2025\/06\/mahlers-broytefeste-frontfeste-web-DSC01575-300x200.jpg\" alt=\"\" width=\"300\" height=\"200\" srcset=\"https:\/\/mahlers.se\/wp-content\/uploads\/2025\/06\/mahlers-broytefeste-frontfeste-web-DSC01575-300x200.jpg 300w, https:\/\/mahlers.se\/wp-content\/uploads\/2025\/06\/mahlers-broytefeste-frontfeste-web-DSC01575-1024x683.jpg 1024w, https:\/\/mahlers.se\/wp-content\/uploads\/2025\/06\/mahlers-broytefeste-frontfeste-web-DSC01575-768x512.jpg 768w, https:\/\/mahlers.se\/wp-content\/uploads\/2025\/06\/mahlers-broytefeste-frontfeste-web-DSC01575-1536x1024.jpg 1536w, https:\/\/mahlers.se\/wp-content\/uploads\/2025\/06\/mahlers-broytefeste-frontfeste-web-DSC01575-2048x1366.jpg 2048w\" sizes=\"(max-width: 300px) 100vw, 300px\" \/><\/p>\n<\/div>\n<div>\n<p>\u2013 Vi har hatt hydraulisk l\u00e5sing i mange \u00e5r p\u00e5 v\u00e5r svenske festetype VV95, og syntes det var p\u00e5 tide \u00e5 tilby v\u00e5re norske venner en tilsvarende l\u00f8sning, forteller Roar When, salgssjef hos M\u00e4hlers Norge.<\/p>\n<\/div>\n<div>\n<p>Roar forklarer at utgangspunktet for det norske festet er standardkomponenter, og at man deretter har bygget videre med hydraulisk l\u00e5sing.<\/p>\n<\/div>\n<div>\n<p>\u2013 Ja, vi tok utgangspunkt i et standardfeste og tilpasset det til hydraulisk l\u00e5sing.<\/p>\n<\/div>\n<div>\n<p>M\u00e4hlers tilbyr et adaptersett som skrus p\u00e5 det eksisterende mekaniske festet, slik at dagens ploger enkelt kan tilpasses det nye hydrauliske frontfestet.<\/p>\n<\/div>\n<div>\n<p>\u2013 Det er en enkel og rimelig l\u00f8sning for entrepren\u00f8rer som allerede har ploger. Men n\u00e5 kommer vi ogs\u00e5 til \u00e5 tilby v\u00e5re norske kunder ploger som er direkte tilpasset for hydraulisk feste \u2013 da er det ikke behov for adapterne.<\/p>\n<\/div>\n<div>\n<p>Det nye hydrauliske festet, samt tilpassede ploger for det norske festesystemet, settes i serieproduksjon h\u00f8sten 2025 og kan allerede n\u00e5 bestilles.<\/p>\n<p data-pm-slice=\"1 1 []\"><strong>Les mer p\u00e5 produktsiden for det hydrauliske festet:<\/strong> <a href=\"https:\/\/mahlers.se\/no\/product\/hydraulisk-broyteplate\/\">https:\/\/mahlers.se\/no\/product\/hydraulisk-broyteplate\/<\/a><\/p>\n<p><strong>Se film som viser det nye hydrauliske plogfestet i aksjon:<\/strong> <a href=\"https:\/\/youtu.be\/tS3XFfVV1ak\">https:\/\/youtu.be\/tS3XFfVV1ak<\/a><\/p>\n<\/div>\n<\/div>\n<div>\n<p>For videre sp\u00f8rsm\u00e5l om dette, kontakt v\u00e5r Norske avdeling:<\/p>\n<\/div>\n<div>\n<p>M\u00e4hlers Norge AS<br \/>\nTlf (0047) 909 35 698 \/ 4141 5800<br \/>\npost@mahlers.no<\/p>\n<\/div>\n<\/div>\n<div>\n<p>&nbsp;<\/p>\n<\/div>\n","protected":false},"excerpt":{"rendered":"<p>18 Juni 2025 NYHET! Hydraulisk l\u00e5sing p\u00e5 frontfester Stort marked i Norge Vi fortsetter \u00e5 utvikle v\u00e5ret plogsortiment i h\u00f8yt tempo. De siste \u00e5rene har vi lansert flere nyheter, og ettersom det norske markedet utgj\u00f8r en betydelig del av salget, presenteres n\u00e5 et nyutviklet frontfeste med hydraulisk l\u00e5sing \u2013 noe som gj\u00f8r det enklere \u00e5 [&hellip;]<\/p>\n","protected":false},"author":6,"featured_media":13642,"comment_status":"closed","ping_status":"closed","sticky":false,"template":"","format":"standard","meta":{"_acf_changed":false,"footnotes":""},"categories":[23],"tags":[],"class_list":["post-13641","post","type-post","status-publish","format-standard","has-post-thumbnail","hentry","category-uncategorized-no"],"acf":[],"yoast_head":"<!-- This site is optimized with the Yoast SEO plugin v27.2 - https:\/\/yoast.com\/product\/yoast-seo-wordpress\/ -->\n<title>NYHET! Hydraulisk l\u00e5sing p\u00e5 frontfester - M\u00e4hlers<\/title>\n<meta name=\"robots\" content=\"index, follow, max-snippet:-1, max-image-preview:large, max-video-preview:-1\" \/>\n<link rel=\"canonical\" href=\"https:\/\/mahlers.se\/no\/2025\/06\/18\/hydraulisk-lasing-pa-frontfester\/\" \/>\n<meta property=\"og:locale\" content=\"nb_NO\" \/>\n<meta property=\"og:type\" content=\"article\" \/>\n<meta property=\"og:title\" content=\"NYHET! Hydraulisk l\u00e5sing p\u00e5 frontfester - M\u00e4hlers\" \/>\n<meta property=\"og:description\" content=\"18 Juni 2025 NYHET! Hydraulisk l\u00e5sing p\u00e5 frontfester Stort marked i Norge Vi fortsetter \u00e5 utvikle v\u00e5ret plogsortiment i h\u00f8yt tempo. De siste \u00e5rene har vi lansert flere nyheter, og ettersom det norske markedet utgj\u00f8r en betydelig del av salget, presenteres n\u00e5 et nyutviklet frontfeste med hydraulisk l\u00e5sing \u2013 noe som gj\u00f8r det enklere \u00e5 [&hellip;]\" \/>\n<meta property=\"og:url\" content=\"https:\/\/mahlers.se\/no\/2025\/06\/18\/hydraulisk-lasing-pa-frontfester\/\" \/>\n<meta property=\"og:site_name\" content=\"M\u00e4hlers\" \/>\n<meta property=\"article:published_time\" content=\"2025-06-18T06:00:31+00:00\" \/>\n<meta property=\"article:modified_time\" content=\"2025-06-18T06:24:36+00:00\" \/>\n<meta property=\"og:image\" content=\"https:\/\/mahlers.se\/wp-content\/uploads\/2025\/06\/mahlers-broytefeste-frontfeste-web-DSC01556_1.jpg\" \/>\n\t<meta property=\"og:image:width\" content=\"2500\" \/>\n\t<meta property=\"og:image:height\" content=\"1667\" \/>\n\t<meta property=\"og:image:type\" content=\"image\/jpeg\" \/>\n<meta name=\"author\" content=\"Sten Str\u00f6mgren\" \/>\n<meta name=\"twitter:card\" content=\"summary_large_image\" \/>\n<meta name=\"twitter:label1\" content=\"Skrevet av\" \/>\n\t<meta name=\"twitter:data1\" content=\"Sten Str\u00f6mgren\" \/>\n\t<meta name=\"twitter:label2\" content=\"Ansl. lesetid\" \/>\n\t<meta name=\"twitter:data2\" content=\"2 minutter\" \/>\n<script type=\"application\/ld+json\" class=\"yoast-schema-graph\">{\"@context\":\"https:\/\/schema.org\",\"@graph\":[{\"@type\":\"Article\",\"@id\":\"https:\/\/mahlers.se\/no\/2025\/06\/18\/hydraulisk-lasing-pa-frontfester\/#article\",\"isPartOf\":{\"@id\":\"https:\/\/mahlers.se\/no\/2025\/06\/18\/hydraulisk-lasing-pa-frontfester\/\"},\"author\":{\"name\":\"Sten Str\u00f6mgren\",\"@id\":\"https:\/\/mahlers.se\/no\/#\/schema\/person\/aec9adeefff3a94aec47db6d12cb56c0\"},\"headline\":\"NYHET! Hydraulisk l\u00e5sing p\u00e5 frontfester\",\"datePublished\":\"2025-06-18T06:00:31+00:00\",\"dateModified\":\"2025-06-18T06:24:36+00:00\",\"mainEntityOfPage\":{\"@id\":\"https:\/\/mahlers.se\/no\/2025\/06\/18\/hydraulisk-lasing-pa-frontfester\/\"},\"wordCount\":275,\"publisher\":{\"@id\":\"https:\/\/mahlers.se\/no\/#organization\"},\"image\":{\"@id\":\"https:\/\/mahlers.se\/no\/2025\/06\/18\/hydraulisk-lasing-pa-frontfester\/#primaryimage\"},\"thumbnailUrl\":\"https:\/\/mahlers.se\/wp-content\/uploads\/2025\/06\/mahlers-broytefeste-frontfeste-web-DSC01556_1.jpg\",\"articleSection\":[\"Uncategorized @no\"],\"inLanguage\":\"nb-NO\"},{\"@type\":\"WebPage\",\"@id\":\"https:\/\/mahlers.se\/no\/2025\/06\/18\/hydraulisk-lasing-pa-frontfester\/\",\"url\":\"https:\/\/mahlers.se\/no\/2025\/06\/18\/hydraulisk-lasing-pa-frontfester\/\",\"name\":\"NYHET! Hydraulisk l\u00e5sing p\u00e5 frontfester - M\u00e4hlers\",\"isPartOf\":{\"@id\":\"https:\/\/mahlers.se\/no\/#website\"},\"primaryImageOfPage\":{\"@id\":\"https:\/\/mahlers.se\/no\/2025\/06\/18\/hydraulisk-lasing-pa-frontfester\/#primaryimage\"},\"image\":{\"@id\":\"https:\/\/mahlers.se\/no\/2025\/06\/18\/hydraulisk-lasing-pa-frontfester\/#primaryimage\"},\"thumbnailUrl\":\"https:\/\/mahlers.se\/wp-content\/uploads\/2025\/06\/mahlers-broytefeste-frontfeste-web-DSC01556_1.jpg\",\"datePublished\":\"2025-06-18T06:00:31+00:00\",\"dateModified\":\"2025-06-18T06:24:36+00:00\",\"breadcrumb\":{\"@id\":\"https:\/\/mahlers.se\/no\/2025\/06\/18\/hydraulisk-lasing-pa-frontfester\/#breadcrumb\"},\"inLanguage\":\"nb-NO\",\"potentialAction\":[{\"@type\":\"ReadAction\",\"target\":[\"https:\/\/mahlers.se\/no\/2025\/06\/18\/hydraulisk-lasing-pa-frontfester\/\"]}]},{\"@type\":\"ImageObject\",\"inLanguage\":\"nb-NO\",\"@id\":\"https:\/\/mahlers.se\/no\/2025\/06\/18\/hydraulisk-lasing-pa-frontfester\/#primaryimage\",\"url\":\"https:\/\/mahlers.se\/wp-content\/uploads\/2025\/06\/mahlers-broytefeste-frontfeste-web-DSC01556_1.jpg\",\"contentUrl\":\"https:\/\/mahlers.se\/wp-content\/uploads\/2025\/06\/mahlers-broytefeste-frontfeste-web-DSC01556_1.jpg\",\"width\":2500,\"height\":1667},{\"@type\":\"BreadcrumbList\",\"@id\":\"https:\/\/mahlers.se\/no\/2025\/06\/18\/hydraulisk-lasing-pa-frontfester\/#breadcrumb\",\"itemListElement\":[{\"@type\":\"ListItem\",\"position\":1,\"name\":\"Hem\",\"item\":\"https:\/\/mahlers.se\/no\/\"},{\"@type\":\"ListItem\",\"position\":2,\"name\":\"NYHET! Hydraulisk l\u00e5sing p\u00e5 frontfester\"}]},{\"@type\":\"WebSite\",\"@id\":\"https:\/\/mahlers.se\/no\/#website\",\"url\":\"https:\/\/mahlers.se\/no\/\",\"name\":\"M\u00e4hlers\",\"description\":\"F\u00f6r effektivare sn\u00f6r\u00f6jning och v\u00e4gunderh\u00e5ll\",\"publisher\":{\"@id\":\"https:\/\/mahlers.se\/no\/#organization\"},\"potentialAction\":[{\"@type\":\"SearchAction\",\"target\":{\"@type\":\"EntryPoint\",\"urlTemplate\":\"https:\/\/mahlers.se\/no\/?s={search_term_string}\"},\"query-input\":{\"@type\":\"PropertyValueSpecification\",\"valueRequired\":true,\"valueName\":\"search_term_string\"}}],\"inLanguage\":\"nb-NO\"},{\"@type\":\"Organization\",\"@id\":\"https:\/\/mahlers.se\/no\/#organization\",\"name\":\"M\u00e4hlers\",\"url\":\"https:\/\/mahlers.se\/no\/\",\"logo\":{\"@type\":\"ImageObject\",\"inLanguage\":\"nb-NO\",\"@id\":\"https:\/\/mahlers.se\/no\/#\/schema\/logo\/image\/\",\"url\":\"https:\/\/mahlers.se\/wp-content\/uploads\/2021\/06\/Mahlers-logo-ned-wordonly.png\",\"contentUrl\":\"https:\/\/mahlers.se\/wp-content\/uploads\/2021\/06\/Mahlers-logo-ned-wordonly.png\",\"width\":1026,\"height\":186,\"caption\":\"M\u00e4hlers\"},\"image\":{\"@id\":\"https:\/\/mahlers.se\/no\/#\/schema\/logo\/image\/\"}},{\"@type\":\"Person\",\"@id\":\"https:\/\/mahlers.se\/no\/#\/schema\/person\/aec9adeefff3a94aec47db6d12cb56c0\",\"name\":\"Sten Str\u00f6mgren\",\"image\":{\"@type\":\"ImageObject\",\"inLanguage\":\"nb-NO\",\"@id\":\"https:\/\/secure.gravatar.com\/avatar\/3e0ee567f00ea671aa6b2195a0744de5005cb564dea599543636be3fee4498a6?s=96&d=mm&r=g\",\"url\":\"https:\/\/secure.gravatar.com\/avatar\/3e0ee567f00ea671aa6b2195a0744de5005cb564dea599543636be3fee4498a6?s=96&d=mm&r=g\",\"contentUrl\":\"https:\/\/secure.gravatar.com\/avatar\/3e0ee567f00ea671aa6b2195a0744de5005cb564dea599543636be3fee4498a6?s=96&d=mm&r=g\",\"caption\":\"Sten Str\u00f6mgren\"},\"url\":\"https:\/\/mahlers.se\/no\/author\/sten\/\"}]}<\/script>\n<!-- \/ Yoast SEO plugin. -->","yoast_head_json":{"title":"NYHET! Hydraulisk l\u00e5sing p\u00e5 frontfester - M\u00e4hlers","robots":{"index":"index","follow":"follow","max-snippet":"max-snippet:-1","max-image-preview":"max-image-preview:large","max-video-preview":"max-video-preview:-1"},"canonical":"https:\/\/mahlers.se\/no\/2025\/06\/18\/hydraulisk-lasing-pa-frontfester\/","og_locale":"nb_NO","og_type":"article","og_title":"NYHET! Hydraulisk l\u00e5sing p\u00e5 frontfester - M\u00e4hlers","og_description":"18 Juni 2025 NYHET! Hydraulisk l\u00e5sing p\u00e5 frontfester Stort marked i Norge Vi fortsetter \u00e5 utvikle v\u00e5ret plogsortiment i h\u00f8yt tempo. De siste \u00e5rene har vi lansert flere nyheter, og ettersom det norske markedet utgj\u00f8r en betydelig del av salget, presenteres n\u00e5 et nyutviklet frontfeste med hydraulisk l\u00e5sing \u2013 noe som gj\u00f8r det enklere \u00e5 [&hellip;]","og_url":"https:\/\/mahlers.se\/no\/2025\/06\/18\/hydraulisk-lasing-pa-frontfester\/","og_site_name":"M\u00e4hlers","article_published_time":"2025-06-18T06:00:31+00:00","article_modified_time":"2025-06-18T06:24:36+00:00","og_image":[{"width":2500,"height":1667,"url":"https:\/\/mahlers.se\/wp-content\/uploads\/2025\/06\/mahlers-broytefeste-frontfeste-web-DSC01556_1.jpg","type":"image\/jpeg"}],"author":"Sten Str\u00f6mgren","twitter_card":"summary_large_image","twitter_misc":{"Skrevet av":"Sten Str\u00f6mgren","Ansl. lesetid":"2 minutter"},"schema":{"@context":"https:\/\/schema.org","@graph":[{"@type":"Article","@id":"https:\/\/mahlers.se\/no\/2025\/06\/18\/hydraulisk-lasing-pa-frontfester\/#article","isPartOf":{"@id":"https:\/\/mahlers.se\/no\/2025\/06\/18\/hydraulisk-lasing-pa-frontfester\/"},"author":{"name":"Sten Str\u00f6mgren","@id":"https:\/\/mahlers.se\/no\/#\/schema\/person\/aec9adeefff3a94aec47db6d12cb56c0"},"headline":"NYHET! Hydraulisk l\u00e5sing p\u00e5 frontfester","datePublished":"2025-06-18T06:00:31+00:00","dateModified":"2025-06-18T06:24:36+00:00","mainEntityOfPage":{"@id":"https:\/\/mahlers.se\/no\/2025\/06\/18\/hydraulisk-lasing-pa-frontfester\/"},"wordCount":275,"publisher":{"@id":"https:\/\/mahlers.se\/no\/#organization"},"image":{"@id":"https:\/\/mahlers.se\/no\/2025\/06\/18\/hydraulisk-lasing-pa-frontfester\/#primaryimage"},"thumbnailUrl":"https:\/\/mahlers.se\/wp-content\/uploads\/2025\/06\/mahlers-broytefeste-frontfeste-web-DSC01556_1.jpg","articleSection":["Uncategorized @no"],"inLanguage":"nb-NO"},{"@type":"WebPage","@id":"https:\/\/mahlers.se\/no\/2025\/06\/18\/hydraulisk-lasing-pa-frontfester\/","url":"https:\/\/mahlers.se\/no\/2025\/06\/18\/hydraulisk-lasing-pa-frontfester\/","name":"NYHET! Hydraulisk l\u00e5sing p\u00e5 frontfester - M\u00e4hlers","isPartOf":{"@id":"https:\/\/mahlers.se\/no\/#website"},"primaryImageOfPage":{"@id":"https:\/\/mahlers.se\/no\/2025\/06\/18\/hydraulisk-lasing-pa-frontfester\/#primaryimage"},"image":{"@id":"https:\/\/mahlers.se\/no\/2025\/06\/18\/hydraulisk-lasing-pa-frontfester\/#primaryimage"},"thumbnailUrl":"https:\/\/mahlers.se\/wp-content\/uploads\/2025\/06\/mahlers-broytefeste-frontfeste-web-DSC01556_1.jpg","datePublished":"2025-06-18T06:00:31+00:00","dateModified":"2025-06-18T06:24:36+00:00","breadcrumb":{"@id":"https:\/\/mahlers.se\/no\/2025\/06\/18\/hydraulisk-lasing-pa-frontfester\/#breadcrumb"},"inLanguage":"nb-NO","potentialAction":[{"@type":"ReadAction","target":["https:\/\/mahlers.se\/no\/2025\/06\/18\/hydraulisk-lasing-pa-frontfester\/"]}]},{"@type":"ImageObject","inLanguage":"nb-NO","@id":"https:\/\/mahlers.se\/no\/2025\/06\/18\/hydraulisk-lasing-pa-frontfester\/#primaryimage","url":"https:\/\/mahlers.se\/wp-content\/uploads\/2025\/06\/mahlers-broytefeste-frontfeste-web-DSC01556_1.jpg","contentUrl":"https:\/\/mahlers.se\/wp-content\/uploads\/2025\/06\/mahlers-broytefeste-frontfeste-web-DSC01556_1.jpg","width":2500,"height":1667},{"@type":"BreadcrumbList","@id":"https:\/\/mahlers.se\/no\/2025\/06\/18\/hydraulisk-lasing-pa-frontfester\/#breadcrumb","itemListElement":[{"@type":"ListItem","position":1,"name":"Hem","item":"https:\/\/mahlers.se\/no\/"},{"@type":"ListItem","position":2,"name":"NYHET! Hydraulisk l\u00e5sing p\u00e5 frontfester"}]},{"@type":"WebSite","@id":"https:\/\/mahlers.se\/no\/#website","url":"https:\/\/mahlers.se\/no\/","name":"M\u00e4hlers","description":"F\u00f6r effektivare sn\u00f6r\u00f6jning och v\u00e4gunderh\u00e5ll","publisher":{"@id":"https:\/\/mahlers.se\/no\/#organization"},"potentialAction":[{"@type":"SearchAction","target":{"@type":"EntryPoint","urlTemplate":"https:\/\/mahlers.se\/no\/?s={search_term_string}"},"query-input":{"@type":"PropertyValueSpecification","valueRequired":true,"valueName":"search_term_string"}}],"inLanguage":"nb-NO"},{"@type":"Organization","@id":"https:\/\/mahlers.se\/no\/#organization","name":"M\u00e4hlers","url":"https:\/\/mahlers.se\/no\/","logo":{"@type":"ImageObject","inLanguage":"nb-NO","@id":"https:\/\/mahlers.se\/no\/#\/schema\/logo\/image\/","url":"https:\/\/mahlers.se\/wp-content\/uploads\/2021\/06\/Mahlers-logo-ned-wordonly.png","contentUrl":"https:\/\/mahlers.se\/wp-content\/uploads\/2021\/06\/Mahlers-logo-ned-wordonly.png","width":1026,"height":186,"caption":"M\u00e4hlers"},"image":{"@id":"https:\/\/mahlers.se\/no\/#\/schema\/logo\/image\/"}},{"@type":"Person","@id":"https:\/\/mahlers.se\/no\/#\/schema\/person\/aec9adeefff3a94aec47db6d12cb56c0","name":"Sten Str\u00f6mgren","image":{"@type":"ImageObject","inLanguage":"nb-NO","@id":"https:\/\/secure.gravatar.com\/avatar\/3e0ee567f00ea671aa6b2195a0744de5005cb564dea599543636be3fee4498a6?s=96&d=mm&r=g","url":"https:\/\/secure.gravatar.com\/avatar\/3e0ee567f00ea671aa6b2195a0744de5005cb564dea599543636be3fee4498a6?s=96&d=mm&r=g","contentUrl":"https:\/\/secure.gravatar.com\/avatar\/3e0ee567f00ea671aa6b2195a0744de5005cb564dea599543636be3fee4498a6?s=96&d=mm&r=g","caption":"Sten Str\u00f6mgren"},"url":"https:\/\/mahlers.se\/no\/author\/sten\/"}]}},"_links":{"self":[{"href":"https:\/\/mahlers.se\/no\/wp-json\/wp\/v2\/posts\/13641","targetHints":{"allow":["GET"]}}],"collection":[{"href":"https:\/\/mahlers.se\/no\/wp-json\/wp\/v2\/posts"}],"about":[{"href":"https:\/\/mahlers.se\/no\/wp-json\/wp\/v2\/types\/post"}],"author":[{"embeddable":true,"href":"https:\/\/mahlers.se\/no\/wp-json\/wp\/v2\/users\/6"}],"replies":[{"embeddable":true,"href":"https:\/\/mahlers.se\/no\/wp-json\/wp\/v2\/comments?post=13641"}],"version-history":[{"count":3,"href":"https:\/\/mahlers.se\/no\/wp-json\/wp\/v2\/posts\/13641\/revisions"}],"predecessor-version":[{"id":13704,"href":"https:\/\/mahlers.se\/no\/wp-json\/wp\/v2\/posts\/13641\/revisions\/13704"}],"wp:featuredmedia":[{"embeddable":true,"href":"https:\/\/mahlers.se\/no\/wp-json\/wp\/v2\/media\/13642"}],"wp:attachment":[{"href":"https:\/\/mahlers.se\/no\/wp-json\/wp\/v2\/media?parent=13641"}],"wp:term":[{"taxonomy":"category","embeddable":true,"href":"https:\/\/mahlers.se\/no\/wp-json\/wp\/v2\/categories?post=13641"},{"taxonomy":"post_tag","embeddable":true,"href":"https:\/\/mahlers.se\/no\/wp-json\/wp\/v2\/tags?post=13641"}],"curies":[{"name":"wp","href":"https:\/\/api.w.org\/{rel}","templated":true}]}}