{"id":13523,"date":"2025-06-03T08:46:55","date_gmt":"2025-06-03T06:46:55","guid":{"rendered":"https:\/\/mahlers.se\/?p=13523"},"modified":"2025-06-03T08:47:17","modified_gmt":"2025-06-03T06:47:17","slug":"nyhet-mahlers-app-for-styresystemet-mc3-blir-tilgjengelig-via-volvo-connect","status":"publish","type":"post","link":"https:\/\/mahlers.se\/no\/2025\/06\/03\/nyhet-mahlers-app-for-styresystemet-mc3-blir-tilgjengelig-via-volvo-connect\/","title":{"rendered":"NYHET! M\u00e4hlers app for styresystemet MC3 blir tilgjengelig via Volvo Connect"},"content":{"rendered":"<div>\n<p align=\"right\"><strong>3 Juni 2025<\/strong><\/p>\n<\/div>\n<div>\n<p><strong>NYHET!<\/strong><\/p>\n<\/div>\n<div>\n<div>\n<p><strong>M\u00e4hlers app for styresystemet MC3 blir tilgjengelig via Volvo Connect<\/strong><br \/>\n<strong>Enklere fjernsupport og bedre oversikt \u2013 direkte i lastebilens digitale skjerm.<\/strong><\/p>\n<p><img fetchpriority=\"high\" decoding=\"async\" class=\"alignnone wp-image-13505\" src=\"https:\/\/mahlers.se\/wp-content\/uploads\/2025\/06\/mahlers-mc3-volvo-connect-DSC02518_1-web-300x200.jpg\" alt=\"\" width=\"311\" height=\"207\" srcset=\"https:\/\/mahlers.se\/wp-content\/uploads\/2025\/06\/mahlers-mc3-volvo-connect-DSC02518_1-web-300x200.jpg 300w, https:\/\/mahlers.se\/wp-content\/uploads\/2025\/06\/mahlers-mc3-volvo-connect-DSC02518_1-web-1024x683.jpg 1024w, https:\/\/mahlers.se\/wp-content\/uploads\/2025\/06\/mahlers-mc3-volvo-connect-DSC02518_1-web-768x512.jpg 768w, https:\/\/mahlers.se\/wp-content\/uploads\/2025\/06\/mahlers-mc3-volvo-connect-DSC02518_1-web-1536x1024.jpg 1536w, https:\/\/mahlers.se\/wp-content\/uploads\/2025\/06\/mahlers-mc3-volvo-connect-DSC02518_1-web-2048x1366.jpg 2048w\" sizes=\"(max-width: 311px) 100vw, 311px\" \/><\/p>\n<\/div>\n<div>\n<p>N\u00e5 lanseres en etterlengtet funksjon for lastebilsj\u00e5f\u00f8rer som bruker M\u00e4hlers styresystem MC3 i Volvo-lastebiler. M\u00e4hlers MC3-app blir tilgjengelig via Volvo Connect \u2013 Volvo-konsernets digitale plattform for kj\u00f8ret\u00f8y- og fl\u00e5testyring. Det betyr at sj\u00e5f\u00f8rer og transportselskaper f\u00e5r tilgang til M\u00e4hlers funksjoner via samme skjerm og system de allerede bruker til kj\u00f8ret\u00f8yets \u00f8vrige digitale tjenester.<\/p>\n<\/div>\n<div>\n<h3><strong>All informasjon samlet p\u00e5 ett sted<\/strong><\/h3>\n<\/div>\n<div>\n<p>Volvo Connect tilbyr blant annet sanntidsposisjonering, kj\u00f8ret\u00f8ystatus, servicehistorikk og milj\u00f8data. N\u00e5r M\u00e4hlers MC3-funksjoner gj\u00f8res tilgjengelige via denne plattformen, f\u00e5r brukeren en mer helhetlig digital oversikt over b\u00e5de kj\u00f8ret\u00f8y og redskaper.<\/p>\n<\/div>\n<div>\n<p>\u2013 \u00c5 kunne tilby kundene v\u00e5re en s\u00f8ml\u00f8s tilkobling mellom MC3 og Volvo Connect er helt i tr\u00e5d med v\u00e5rt m\u00e5l om \u00e5 gj\u00f8re arbeidet enklere og mer effektivt for sj\u00e5f\u00f8ren.<span class=\"apple-converted-space\">\u00a0<\/span><strong>Vi er stolte over \u00e5 v\u00e6re en del av Volvos digitale \u00f8kosystem<\/strong><b>,<\/b> sier Pontus Jonasson, administrerende direkt\u00f8r i M\u00e4hlers.<\/p>\n<p><img decoding=\"async\" class=\"alignnone wp-image-13513\" src=\"https:\/\/mahlers.se\/wp-content\/uploads\/2025\/06\/mahlers-mc3-volvo-connect-DSC09947_1-web-300x200.jpg\" alt=\"\" width=\"302\" height=\"201\" srcset=\"https:\/\/mahlers.se\/wp-content\/uploads\/2025\/06\/mahlers-mc3-volvo-connect-DSC09947_1-web-300x200.jpg 300w, https:\/\/mahlers.se\/wp-content\/uploads\/2025\/06\/mahlers-mc3-volvo-connect-DSC09947_1-web-1024x683.jpg 1024w, https:\/\/mahlers.se\/wp-content\/uploads\/2025\/06\/mahlers-mc3-volvo-connect-DSC09947_1-web-768x512.jpg 768w, https:\/\/mahlers.se\/wp-content\/uploads\/2025\/06\/mahlers-mc3-volvo-connect-DSC09947_1-web-1536x1024.jpg 1536w, https:\/\/mahlers.se\/wp-content\/uploads\/2025\/06\/mahlers-mc3-volvo-connect-DSC09947_1-web-2048x1366.jpg 2048w\" sizes=\"(max-width: 302px) 100vw, 302px\" \/><\/p>\n<\/div>\n<div>\n<h3><strong>AI-support gir rask hjelp \u2013 d\u00f8gnet rundt<\/strong><\/h3>\n<\/div>\n<div>\n<p>Via kj\u00f8ret\u00f8yets originale skjerm f\u00e5r sj\u00e5f\u00f8ren en visuell oversikt over M\u00e4hlers funksjoner \u2013 som frontplog, sideplog, h\u00f8velskj\u00e6r og tippfunksjoner for bil og tilhenger. Den visuelle presentasjonen gj\u00f8r det enklere \u00e5 l\u00e6re seg og bruke plogsystemet, spesielt for nye sj\u00e5f\u00f8rer.<\/p>\n<\/div>\n<div>\n<p>\u2013 \u00d8ye og h\u00e5nd \u2013 visuell kontakt er uovertruffen n\u00e5r det gjelder \u00e5 l\u00e6re ny teknologi. N\u00e5r MC3-funksjonene n\u00e5 kan n\u00e5s via Volvo Connect, blir det enklere for nye f\u00f8rere \u00e5 sette seg inn i hvordan styresystemet fungerer, sier Pontus Jonasson.<\/p>\n<\/div>\n<div>\n<p>Tilgjengeligheten av MC3-appen via Volvo Connect gir ogs\u00e5 tilgang til M\u00e4hlers AI-baserte support. Denne funksjonen benyttes flittig \u2013 spesielt i vinterhalv\u00e5ret \u2013 og gj\u00f8r det mulig \u00e5 feils\u00f8ke eller optimalisere systemet n\u00e5r som helst p\u00e5 d\u00f8gnet.<\/p>\n<\/div>\n<div>\n<p>\u2013 Det handler om \u00e5 gi rask hjelp n\u00e5r det trengs \u2013 uten at sj\u00e5f\u00f8ren m\u00e5 lete etter riktig app eller kontaktpunkt, sier Pontus Jonasson.<br \/>\n\u2013 Jo mer tilgjengelig og samlet informasjonen er, desto bedre beslutninger kan sj\u00e5f\u00f8ren ta \u2013 b\u00e5de umiddelbart og p\u00e5 lang sikt.<strong>\u00a0<\/strong><\/p>\n<\/div>\n<div>\n<p><strong>Se M\u00e4hlers film som viser hvordan MC3-funksjonene n\u00e5s via Volvo Connect: <\/strong><a href=\"https:\/\/youtu.be\/17jA-ozL2Gc\">https:\/\/youtu.be\/17jA-ozL2Gc<\/a><img decoding=\"async\" class=\"alignnone size-medium wp-image-13509\" src=\"https:\/\/mahlers.se\/wp-content\/uploads\/2025\/06\/mahlers-mc3-volvo-connect-DSC09932_1-web-300x200.jpg\" alt=\"\" width=\"300\" height=\"200\" srcset=\"https:\/\/mahlers.se\/wp-content\/uploads\/2025\/06\/mahlers-mc3-volvo-connect-DSC09932_1-web-300x200.jpg 300w, https:\/\/mahlers.se\/wp-content\/uploads\/2025\/06\/mahlers-mc3-volvo-connect-DSC09932_1-web-1024x683.jpg 1024w, https:\/\/mahlers.se\/wp-content\/uploads\/2025\/06\/mahlers-mc3-volvo-connect-DSC09932_1-web-768x512.jpg 768w, https:\/\/mahlers.se\/wp-content\/uploads\/2025\/06\/mahlers-mc3-volvo-connect-DSC09932_1-web-1536x1024.jpg 1536w, https:\/\/mahlers.se\/wp-content\/uploads\/2025\/06\/mahlers-mc3-volvo-connect-DSC09932_1-web-2048x1366.jpg 2048w\" sizes=\"(max-width: 300px) 100vw, 300px\" \/><\/p>\n<\/div>\n<div>\n<p>For videre sp\u00f8rsm\u00e5l om dette, kontakt v\u00e5r Norske avdeling:<\/p>\n<\/div>\n<div>\n<p>M\u00e4hlers Norge AS<\/p>\n<\/div>\n<div>\n<p>Tlf (0047) 909 35\u00a0698 \/ 4141 5800<\/p>\n<\/div>\n<div>\n<p>post@mahlers.no<\/p>\n<\/div>\n<\/div>\n<div>\n<p>&nbsp;<\/p>\n<\/div>\n","protected":false},"excerpt":{"rendered":"<p>3 Juni 2025 NYHET! M\u00e4hlers app for styresystemet MC3 blir tilgjengelig via Volvo Connect Enklere fjernsupport og bedre oversikt \u2013 direkte i lastebilens digitale skjerm. N\u00e5 lanseres en etterlengtet funksjon for lastebilsj\u00e5f\u00f8rer som bruker M\u00e4hlers styresystem MC3 i Volvo-lastebiler. M\u00e4hlers MC3-app blir tilgjengelig via Volvo Connect \u2013 Volvo-konsernets digitale plattform for kj\u00f8ret\u00f8y- og fl\u00e5testyring. Det [&hellip;]<\/p>\n","protected":false},"author":6,"featured_media":13505,"comment_status":"closed","ping_status":"closed","sticky":false,"template":"","format":"standard","meta":{"_acf_changed":false,"footnotes":""},"categories":[23],"tags":[],"class_list":["post-13523","post","type-post","status-publish","format-standard","has-post-thumbnail","hentry","category-uncategorized-no"],"acf":[],"yoast_head":"<!-- This site is optimized with the Yoast SEO plugin v27.2 - https:\/\/yoast.com\/product\/yoast-seo-wordpress\/ -->\n<title>NYHET! M\u00e4hlers app for styresystemet MC3 blir tilgjengelig via Volvo Connect - M\u00e4hlers<\/title>\n<meta name=\"robots\" content=\"index, follow, max-snippet:-1, max-image-preview:large, max-video-preview:-1\" \/>\n<link rel=\"canonical\" href=\"https:\/\/mahlers.se\/no\/2025\/06\/03\/nyhet-mahlers-app-for-styresystemet-mc3-blir-tilgjengelig-via-volvo-connect\/\" \/>\n<meta property=\"og:locale\" content=\"nb_NO\" \/>\n<meta property=\"og:type\" content=\"article\" \/>\n<meta property=\"og:title\" content=\"NYHET! M\u00e4hlers app for styresystemet MC3 blir tilgjengelig via Volvo Connect - M\u00e4hlers\" \/>\n<meta property=\"og:description\" content=\"3 Juni 2025 NYHET! M\u00e4hlers app for styresystemet MC3 blir tilgjengelig via Volvo Connect Enklere fjernsupport og bedre oversikt \u2013 direkte i lastebilens digitale skjerm. N\u00e5 lanseres en etterlengtet funksjon for lastebilsj\u00e5f\u00f8rer som bruker M\u00e4hlers styresystem MC3 i Volvo-lastebiler. M\u00e4hlers MC3-app blir tilgjengelig via Volvo Connect \u2013 Volvo-konsernets digitale plattform for kj\u00f8ret\u00f8y- og fl\u00e5testyring. Det [&hellip;]\" \/>\n<meta property=\"og:url\" content=\"https:\/\/mahlers.se\/no\/2025\/06\/03\/nyhet-mahlers-app-for-styresystemet-mc3-blir-tilgjengelig-via-volvo-connect\/\" \/>\n<meta property=\"og:site_name\" content=\"M\u00e4hlers\" \/>\n<meta property=\"article:published_time\" content=\"2025-06-03T06:46:55+00:00\" \/>\n<meta property=\"article:modified_time\" content=\"2025-06-03T06:47:17+00:00\" \/>\n<meta property=\"og:image\" content=\"https:\/\/mahlers.se\/wp-content\/uploads\/2025\/06\/mahlers-mc3-volvo-connect-DSC02518_1-web.jpg\" \/>\n\t<meta property=\"og:image:width\" content=\"2500\" \/>\n\t<meta property=\"og:image:height\" content=\"1667\" \/>\n\t<meta property=\"og:image:type\" content=\"image\/jpeg\" \/>\n<meta name=\"author\" content=\"Sten Str\u00f6mgren\" \/>\n<meta name=\"twitter:card\" content=\"summary_large_image\" \/>\n<meta name=\"twitter:label1\" content=\"Skrevet av\" \/>\n\t<meta name=\"twitter:data1\" content=\"Sten Str\u00f6mgren\" \/>\n\t<meta name=\"twitter:label2\" content=\"Ansl. lesetid\" \/>\n\t<meta name=\"twitter:data2\" content=\"3 minutter\" \/>\n<script type=\"application\/ld+json\" class=\"yoast-schema-graph\">{\"@context\":\"https:\/\/schema.org\",\"@graph\":[{\"@type\":\"Article\",\"@id\":\"https:\/\/mahlers.se\/no\/2025\/06\/03\/nyhet-mahlers-app-for-styresystemet-mc3-blir-tilgjengelig-via-volvo-connect\/#article\",\"isPartOf\":{\"@id\":\"https:\/\/mahlers.se\/no\/2025\/06\/03\/nyhet-mahlers-app-for-styresystemet-mc3-blir-tilgjengelig-via-volvo-connect\/\"},\"author\":{\"name\":\"Sten Str\u00f6mgren\",\"@id\":\"https:\/\/mahlers.se\/no\/#\/schema\/person\/aec9adeefff3a94aec47db6d12cb56c0\"},\"headline\":\"NYHET! M\u00e4hlers app for styresystemet MC3 blir tilgjengelig via Volvo Connect\",\"datePublished\":\"2025-06-03T06:46:55+00:00\",\"dateModified\":\"2025-06-03T06:47:17+00:00\",\"mainEntityOfPage\":{\"@id\":\"https:\/\/mahlers.se\/no\/2025\/06\/03\/nyhet-mahlers-app-for-styresystemet-mc3-blir-tilgjengelig-via-volvo-connect\/\"},\"wordCount\":433,\"publisher\":{\"@id\":\"https:\/\/mahlers.se\/no\/#organization\"},\"image\":{\"@id\":\"https:\/\/mahlers.se\/no\/2025\/06\/03\/nyhet-mahlers-app-for-styresystemet-mc3-blir-tilgjengelig-via-volvo-connect\/#primaryimage\"},\"thumbnailUrl\":\"https:\/\/mahlers.se\/wp-content\/uploads\/2025\/06\/mahlers-mc3-volvo-connect-DSC02518_1-web.jpg\",\"articleSection\":[\"Uncategorized @no\"],\"inLanguage\":\"nb-NO\"},{\"@type\":\"WebPage\",\"@id\":\"https:\/\/mahlers.se\/no\/2025\/06\/03\/nyhet-mahlers-app-for-styresystemet-mc3-blir-tilgjengelig-via-volvo-connect\/\",\"url\":\"https:\/\/mahlers.se\/no\/2025\/06\/03\/nyhet-mahlers-app-for-styresystemet-mc3-blir-tilgjengelig-via-volvo-connect\/\",\"name\":\"NYHET! M\u00e4hlers app for styresystemet MC3 blir tilgjengelig via Volvo Connect - M\u00e4hlers\",\"isPartOf\":{\"@id\":\"https:\/\/mahlers.se\/no\/#website\"},\"primaryImageOfPage\":{\"@id\":\"https:\/\/mahlers.se\/no\/2025\/06\/03\/nyhet-mahlers-app-for-styresystemet-mc3-blir-tilgjengelig-via-volvo-connect\/#primaryimage\"},\"image\":{\"@id\":\"https:\/\/mahlers.se\/no\/2025\/06\/03\/nyhet-mahlers-app-for-styresystemet-mc3-blir-tilgjengelig-via-volvo-connect\/#primaryimage\"},\"thumbnailUrl\":\"https:\/\/mahlers.se\/wp-content\/uploads\/2025\/06\/mahlers-mc3-volvo-connect-DSC02518_1-web.jpg\",\"datePublished\":\"2025-06-03T06:46:55+00:00\",\"dateModified\":\"2025-06-03T06:47:17+00:00\",\"breadcrumb\":{\"@id\":\"https:\/\/mahlers.se\/no\/2025\/06\/03\/nyhet-mahlers-app-for-styresystemet-mc3-blir-tilgjengelig-via-volvo-connect\/#breadcrumb\"},\"inLanguage\":\"nb-NO\",\"potentialAction\":[{\"@type\":\"ReadAction\",\"target\":[\"https:\/\/mahlers.se\/no\/2025\/06\/03\/nyhet-mahlers-app-for-styresystemet-mc3-blir-tilgjengelig-via-volvo-connect\/\"]}]},{\"@type\":\"ImageObject\",\"inLanguage\":\"nb-NO\",\"@id\":\"https:\/\/mahlers.se\/no\/2025\/06\/03\/nyhet-mahlers-app-for-styresystemet-mc3-blir-tilgjengelig-via-volvo-connect\/#primaryimage\",\"url\":\"https:\/\/mahlers.se\/wp-content\/uploads\/2025\/06\/mahlers-mc3-volvo-connect-DSC02518_1-web.jpg\",\"contentUrl\":\"https:\/\/mahlers.se\/wp-content\/uploads\/2025\/06\/mahlers-mc3-volvo-connect-DSC02518_1-web.jpg\",\"width\":2500,\"height\":1667},{\"@type\":\"BreadcrumbList\",\"@id\":\"https:\/\/mahlers.se\/no\/2025\/06\/03\/nyhet-mahlers-app-for-styresystemet-mc3-blir-tilgjengelig-via-volvo-connect\/#breadcrumb\",\"itemListElement\":[{\"@type\":\"ListItem\",\"position\":1,\"name\":\"Hem\",\"item\":\"https:\/\/mahlers.se\/no\/\"},{\"@type\":\"ListItem\",\"position\":2,\"name\":\"NYHET! M\u00e4hlers app for styresystemet MC3 blir tilgjengelig via Volvo Connect\"}]},{\"@type\":\"WebSite\",\"@id\":\"https:\/\/mahlers.se\/no\/#website\",\"url\":\"https:\/\/mahlers.se\/no\/\",\"name\":\"M\u00e4hlers\",\"description\":\"F\u00f6r effektivare sn\u00f6r\u00f6jning och v\u00e4gunderh\u00e5ll\",\"publisher\":{\"@id\":\"https:\/\/mahlers.se\/no\/#organization\"},\"potentialAction\":[{\"@type\":\"SearchAction\",\"target\":{\"@type\":\"EntryPoint\",\"urlTemplate\":\"https:\/\/mahlers.se\/no\/?s={search_term_string}\"},\"query-input\":{\"@type\":\"PropertyValueSpecification\",\"valueRequired\":true,\"valueName\":\"search_term_string\"}}],\"inLanguage\":\"nb-NO\"},{\"@type\":\"Organization\",\"@id\":\"https:\/\/mahlers.se\/no\/#organization\",\"name\":\"M\u00e4hlers\",\"url\":\"https:\/\/mahlers.se\/no\/\",\"logo\":{\"@type\":\"ImageObject\",\"inLanguage\":\"nb-NO\",\"@id\":\"https:\/\/mahlers.se\/no\/#\/schema\/logo\/image\/\",\"url\":\"https:\/\/mahlers.se\/wp-content\/uploads\/2021\/06\/Mahlers-logo-ned-wordonly.png\",\"contentUrl\":\"https:\/\/mahlers.se\/wp-content\/uploads\/2021\/06\/Mahlers-logo-ned-wordonly.png\",\"width\":1026,\"height\":186,\"caption\":\"M\u00e4hlers\"},\"image\":{\"@id\":\"https:\/\/mahlers.se\/no\/#\/schema\/logo\/image\/\"}},{\"@type\":\"Person\",\"@id\":\"https:\/\/mahlers.se\/no\/#\/schema\/person\/aec9adeefff3a94aec47db6d12cb56c0\",\"name\":\"Sten Str\u00f6mgren\",\"image\":{\"@type\":\"ImageObject\",\"inLanguage\":\"nb-NO\",\"@id\":\"https:\/\/secure.gravatar.com\/avatar\/3e0ee567f00ea671aa6b2195a0744de5005cb564dea599543636be3fee4498a6?s=96&d=mm&r=g\",\"url\":\"https:\/\/secure.gravatar.com\/avatar\/3e0ee567f00ea671aa6b2195a0744de5005cb564dea599543636be3fee4498a6?s=96&d=mm&r=g\",\"contentUrl\":\"https:\/\/secure.gravatar.com\/avatar\/3e0ee567f00ea671aa6b2195a0744de5005cb564dea599543636be3fee4498a6?s=96&d=mm&r=g\",\"caption\":\"Sten Str\u00f6mgren\"},\"url\":\"https:\/\/mahlers.se\/no\/author\/sten\/\"}]}<\/script>\n<!-- \/ Yoast SEO plugin. -->","yoast_head_json":{"title":"NYHET! M\u00e4hlers app for styresystemet MC3 blir tilgjengelig via Volvo Connect - M\u00e4hlers","robots":{"index":"index","follow":"follow","max-snippet":"max-snippet:-1","max-image-preview":"max-image-preview:large","max-video-preview":"max-video-preview:-1"},"canonical":"https:\/\/mahlers.se\/no\/2025\/06\/03\/nyhet-mahlers-app-for-styresystemet-mc3-blir-tilgjengelig-via-volvo-connect\/","og_locale":"nb_NO","og_type":"article","og_title":"NYHET! M\u00e4hlers app for styresystemet MC3 blir tilgjengelig via Volvo Connect - M\u00e4hlers","og_description":"3 Juni 2025 NYHET! M\u00e4hlers app for styresystemet MC3 blir tilgjengelig via Volvo Connect Enklere fjernsupport og bedre oversikt \u2013 direkte i lastebilens digitale skjerm. N\u00e5 lanseres en etterlengtet funksjon for lastebilsj\u00e5f\u00f8rer som bruker M\u00e4hlers styresystem MC3 i Volvo-lastebiler. M\u00e4hlers MC3-app blir tilgjengelig via Volvo Connect \u2013 Volvo-konsernets digitale plattform for kj\u00f8ret\u00f8y- og fl\u00e5testyring. Det [&hellip;]","og_url":"https:\/\/mahlers.se\/no\/2025\/06\/03\/nyhet-mahlers-app-for-styresystemet-mc3-blir-tilgjengelig-via-volvo-connect\/","og_site_name":"M\u00e4hlers","article_published_time":"2025-06-03T06:46:55+00:00","article_modified_time":"2025-06-03T06:47:17+00:00","og_image":[{"width":2500,"height":1667,"url":"https:\/\/mahlers.se\/wp-content\/uploads\/2025\/06\/mahlers-mc3-volvo-connect-DSC02518_1-web.jpg","type":"image\/jpeg"}],"author":"Sten Str\u00f6mgren","twitter_card":"summary_large_image","twitter_misc":{"Skrevet av":"Sten Str\u00f6mgren","Ansl. lesetid":"3 minutter"},"schema":{"@context":"https:\/\/schema.org","@graph":[{"@type":"Article","@id":"https:\/\/mahlers.se\/no\/2025\/06\/03\/nyhet-mahlers-app-for-styresystemet-mc3-blir-tilgjengelig-via-volvo-connect\/#article","isPartOf":{"@id":"https:\/\/mahlers.se\/no\/2025\/06\/03\/nyhet-mahlers-app-for-styresystemet-mc3-blir-tilgjengelig-via-volvo-connect\/"},"author":{"name":"Sten Str\u00f6mgren","@id":"https:\/\/mahlers.se\/no\/#\/schema\/person\/aec9adeefff3a94aec47db6d12cb56c0"},"headline":"NYHET! M\u00e4hlers app for styresystemet MC3 blir tilgjengelig via Volvo Connect","datePublished":"2025-06-03T06:46:55+00:00","dateModified":"2025-06-03T06:47:17+00:00","mainEntityOfPage":{"@id":"https:\/\/mahlers.se\/no\/2025\/06\/03\/nyhet-mahlers-app-for-styresystemet-mc3-blir-tilgjengelig-via-volvo-connect\/"},"wordCount":433,"publisher":{"@id":"https:\/\/mahlers.se\/no\/#organization"},"image":{"@id":"https:\/\/mahlers.se\/no\/2025\/06\/03\/nyhet-mahlers-app-for-styresystemet-mc3-blir-tilgjengelig-via-volvo-connect\/#primaryimage"},"thumbnailUrl":"https:\/\/mahlers.se\/wp-content\/uploads\/2025\/06\/mahlers-mc3-volvo-connect-DSC02518_1-web.jpg","articleSection":["Uncategorized @no"],"inLanguage":"nb-NO"},{"@type":"WebPage","@id":"https:\/\/mahlers.se\/no\/2025\/06\/03\/nyhet-mahlers-app-for-styresystemet-mc3-blir-tilgjengelig-via-volvo-connect\/","url":"https:\/\/mahlers.se\/no\/2025\/06\/03\/nyhet-mahlers-app-for-styresystemet-mc3-blir-tilgjengelig-via-volvo-connect\/","name":"NYHET! M\u00e4hlers app for styresystemet MC3 blir tilgjengelig via Volvo Connect - M\u00e4hlers","isPartOf":{"@id":"https:\/\/mahlers.se\/no\/#website"},"primaryImageOfPage":{"@id":"https:\/\/mahlers.se\/no\/2025\/06\/03\/nyhet-mahlers-app-for-styresystemet-mc3-blir-tilgjengelig-via-volvo-connect\/#primaryimage"},"image":{"@id":"https:\/\/mahlers.se\/no\/2025\/06\/03\/nyhet-mahlers-app-for-styresystemet-mc3-blir-tilgjengelig-via-volvo-connect\/#primaryimage"},"thumbnailUrl":"https:\/\/mahlers.se\/wp-content\/uploads\/2025\/06\/mahlers-mc3-volvo-connect-DSC02518_1-web.jpg","datePublished":"2025-06-03T06:46:55+00:00","dateModified":"2025-06-03T06:47:17+00:00","breadcrumb":{"@id":"https:\/\/mahlers.se\/no\/2025\/06\/03\/nyhet-mahlers-app-for-styresystemet-mc3-blir-tilgjengelig-via-volvo-connect\/#breadcrumb"},"inLanguage":"nb-NO","potentialAction":[{"@type":"ReadAction","target":["https:\/\/mahlers.se\/no\/2025\/06\/03\/nyhet-mahlers-app-for-styresystemet-mc3-blir-tilgjengelig-via-volvo-connect\/"]}]},{"@type":"ImageObject","inLanguage":"nb-NO","@id":"https:\/\/mahlers.se\/no\/2025\/06\/03\/nyhet-mahlers-app-for-styresystemet-mc3-blir-tilgjengelig-via-volvo-connect\/#primaryimage","url":"https:\/\/mahlers.se\/wp-content\/uploads\/2025\/06\/mahlers-mc3-volvo-connect-DSC02518_1-web.jpg","contentUrl":"https:\/\/mahlers.se\/wp-content\/uploads\/2025\/06\/mahlers-mc3-volvo-connect-DSC02518_1-web.jpg","width":2500,"height":1667},{"@type":"BreadcrumbList","@id":"https:\/\/mahlers.se\/no\/2025\/06\/03\/nyhet-mahlers-app-for-styresystemet-mc3-blir-tilgjengelig-via-volvo-connect\/#breadcrumb","itemListElement":[{"@type":"ListItem","position":1,"name":"Hem","item":"https:\/\/mahlers.se\/no\/"},{"@type":"ListItem","position":2,"name":"NYHET! M\u00e4hlers app for styresystemet MC3 blir tilgjengelig via Volvo Connect"}]},{"@type":"WebSite","@id":"https:\/\/mahlers.se\/no\/#website","url":"https:\/\/mahlers.se\/no\/","name":"M\u00e4hlers","description":"F\u00f6r effektivare sn\u00f6r\u00f6jning och v\u00e4gunderh\u00e5ll","publisher":{"@id":"https:\/\/mahlers.se\/no\/#organization"},"potentialAction":[{"@type":"SearchAction","target":{"@type":"EntryPoint","urlTemplate":"https:\/\/mahlers.se\/no\/?s={search_term_string}"},"query-input":{"@type":"PropertyValueSpecification","valueRequired":true,"valueName":"search_term_string"}}],"inLanguage":"nb-NO"},{"@type":"Organization","@id":"https:\/\/mahlers.se\/no\/#organization","name":"M\u00e4hlers","url":"https:\/\/mahlers.se\/no\/","logo":{"@type":"ImageObject","inLanguage":"nb-NO","@id":"https:\/\/mahlers.se\/no\/#\/schema\/logo\/image\/","url":"https:\/\/mahlers.se\/wp-content\/uploads\/2021\/06\/Mahlers-logo-ned-wordonly.png","contentUrl":"https:\/\/mahlers.se\/wp-content\/uploads\/2021\/06\/Mahlers-logo-ned-wordonly.png","width":1026,"height":186,"caption":"M\u00e4hlers"},"image":{"@id":"https:\/\/mahlers.se\/no\/#\/schema\/logo\/image\/"}},{"@type":"Person","@id":"https:\/\/mahlers.se\/no\/#\/schema\/person\/aec9adeefff3a94aec47db6d12cb56c0","name":"Sten Str\u00f6mgren","image":{"@type":"ImageObject","inLanguage":"nb-NO","@id":"https:\/\/secure.gravatar.com\/avatar\/3e0ee567f00ea671aa6b2195a0744de5005cb564dea599543636be3fee4498a6?s=96&d=mm&r=g","url":"https:\/\/secure.gravatar.com\/avatar\/3e0ee567f00ea671aa6b2195a0744de5005cb564dea599543636be3fee4498a6?s=96&d=mm&r=g","contentUrl":"https:\/\/secure.gravatar.com\/avatar\/3e0ee567f00ea671aa6b2195a0744de5005cb564dea599543636be3fee4498a6?s=96&d=mm&r=g","caption":"Sten Str\u00f6mgren"},"url":"https:\/\/mahlers.se\/no\/author\/sten\/"}]}},"_links":{"self":[{"href":"https:\/\/mahlers.se\/no\/wp-json\/wp\/v2\/posts\/13523","targetHints":{"allow":["GET"]}}],"collection":[{"href":"https:\/\/mahlers.se\/no\/wp-json\/wp\/v2\/posts"}],"about":[{"href":"https:\/\/mahlers.se\/no\/wp-json\/wp\/v2\/types\/post"}],"author":[{"embeddable":true,"href":"https:\/\/mahlers.se\/no\/wp-json\/wp\/v2\/users\/6"}],"replies":[{"embeddable":true,"href":"https:\/\/mahlers.se\/no\/wp-json\/wp\/v2\/comments?post=13523"}],"version-history":[{"count":2,"href":"https:\/\/mahlers.se\/no\/wp-json\/wp\/v2\/posts\/13523\/revisions"}],"predecessor-version":[{"id":13525,"href":"https:\/\/mahlers.se\/no\/wp-json\/wp\/v2\/posts\/13523\/revisions\/13525"}],"wp:featuredmedia":[{"embeddable":true,"href":"https:\/\/mahlers.se\/no\/wp-json\/wp\/v2\/media\/13505"}],"wp:attachment":[{"href":"https:\/\/mahlers.se\/no\/wp-json\/wp\/v2\/media?parent=13523"}],"wp:term":[{"taxonomy":"category","embeddable":true,"href":"https:\/\/mahlers.se\/no\/wp-json\/wp\/v2\/categories?post=13523"},{"taxonomy":"post_tag","embeddable":true,"href":"https:\/\/mahlers.se\/no\/wp-json\/wp\/v2\/tags?post=13523"}],"curies":[{"name":"wp","href":"https:\/\/api.w.org\/{rel}","templated":true}]}}