{"id":11531,"date":"2024-09-10T16:21:38","date_gmt":"2024-09-10T14:21:38","guid":{"rendered":"https:\/\/mahlers.se\/2024\/09\/10\/ny-selger-for-nord-norge\/"},"modified":"2024-09-10T16:42:55","modified_gmt":"2024-09-10T14:42:55","slug":"ny-selger-for-nord-norge","status":"publish","type":"post","link":"https:\/\/mahlers.se\/no\/2024\/09\/10\/ny-selger-for-nord-norge\/","title":{"rendered":"Ny selger for Nord-Norge"},"content":{"rendered":"<p style=\"font-weight: 400; text-align: right;\">2024-08<\/p>\n<div>\n<h2><strong>PRESSEMELDING<\/strong><\/h2>\n<\/div>\n<p><img fetchpriority=\"high\" decoding=\"async\" class=\"alignnone size-medium wp-image-11416\" src=\"https:\/\/mahlers.se\/wp-content\/uploads\/2024\/09\/Aleksander-Manum-mahlers-norge-3-200x300.jpg\" alt=\"\" width=\"200\" height=\"300\" srcset=\"https:\/\/mahlers.se\/wp-content\/uploads\/2024\/09\/Aleksander-Manum-mahlers-norge-3-200x300.jpg 200w, https:\/\/mahlers.se\/wp-content\/uploads\/2024\/09\/Aleksander-Manum-mahlers-norge-3.jpg 666w\" sizes=\"(max-width: 200px) 100vw, 200px\" \/><\/p>\n<div>\n<p><strong>M\u00e4hlers styrker teamet i Norge med ny selger for Nord-Norge<\/strong><\/p>\n<\/div>\n<div>\n<p>M\u00e4hlers, en av de ledende akt\u00f8rene innen produkter for vinter- og veivedlikehold, styrker organisasjonen med en ny salgsansvarlig for Nord-Norge.<\/p>\n<\/div>\n<div>\n<p>Aleksander Manum, eller Aleks som han ofte kalles, har en solid bakgrunn innen salg og service. Han kommer fra Maskinstyring AS, hvor han i fem \u00e5r har jobbet med salg og service av selskapets produkter. F\u00f8r dette jobbet Aleksander i ti \u00e5r hos Leica Geosystems, noe som ytterligere har styrket hans erfaring og kompetanse i bransjen.<\/p>\n<\/div>\n<div>\n<p>\u2013 Aleks omfattende erfaring innen maskinstyringer vil v\u00e6re til stor nytte i hans nye rolle hos M\u00e4hlers, da selskapets produkter holder et h\u00f8yt teknisk niv\u00e5 som gj\u00f8r dem b\u00e5de effektive og l\u00f8nnsomme. Aleksander er godt rustet til \u00e5 gi v\u00e5re kunder den beste servicen og supporten, sier Roar When, markedsansvarlig hos M\u00e4hlers.<\/p>\n<\/div>\n<div>\n<p>I tillegg til sin lange erfaring har Aleksander ogs\u00e5 fagbrev som plate- og sveisearbeider. Han vil hovedsakelig ha ansvaret for M\u00e4hlers kunder i Nord-Norge, men vil selvf\u00f8lgelig ogs\u00e5 bist\u00e5 alle kunder som kontakter ham.<\/p>\n<\/div>\n<div>\n<p>Med Aleksander Manum p\u00e5 laget fortsetter M\u00e4hlers \u00e5 ekspandere og styrke sin tilstedev\u00e6relse i Norge for \u00e5 tilby den beste servicen til sine kunder.<\/p>\n<\/div>\n<div>\n<p>&nbsp;<\/p>\n<\/div>\n<div>\n<p><strong>Kontaktinformasjon:<\/strong><br \/>\nAleksander Manum<br \/>\nSalgsansvarlig, Nord-Norge<br \/>\nE-post:<span class=\"apple-converted-space\">\u00a0<\/span>Aleks.manum@mahlers.no<br \/>\nTelefon: +47 482 52\u00a0075<\/p>\n<\/div>\n","protected":false},"excerpt":{"rendered":"<p>2024-08 PRESSEMELDING M\u00e4hlers styrker teamet i Norge med ny selger for Nord-Norge M\u00e4hlers, en av de ledende akt\u00f8rene innen produkter for vinter- og veivedlikehold, styrker organisasjonen med en ny salgsansvarlig for Nord-Norge. Aleksander Manum, eller Aleks som han ofte kalles, har en solid bakgrunn innen salg og service. Han kommer fra Maskinstyring AS, hvor han [&hellip;]<\/p>\n","protected":false},"author":6,"featured_media":11413,"comment_status":"closed","ping_status":"closed","sticky":false,"template":"","format":"standard","meta":{"_acf_changed":false,"footnotes":""},"categories":[23],"tags":[],"class_list":["post-11531","post","type-post","status-publish","format-standard","has-post-thumbnail","hentry","category-uncategorized-no"],"acf":[],"yoast_head":"<!-- This site is optimized with the Yoast SEO plugin v27.2 - https:\/\/yoast.com\/product\/yoast-seo-wordpress\/ -->\n<title>Ny selger for Nord-Norge - M\u00e4hlers<\/title>\n<meta name=\"robots\" content=\"index, follow, max-snippet:-1, max-image-preview:large, max-video-preview:-1\" \/>\n<link rel=\"canonical\" href=\"https:\/\/mahlers.se\/no\/2024\/09\/10\/ny-selger-for-nord-norge\/\" \/>\n<meta property=\"og:locale\" content=\"nb_NO\" \/>\n<meta property=\"og:type\" content=\"article\" \/>\n<meta property=\"og:title\" content=\"Ny selger for Nord-Norge - M\u00e4hlers\" \/>\n<meta property=\"og:description\" content=\"2024-08 PRESSEMELDING M\u00e4hlers styrker teamet i Norge med ny selger for Nord-Norge M\u00e4hlers, en av de ledende akt\u00f8rene innen produkter for vinter- og veivedlikehold, styrker organisasjonen med en ny salgsansvarlig for Nord-Norge. Aleksander Manum, eller Aleks som han ofte kalles, har en solid bakgrunn innen salg og service. Han kommer fra Maskinstyring AS, hvor han [&hellip;]\" \/>\n<meta property=\"og:url\" content=\"https:\/\/mahlers.se\/no\/2024\/09\/10\/ny-selger-for-nord-norge\/\" \/>\n<meta property=\"og:site_name\" content=\"M\u00e4hlers\" \/>\n<meta property=\"article:published_time\" content=\"2024-09-10T14:21:38+00:00\" \/>\n<meta property=\"article:modified_time\" content=\"2024-09-10T14:42:55+00:00\" \/>\n<meta property=\"og:image\" content=\"https:\/\/mahlers.se\/wp-content\/uploads\/2024\/09\/Aleksander-Manum-mahlers-norge-3.jpg\" \/>\n\t<meta property=\"og:image:width\" content=\"666\" \/>\n\t<meta property=\"og:image:height\" content=\"1000\" \/>\n\t<meta property=\"og:image:type\" content=\"image\/jpeg\" \/>\n<meta name=\"author\" content=\"Sten Str\u00f6mgren\" \/>\n<meta name=\"twitter:card\" content=\"summary_large_image\" \/>\n<meta name=\"twitter:label1\" content=\"Skrevet av\" \/>\n\t<meta name=\"twitter:data1\" content=\"Sten Str\u00f6mgren\" \/>\n\t<meta name=\"twitter:label2\" content=\"Ansl. lesetid\" \/>\n\t<meta name=\"twitter:data2\" content=\"1 minutt\" \/>\n<script type=\"application\/ld+json\" class=\"yoast-schema-graph\">{\"@context\":\"https:\/\/schema.org\",\"@graph\":[{\"@type\":\"Article\",\"@id\":\"https:\/\/mahlers.se\/no\/2024\/09\/10\/ny-selger-for-nord-norge\/#article\",\"isPartOf\":{\"@id\":\"https:\/\/mahlers.se\/no\/2024\/09\/10\/ny-selger-for-nord-norge\/\"},\"author\":{\"name\":\"Sten Str\u00f6mgren\",\"@id\":\"https:\/\/mahlers.se\/no\/#\/schema\/person\/aec9adeefff3a94aec47db6d12cb56c0\"},\"headline\":\"Ny selger for Nord-Norge\",\"datePublished\":\"2024-09-10T14:21:38+00:00\",\"dateModified\":\"2024-09-10T14:42:55+00:00\",\"mainEntityOfPage\":{\"@id\":\"https:\/\/mahlers.se\/no\/2024\/09\/10\/ny-selger-for-nord-norge\/\"},\"wordCount\":226,\"publisher\":{\"@id\":\"https:\/\/mahlers.se\/no\/#organization\"},\"image\":{\"@id\":\"https:\/\/mahlers.se\/no\/2024\/09\/10\/ny-selger-for-nord-norge\/#primaryimage\"},\"thumbnailUrl\":\"https:\/\/mahlers.se\/wp-content\/uploads\/2024\/09\/Aleksander-Manum-mahlers-norge-3.jpg\",\"articleSection\":[\"Uncategorized @no\"],\"inLanguage\":\"nb-NO\"},{\"@type\":\"WebPage\",\"@id\":\"https:\/\/mahlers.se\/no\/2024\/09\/10\/ny-selger-for-nord-norge\/\",\"url\":\"https:\/\/mahlers.se\/no\/2024\/09\/10\/ny-selger-for-nord-norge\/\",\"name\":\"Ny selger for Nord-Norge - M\u00e4hlers\",\"isPartOf\":{\"@id\":\"https:\/\/mahlers.se\/no\/#website\"},\"primaryImageOfPage\":{\"@id\":\"https:\/\/mahlers.se\/no\/2024\/09\/10\/ny-selger-for-nord-norge\/#primaryimage\"},\"image\":{\"@id\":\"https:\/\/mahlers.se\/no\/2024\/09\/10\/ny-selger-for-nord-norge\/#primaryimage\"},\"thumbnailUrl\":\"https:\/\/mahlers.se\/wp-content\/uploads\/2024\/09\/Aleksander-Manum-mahlers-norge-3.jpg\",\"datePublished\":\"2024-09-10T14:21:38+00:00\",\"dateModified\":\"2024-09-10T14:42:55+00:00\",\"breadcrumb\":{\"@id\":\"https:\/\/mahlers.se\/no\/2024\/09\/10\/ny-selger-for-nord-norge\/#breadcrumb\"},\"inLanguage\":\"nb-NO\",\"potentialAction\":[{\"@type\":\"ReadAction\",\"target\":[\"https:\/\/mahlers.se\/no\/2024\/09\/10\/ny-selger-for-nord-norge\/\"]}]},{\"@type\":\"ImageObject\",\"inLanguage\":\"nb-NO\",\"@id\":\"https:\/\/mahlers.se\/no\/2024\/09\/10\/ny-selger-for-nord-norge\/#primaryimage\",\"url\":\"https:\/\/mahlers.se\/wp-content\/uploads\/2024\/09\/Aleksander-Manum-mahlers-norge-3.jpg\",\"contentUrl\":\"https:\/\/mahlers.se\/wp-content\/uploads\/2024\/09\/Aleksander-Manum-mahlers-norge-3.jpg\",\"width\":666,\"height\":1000},{\"@type\":\"BreadcrumbList\",\"@id\":\"https:\/\/mahlers.se\/no\/2024\/09\/10\/ny-selger-for-nord-norge\/#breadcrumb\",\"itemListElement\":[{\"@type\":\"ListItem\",\"position\":1,\"name\":\"Hem\",\"item\":\"https:\/\/mahlers.se\/no\/\"},{\"@type\":\"ListItem\",\"position\":2,\"name\":\"Ny selger for Nord-Norge\"}]},{\"@type\":\"WebSite\",\"@id\":\"https:\/\/mahlers.se\/no\/#website\",\"url\":\"https:\/\/mahlers.se\/no\/\",\"name\":\"M\u00e4hlers\",\"description\":\"F\u00f6r effektivare sn\u00f6r\u00f6jning och v\u00e4gunderh\u00e5ll\",\"publisher\":{\"@id\":\"https:\/\/mahlers.se\/no\/#organization\"},\"potentialAction\":[{\"@type\":\"SearchAction\",\"target\":{\"@type\":\"EntryPoint\",\"urlTemplate\":\"https:\/\/mahlers.se\/no\/?s={search_term_string}\"},\"query-input\":{\"@type\":\"PropertyValueSpecification\",\"valueRequired\":true,\"valueName\":\"search_term_string\"}}],\"inLanguage\":\"nb-NO\"},{\"@type\":\"Organization\",\"@id\":\"https:\/\/mahlers.se\/no\/#organization\",\"name\":\"M\u00e4hlers\",\"url\":\"https:\/\/mahlers.se\/no\/\",\"logo\":{\"@type\":\"ImageObject\",\"inLanguage\":\"nb-NO\",\"@id\":\"https:\/\/mahlers.se\/no\/#\/schema\/logo\/image\/\",\"url\":\"https:\/\/mahlers.se\/wp-content\/uploads\/2021\/06\/Mahlers-logo-ned-wordonly.png\",\"contentUrl\":\"https:\/\/mahlers.se\/wp-content\/uploads\/2021\/06\/Mahlers-logo-ned-wordonly.png\",\"width\":1026,\"height\":186,\"caption\":\"M\u00e4hlers\"},\"image\":{\"@id\":\"https:\/\/mahlers.se\/no\/#\/schema\/logo\/image\/\"}},{\"@type\":\"Person\",\"@id\":\"https:\/\/mahlers.se\/no\/#\/schema\/person\/aec9adeefff3a94aec47db6d12cb56c0\",\"name\":\"Sten Str\u00f6mgren\",\"image\":{\"@type\":\"ImageObject\",\"inLanguage\":\"nb-NO\",\"@id\":\"https:\/\/secure.gravatar.com\/avatar\/3e0ee567f00ea671aa6b2195a0744de5005cb564dea599543636be3fee4498a6?s=96&d=mm&r=g\",\"url\":\"https:\/\/secure.gravatar.com\/avatar\/3e0ee567f00ea671aa6b2195a0744de5005cb564dea599543636be3fee4498a6?s=96&d=mm&r=g\",\"contentUrl\":\"https:\/\/secure.gravatar.com\/avatar\/3e0ee567f00ea671aa6b2195a0744de5005cb564dea599543636be3fee4498a6?s=96&d=mm&r=g\",\"caption\":\"Sten Str\u00f6mgren\"},\"url\":\"https:\/\/mahlers.se\/no\/author\/sten\/\"}]}<\/script>\n<!-- \/ Yoast SEO plugin. -->","yoast_head_json":{"title":"Ny selger for Nord-Norge - M\u00e4hlers","robots":{"index":"index","follow":"follow","max-snippet":"max-snippet:-1","max-image-preview":"max-image-preview:large","max-video-preview":"max-video-preview:-1"},"canonical":"https:\/\/mahlers.se\/no\/2024\/09\/10\/ny-selger-for-nord-norge\/","og_locale":"nb_NO","og_type":"article","og_title":"Ny selger for Nord-Norge - M\u00e4hlers","og_description":"2024-08 PRESSEMELDING M\u00e4hlers styrker teamet i Norge med ny selger for Nord-Norge M\u00e4hlers, en av de ledende akt\u00f8rene innen produkter for vinter- og veivedlikehold, styrker organisasjonen med en ny salgsansvarlig for Nord-Norge. Aleksander Manum, eller Aleks som han ofte kalles, har en solid bakgrunn innen salg og service. Han kommer fra Maskinstyring AS, hvor han [&hellip;]","og_url":"https:\/\/mahlers.se\/no\/2024\/09\/10\/ny-selger-for-nord-norge\/","og_site_name":"M\u00e4hlers","article_published_time":"2024-09-10T14:21:38+00:00","article_modified_time":"2024-09-10T14:42:55+00:00","og_image":[{"width":666,"height":1000,"url":"https:\/\/mahlers.se\/wp-content\/uploads\/2024\/09\/Aleksander-Manum-mahlers-norge-3.jpg","type":"image\/jpeg"}],"author":"Sten Str\u00f6mgren","twitter_card":"summary_large_image","twitter_misc":{"Skrevet av":"Sten Str\u00f6mgren","Ansl. lesetid":"1 minutt"},"schema":{"@context":"https:\/\/schema.org","@graph":[{"@type":"Article","@id":"https:\/\/mahlers.se\/no\/2024\/09\/10\/ny-selger-for-nord-norge\/#article","isPartOf":{"@id":"https:\/\/mahlers.se\/no\/2024\/09\/10\/ny-selger-for-nord-norge\/"},"author":{"name":"Sten Str\u00f6mgren","@id":"https:\/\/mahlers.se\/no\/#\/schema\/person\/aec9adeefff3a94aec47db6d12cb56c0"},"headline":"Ny selger for Nord-Norge","datePublished":"2024-09-10T14:21:38+00:00","dateModified":"2024-09-10T14:42:55+00:00","mainEntityOfPage":{"@id":"https:\/\/mahlers.se\/no\/2024\/09\/10\/ny-selger-for-nord-norge\/"},"wordCount":226,"publisher":{"@id":"https:\/\/mahlers.se\/no\/#organization"},"image":{"@id":"https:\/\/mahlers.se\/no\/2024\/09\/10\/ny-selger-for-nord-norge\/#primaryimage"},"thumbnailUrl":"https:\/\/mahlers.se\/wp-content\/uploads\/2024\/09\/Aleksander-Manum-mahlers-norge-3.jpg","articleSection":["Uncategorized @no"],"inLanguage":"nb-NO"},{"@type":"WebPage","@id":"https:\/\/mahlers.se\/no\/2024\/09\/10\/ny-selger-for-nord-norge\/","url":"https:\/\/mahlers.se\/no\/2024\/09\/10\/ny-selger-for-nord-norge\/","name":"Ny selger for Nord-Norge - M\u00e4hlers","isPartOf":{"@id":"https:\/\/mahlers.se\/no\/#website"},"primaryImageOfPage":{"@id":"https:\/\/mahlers.se\/no\/2024\/09\/10\/ny-selger-for-nord-norge\/#primaryimage"},"image":{"@id":"https:\/\/mahlers.se\/no\/2024\/09\/10\/ny-selger-for-nord-norge\/#primaryimage"},"thumbnailUrl":"https:\/\/mahlers.se\/wp-content\/uploads\/2024\/09\/Aleksander-Manum-mahlers-norge-3.jpg","datePublished":"2024-09-10T14:21:38+00:00","dateModified":"2024-09-10T14:42:55+00:00","breadcrumb":{"@id":"https:\/\/mahlers.se\/no\/2024\/09\/10\/ny-selger-for-nord-norge\/#breadcrumb"},"inLanguage":"nb-NO","potentialAction":[{"@type":"ReadAction","target":["https:\/\/mahlers.se\/no\/2024\/09\/10\/ny-selger-for-nord-norge\/"]}]},{"@type":"ImageObject","inLanguage":"nb-NO","@id":"https:\/\/mahlers.se\/no\/2024\/09\/10\/ny-selger-for-nord-norge\/#primaryimage","url":"https:\/\/mahlers.se\/wp-content\/uploads\/2024\/09\/Aleksander-Manum-mahlers-norge-3.jpg","contentUrl":"https:\/\/mahlers.se\/wp-content\/uploads\/2024\/09\/Aleksander-Manum-mahlers-norge-3.jpg","width":666,"height":1000},{"@type":"BreadcrumbList","@id":"https:\/\/mahlers.se\/no\/2024\/09\/10\/ny-selger-for-nord-norge\/#breadcrumb","itemListElement":[{"@type":"ListItem","position":1,"name":"Hem","item":"https:\/\/mahlers.se\/no\/"},{"@type":"ListItem","position":2,"name":"Ny selger for Nord-Norge"}]},{"@type":"WebSite","@id":"https:\/\/mahlers.se\/no\/#website","url":"https:\/\/mahlers.se\/no\/","name":"M\u00e4hlers","description":"F\u00f6r effektivare sn\u00f6r\u00f6jning och v\u00e4gunderh\u00e5ll","publisher":{"@id":"https:\/\/mahlers.se\/no\/#organization"},"potentialAction":[{"@type":"SearchAction","target":{"@type":"EntryPoint","urlTemplate":"https:\/\/mahlers.se\/no\/?s={search_term_string}"},"query-input":{"@type":"PropertyValueSpecification","valueRequired":true,"valueName":"search_term_string"}}],"inLanguage":"nb-NO"},{"@type":"Organization","@id":"https:\/\/mahlers.se\/no\/#organization","name":"M\u00e4hlers","url":"https:\/\/mahlers.se\/no\/","logo":{"@type":"ImageObject","inLanguage":"nb-NO","@id":"https:\/\/mahlers.se\/no\/#\/schema\/logo\/image\/","url":"https:\/\/mahlers.se\/wp-content\/uploads\/2021\/06\/Mahlers-logo-ned-wordonly.png","contentUrl":"https:\/\/mahlers.se\/wp-content\/uploads\/2021\/06\/Mahlers-logo-ned-wordonly.png","width":1026,"height":186,"caption":"M\u00e4hlers"},"image":{"@id":"https:\/\/mahlers.se\/no\/#\/schema\/logo\/image\/"}},{"@type":"Person","@id":"https:\/\/mahlers.se\/no\/#\/schema\/person\/aec9adeefff3a94aec47db6d12cb56c0","name":"Sten Str\u00f6mgren","image":{"@type":"ImageObject","inLanguage":"nb-NO","@id":"https:\/\/secure.gravatar.com\/avatar\/3e0ee567f00ea671aa6b2195a0744de5005cb564dea599543636be3fee4498a6?s=96&d=mm&r=g","url":"https:\/\/secure.gravatar.com\/avatar\/3e0ee567f00ea671aa6b2195a0744de5005cb564dea599543636be3fee4498a6?s=96&d=mm&r=g","contentUrl":"https:\/\/secure.gravatar.com\/avatar\/3e0ee567f00ea671aa6b2195a0744de5005cb564dea599543636be3fee4498a6?s=96&d=mm&r=g","caption":"Sten Str\u00f6mgren"},"url":"https:\/\/mahlers.se\/no\/author\/sten\/"}]}},"_links":{"self":[{"href":"https:\/\/mahlers.se\/no\/wp-json\/wp\/v2\/posts\/11531","targetHints":{"allow":["GET"]}}],"collection":[{"href":"https:\/\/mahlers.se\/no\/wp-json\/wp\/v2\/posts"}],"about":[{"href":"https:\/\/mahlers.se\/no\/wp-json\/wp\/v2\/types\/post"}],"author":[{"embeddable":true,"href":"https:\/\/mahlers.se\/no\/wp-json\/wp\/v2\/users\/6"}],"replies":[{"embeddable":true,"href":"https:\/\/mahlers.se\/no\/wp-json\/wp\/v2\/comments?post=11531"}],"version-history":[{"count":1,"href":"https:\/\/mahlers.se\/no\/wp-json\/wp\/v2\/posts\/11531\/revisions"}],"predecessor-version":[{"id":11533,"href":"https:\/\/mahlers.se\/no\/wp-json\/wp\/v2\/posts\/11531\/revisions\/11533"}],"wp:featuredmedia":[{"embeddable":true,"href":"https:\/\/mahlers.se\/no\/wp-json\/wp\/v2\/media\/11413"}],"wp:attachment":[{"href":"https:\/\/mahlers.se\/no\/wp-json\/wp\/v2\/media?parent=11531"}],"wp:term":[{"taxonomy":"category","embeddable":true,"href":"https:\/\/mahlers.se\/no\/wp-json\/wp\/v2\/categories?post=11531"},{"taxonomy":"post_tag","embeddable":true,"href":"https:\/\/mahlers.se\/no\/wp-json\/wp\/v2\/tags?post=11531"}],"curies":[{"name":"wp","href":"https:\/\/api.w.org\/{rel}","templated":true}]}}