{"id":13744,"date":"2025-08-20T16:32:24","date_gmt":"2025-08-20T14:32:24","guid":{"rendered":"https:\/\/mahlers.se\/2025\/08\/20\/uutuus-high-vis-sivuaurat-ensiesittelyssa-maxpo-messuilla\/"},"modified":"2025-08-20T16:58:56","modified_gmt":"2025-08-20T14:58:56","slug":"uutuus-high-vis-sivuaurat-ensiesittelyssa-maxpo-messuilla","status":"publish","type":"post","link":"https:\/\/mahlers.se\/fi\/2025\/08\/20\/uutuus-high-vis-sivuaurat-ensiesittelyssa-maxpo-messuilla\/","title":{"rendered":"Uutuus: High-Vis-sivuaurat ensiesittelyss\u00e4 Maxpo-messuilla"},"content":{"rendered":"<p data-start=\"201\" data-end=\"589\"><img fetchpriority=\"high\" decoding=\"async\" class=\"alignnone size-medium wp-image-13450\" src=\"https:\/\/mahlers.se\/wp-content\/uploads\/2023\/08\/mahlers-sidoplog-sivuaurat-45c-fi-DSC09721_1-300x200.jpg\" alt=\"\" width=\"300\" height=\"200\" srcset=\"https:\/\/mahlers.se\/wp-content\/uploads\/2023\/08\/mahlers-sidoplog-sivuaurat-45c-fi-DSC09721_1-300x200.jpg 300w, https:\/\/mahlers.se\/wp-content\/uploads\/2023\/08\/mahlers-sidoplog-sivuaurat-45c-fi-DSC09721_1-1024x683.jpg 1024w, https:\/\/mahlers.se\/wp-content\/uploads\/2023\/08\/mahlers-sidoplog-sivuaurat-45c-fi-DSC09721_1-768x512.jpg 768w, https:\/\/mahlers.se\/wp-content\/uploads\/2023\/08\/mahlers-sidoplog-sivuaurat-45c-fi-DSC09721_1-1536x1024.jpg 1536w, https:\/\/mahlers.se\/wp-content\/uploads\/2023\/08\/mahlers-sidoplog-sivuaurat-45c-fi-DSC09721_1-2048x1366.jpg 2048w\" sizes=\"(max-width: 300px) 100vw, 300px\" \/><\/p>\n<p data-start=\"201\" data-end=\"589\">M\u00e4hlers esittelee Maxpo-messuilla uuden High-Vis-sivuaurasarjan, joka vie n\u00e4kyvyyden ja turvallisuuden uudelle tasolle. Uuden konseptin my\u00f6t\u00e4 kaikki M\u00e4hlersin sivuaurat voidaan varustaa liikkuvilla vilkkuvaloilla eri v\u00e4reiss\u00e4, lis\u00e4valaistuksella sek\u00e4 tehokkailla heijastimilla \u2013 yhdistelm\u00e4, joka parantaa tienpit\u00e4j\u00e4n n\u00e4kyvyytt\u00e4 merkitt\u00e4v\u00e4sti erityisesti vilkkaasti liikenn\u00f6idyill\u00e4 teill\u00e4.<\/p>\n<p data-start=\"591\" data-end=\"848\">\u2013 Kehitimme High-Visin erityisesti tilanteisiin, joissa liikenteen m\u00e4\u00e4r\u00e4 on suuri ja ohitustilanteet voivat olla vaarallisia. Tavoitteena on lis\u00e4t\u00e4 turvallisuutta kaikille tienk\u00e4ytt\u00e4jille, kertoo konseptin kehitt\u00e4nyt M\u00e4hlersin suunnittelija Sirivit Somchit.<\/p>\n<p data-start=\"850\" data-end=\"1094\">Kaikki M\u00e4hlersin sivuauramallit ovat saatavilla High-Vis-versiona. Sirivit arvioi kuitenkin, ett\u00e4 erityisesti sekvenssiohjattu 45-sivuaura tulee olemaan suosituin valinta, sill\u00e4 se on optimoitu k\u00e4ytett\u00e4v\u00e4ksi suurilla teill\u00e4 ja moottoriv\u00e4ylill\u00e4.<\/p>\n<p data-start=\"1096\" data-end=\"1132\"><strong data-start=\"1096\" data-end=\"1132\">K\u00e4yt\u00e4nn\u00f6llisyytt\u00e4 ja tehokkuutta<\/strong><\/p>\n<p data-start=\"1134\" data-end=\"1325\">Vilkkuvalot on rakennettu korkealaatuisilla LED-komponenteilla ja liitetty standardin mukaisilla Dutch-liittimill\u00e4, mik\u00e4 mahdollistaa nopean ja helpon vaihdon mahdollisissa vauriotilanteissa.<\/p>\n<p data-start=\"1327\" data-end=\"1359\"><strong data-start=\"1327\" data-end=\"1359\">High-Vis-varustelu sis\u00e4lt\u00e4\u00e4:<\/strong><\/p>\n<p>-Jatkuvasti palava punainen valo, sijoitettu alas oikealle sivuaurassa<br \/>\n-Kaksi keltaista valoa varsiin asennettuina sivuauran yl\u00e4puolelle<br \/>\n-Keltaiset vilkut, jotka vilkkuvat j\u00e4rjestyksess\u00e4 vasemmalta oikealle<br \/>\n-Vilkkuvat varoitusvalot oikeassa reunassa, jotka ilmaisevat sivuauran suurimman ulottuvuuden<\/p>\n<p data-start=\"1676\" data-end=\"1713\">Punainen \u00e4\u00e4rivalo oikeassa reunassa. Puna-keltainen fluoresoiva heijastuskalvo koko yl\u00e4reunassa<\/p>\n<p data-start=\"1776\" data-end=\"1905\">Lue lis\u00e4\u00e4 ja katso video: https:\/\/mahlers.se\/fi\/product\/high-vis\/<\/p>\n<hr data-start=\"1907\" data-end=\"1910\" \/>\n<p data-start=\"1912\" data-end=\"2059\"><strong data-start=\"1912\" data-end=\"1928\">Lis\u00e4tietoja:<\/strong><br data-start=\"1928\" data-end=\"1931\" \/>Jani Timoniemi<br data-start=\"1945\" data-end=\"1948\" \/>Myyj\u00e4, Suomi<br data-start=\"1960\" data-end=\"1963\" \/>\ud83d\udcde +358 40 683 90 69<br data-start=\"1983\" data-end=\"1986\" \/>\ud83d\udce7 <a class=\"decorated-link cursor-pointer\" rel=\"noopener\" data-start=\"1989\" data-end=\"2014\">jani.timoniemi@mahlers.fi<\/a><br data-start=\"2014\" data-end=\"2017\" \/>\ud83c\udf10 <a class=\"decorated-link\" href=\"http:\/\/www.mahlers.fi\/\" target=\"_new\" rel=\"noopener\" data-start=\"2020\" data-end=\"2059\">www.mahlers.fi<\/a><\/p>\n","protected":false},"excerpt":{"rendered":"<p>M\u00e4hlers esittelee Maxpo-messuilla uuden High-Vis-sivuaurasarjan, joka vie n\u00e4kyvyyden ja turvallisuuden uudelle tasolle. Uuden konseptin my\u00f6t\u00e4 kaikki M\u00e4hlersin sivuaurat voidaan varustaa liikkuvilla vilkkuvaloilla eri v\u00e4reiss\u00e4, lis\u00e4valaistuksella sek\u00e4 tehokkailla heijastimilla \u2013 yhdistelm\u00e4, joka parantaa tienpit\u00e4j\u00e4n n\u00e4kyvyytt\u00e4 merkitt\u00e4v\u00e4sti erityisesti vilkkaasti liikenn\u00f6idyill\u00e4 teill\u00e4. \u2013 Kehitimme High-Visin erityisesti tilanteisiin, joissa liikenteen m\u00e4\u00e4r\u00e4 on suuri ja ohitustilanteet voivat olla vaarallisia. Tavoitteena [&hellip;]<\/p>\n","protected":false},"author":6,"featured_media":13446,"comment_status":"closed","ping_status":"closed","sticky":false,"template":"","format":"standard","meta":{"_acf_changed":false,"footnotes":""},"categories":[1],"tags":[],"class_list":["post-13744","post","type-post","status-publish","format-standard","has-post-thumbnail","hentry","category-okategoriserad"],"acf":[],"yoast_head":"<!-- This site is optimized with the Yoast SEO plugin v27.2 - https:\/\/yoast.com\/product\/yoast-seo-wordpress\/ -->\n<title>Uutuus: High-Vis-sivuaurat ensiesittelyss\u00e4 Maxpo-messuilla - M\u00e4hlers<\/title>\n<meta name=\"robots\" content=\"index, follow, max-snippet:-1, max-image-preview:large, max-video-preview:-1\" \/>\n<link rel=\"canonical\" href=\"https:\/\/mahlers.se\/fi\/2025\/08\/20\/uutuus-high-vis-sivuaurat-ensiesittelyssa-maxpo-messuilla\/\" \/>\n<meta property=\"og:locale\" content=\"fi_FI\" \/>\n<meta property=\"og:type\" content=\"article\" \/>\n<meta property=\"og:title\" content=\"Uutuus: High-Vis-sivuaurat ensiesittelyss\u00e4 Maxpo-messuilla - M\u00e4hlers\" \/>\n<meta property=\"og:description\" content=\"M\u00e4hlers esittelee Maxpo-messuilla uuden High-Vis-sivuaurasarjan, joka vie n\u00e4kyvyyden ja turvallisuuden uudelle tasolle. Uuden konseptin my\u00f6t\u00e4 kaikki M\u00e4hlersin sivuaurat voidaan varustaa liikkuvilla vilkkuvaloilla eri v\u00e4reiss\u00e4, lis\u00e4valaistuksella sek\u00e4 tehokkailla heijastimilla \u2013 yhdistelm\u00e4, joka parantaa tienpit\u00e4j\u00e4n n\u00e4kyvyytt\u00e4 merkitt\u00e4v\u00e4sti erityisesti vilkkaasti liikenn\u00f6idyill\u00e4 teill\u00e4. \u2013 Kehitimme High-Visin erityisesti tilanteisiin, joissa liikenteen m\u00e4\u00e4r\u00e4 on suuri ja ohitustilanteet voivat olla vaarallisia. Tavoitteena [&hellip;]\" \/>\n<meta property=\"og:url\" content=\"https:\/\/mahlers.se\/fi\/2025\/08\/20\/uutuus-high-vis-sivuaurat-ensiesittelyssa-maxpo-messuilla\/\" \/>\n<meta property=\"og:site_name\" content=\"M\u00e4hlers\" \/>\n<meta property=\"article:published_time\" content=\"2025-08-20T14:32:24+00:00\" \/>\n<meta property=\"article:modified_time\" content=\"2025-08-20T14:58:56+00:00\" \/>\n<meta property=\"og:image\" content=\"https:\/\/mahlers.se\/wp-content\/uploads\/2023\/08\/mahlers-sidoplog-sivuaurat-45c-fi-DSC09661_1.jpg\" \/>\n\t<meta property=\"og:image:width\" content=\"2500\" \/>\n\t<meta property=\"og:image:height\" content=\"1667\" \/>\n\t<meta property=\"og:image:type\" content=\"image\/jpeg\" \/>\n<meta name=\"author\" content=\"Sten Str\u00f6mgren\" \/>\n<meta name=\"twitter:card\" content=\"summary_large_image\" \/>\n<meta name=\"twitter:label1\" content=\"Kirjoittanut\" \/>\n\t<meta name=\"twitter:data1\" content=\"Sten Str\u00f6mgren\" \/>\n\t<meta name=\"twitter:label2\" content=\"Arvioitu lukuaika\" \/>\n\t<meta name=\"twitter:data2\" content=\"2 minuuttia\" \/>\n<script type=\"application\/ld+json\" class=\"yoast-schema-graph\">{\"@context\":\"https:\/\/schema.org\",\"@graph\":[{\"@type\":\"Article\",\"@id\":\"https:\/\/mahlers.se\/fi\/2025\/08\/20\/uutuus-high-vis-sivuaurat-ensiesittelyssa-maxpo-messuilla\/#article\",\"isPartOf\":{\"@id\":\"https:\/\/mahlers.se\/fi\/2025\/08\/20\/uutuus-high-vis-sivuaurat-ensiesittelyssa-maxpo-messuilla\/\"},\"author\":{\"name\":\"Sten Str\u00f6mgren\",\"@id\":\"https:\/\/mahlers.se\/fi\/#\/schema\/person\/aec9adeefff3a94aec47db6d12cb56c0\"},\"headline\":\"Uutuus: High-Vis-sivuaurat ensiesittelyss\u00e4 Maxpo-messuilla\",\"datePublished\":\"2025-08-20T14:32:24+00:00\",\"dateModified\":\"2025-08-20T14:58:56+00:00\",\"mainEntityOfPage\":{\"@id\":\"https:\/\/mahlers.se\/fi\/2025\/08\/20\/uutuus-high-vis-sivuaurat-ensiesittelyssa-maxpo-messuilla\/\"},\"wordCount\":211,\"publisher\":{\"@id\":\"https:\/\/mahlers.se\/fi\/#organization\"},\"image\":{\"@id\":\"https:\/\/mahlers.se\/fi\/2025\/08\/20\/uutuus-high-vis-sivuaurat-ensiesittelyssa-maxpo-messuilla\/#primaryimage\"},\"thumbnailUrl\":\"https:\/\/mahlers.se\/wp-content\/uploads\/2023\/08\/mahlers-sidoplog-sivuaurat-45c-fi-DSC09661_1.jpg\",\"articleSection\":[\"Okategoriserad\"],\"inLanguage\":\"fi\"},{\"@type\":\"WebPage\",\"@id\":\"https:\/\/mahlers.se\/fi\/2025\/08\/20\/uutuus-high-vis-sivuaurat-ensiesittelyssa-maxpo-messuilla\/\",\"url\":\"https:\/\/mahlers.se\/fi\/2025\/08\/20\/uutuus-high-vis-sivuaurat-ensiesittelyssa-maxpo-messuilla\/\",\"name\":\"Uutuus: High-Vis-sivuaurat ensiesittelyss\u00e4 Maxpo-messuilla - M\u00e4hlers\",\"isPartOf\":{\"@id\":\"https:\/\/mahlers.se\/fi\/#website\"},\"primaryImageOfPage\":{\"@id\":\"https:\/\/mahlers.se\/fi\/2025\/08\/20\/uutuus-high-vis-sivuaurat-ensiesittelyssa-maxpo-messuilla\/#primaryimage\"},\"image\":{\"@id\":\"https:\/\/mahlers.se\/fi\/2025\/08\/20\/uutuus-high-vis-sivuaurat-ensiesittelyssa-maxpo-messuilla\/#primaryimage\"},\"thumbnailUrl\":\"https:\/\/mahlers.se\/wp-content\/uploads\/2023\/08\/mahlers-sidoplog-sivuaurat-45c-fi-DSC09661_1.jpg\",\"datePublished\":\"2025-08-20T14:32:24+00:00\",\"dateModified\":\"2025-08-20T14:58:56+00:00\",\"breadcrumb\":{\"@id\":\"https:\/\/mahlers.se\/fi\/2025\/08\/20\/uutuus-high-vis-sivuaurat-ensiesittelyssa-maxpo-messuilla\/#breadcrumb\"},\"inLanguage\":\"fi\",\"potentialAction\":[{\"@type\":\"ReadAction\",\"target\":[\"https:\/\/mahlers.se\/fi\/2025\/08\/20\/uutuus-high-vis-sivuaurat-ensiesittelyssa-maxpo-messuilla\/\"]}]},{\"@type\":\"ImageObject\",\"inLanguage\":\"fi\",\"@id\":\"https:\/\/mahlers.se\/fi\/2025\/08\/20\/uutuus-high-vis-sivuaurat-ensiesittelyssa-maxpo-messuilla\/#primaryimage\",\"url\":\"https:\/\/mahlers.se\/wp-content\/uploads\/2023\/08\/mahlers-sidoplog-sivuaurat-45c-fi-DSC09661_1.jpg\",\"contentUrl\":\"https:\/\/mahlers.se\/wp-content\/uploads\/2023\/08\/mahlers-sidoplog-sivuaurat-45c-fi-DSC09661_1.jpg\",\"width\":2500,\"height\":1667},{\"@type\":\"BreadcrumbList\",\"@id\":\"https:\/\/mahlers.se\/fi\/2025\/08\/20\/uutuus-high-vis-sivuaurat-ensiesittelyssa-maxpo-messuilla\/#breadcrumb\",\"itemListElement\":[{\"@type\":\"ListItem\",\"position\":1,\"name\":\"Hem\",\"item\":\"https:\/\/mahlers.se\/fi\/\"},{\"@type\":\"ListItem\",\"position\":2,\"name\":\"Uutuus: High-Vis-sivuaurat ensiesittelyss\u00e4 Maxpo-messuilla\"}]},{\"@type\":\"WebSite\",\"@id\":\"https:\/\/mahlers.se\/fi\/#website\",\"url\":\"https:\/\/mahlers.se\/fi\/\",\"name\":\"M\u00e4hlers\",\"description\":\"F\u00f6r effektivare sn\u00f6r\u00f6jning och v\u00e4gunderh\u00e5ll\",\"publisher\":{\"@id\":\"https:\/\/mahlers.se\/fi\/#organization\"},\"potentialAction\":[{\"@type\":\"SearchAction\",\"target\":{\"@type\":\"EntryPoint\",\"urlTemplate\":\"https:\/\/mahlers.se\/fi\/?s={search_term_string}\"},\"query-input\":{\"@type\":\"PropertyValueSpecification\",\"valueRequired\":true,\"valueName\":\"search_term_string\"}}],\"inLanguage\":\"fi\"},{\"@type\":\"Organization\",\"@id\":\"https:\/\/mahlers.se\/fi\/#organization\",\"name\":\"M\u00e4hlers\",\"url\":\"https:\/\/mahlers.se\/fi\/\",\"logo\":{\"@type\":\"ImageObject\",\"inLanguage\":\"fi\",\"@id\":\"https:\/\/mahlers.se\/fi\/#\/schema\/logo\/image\/\",\"url\":\"https:\/\/mahlers.se\/wp-content\/uploads\/2021\/06\/Mahlers-logo-ned-wordonly.png\",\"contentUrl\":\"https:\/\/mahlers.se\/wp-content\/uploads\/2021\/06\/Mahlers-logo-ned-wordonly.png\",\"width\":1026,\"height\":186,\"caption\":\"M\u00e4hlers\"},\"image\":{\"@id\":\"https:\/\/mahlers.se\/fi\/#\/schema\/logo\/image\/\"}},{\"@type\":\"Person\",\"@id\":\"https:\/\/mahlers.se\/fi\/#\/schema\/person\/aec9adeefff3a94aec47db6d12cb56c0\",\"name\":\"Sten Str\u00f6mgren\",\"image\":{\"@type\":\"ImageObject\",\"inLanguage\":\"fi\",\"@id\":\"https:\/\/secure.gravatar.com\/avatar\/3e0ee567f00ea671aa6b2195a0744de5005cb564dea599543636be3fee4498a6?s=96&d=mm&r=g\",\"url\":\"https:\/\/secure.gravatar.com\/avatar\/3e0ee567f00ea671aa6b2195a0744de5005cb564dea599543636be3fee4498a6?s=96&d=mm&r=g\",\"contentUrl\":\"https:\/\/secure.gravatar.com\/avatar\/3e0ee567f00ea671aa6b2195a0744de5005cb564dea599543636be3fee4498a6?s=96&d=mm&r=g\",\"caption\":\"Sten Str\u00f6mgren\"},\"url\":\"https:\/\/mahlers.se\/fi\/author\/sten\/\"}]}<\/script>\n<!-- \/ Yoast SEO plugin. -->","yoast_head_json":{"title":"Uutuus: High-Vis-sivuaurat ensiesittelyss\u00e4 Maxpo-messuilla - M\u00e4hlers","robots":{"index":"index","follow":"follow","max-snippet":"max-snippet:-1","max-image-preview":"max-image-preview:large","max-video-preview":"max-video-preview:-1"},"canonical":"https:\/\/mahlers.se\/fi\/2025\/08\/20\/uutuus-high-vis-sivuaurat-ensiesittelyssa-maxpo-messuilla\/","og_locale":"fi_FI","og_type":"article","og_title":"Uutuus: High-Vis-sivuaurat ensiesittelyss\u00e4 Maxpo-messuilla - M\u00e4hlers","og_description":"M\u00e4hlers esittelee Maxpo-messuilla uuden High-Vis-sivuaurasarjan, joka vie n\u00e4kyvyyden ja turvallisuuden uudelle tasolle. Uuden konseptin my\u00f6t\u00e4 kaikki M\u00e4hlersin sivuaurat voidaan varustaa liikkuvilla vilkkuvaloilla eri v\u00e4reiss\u00e4, lis\u00e4valaistuksella sek\u00e4 tehokkailla heijastimilla \u2013 yhdistelm\u00e4, joka parantaa tienpit\u00e4j\u00e4n n\u00e4kyvyytt\u00e4 merkitt\u00e4v\u00e4sti erityisesti vilkkaasti liikenn\u00f6idyill\u00e4 teill\u00e4. \u2013 Kehitimme High-Visin erityisesti tilanteisiin, joissa liikenteen m\u00e4\u00e4r\u00e4 on suuri ja ohitustilanteet voivat olla vaarallisia. Tavoitteena [&hellip;]","og_url":"https:\/\/mahlers.se\/fi\/2025\/08\/20\/uutuus-high-vis-sivuaurat-ensiesittelyssa-maxpo-messuilla\/","og_site_name":"M\u00e4hlers","article_published_time":"2025-08-20T14:32:24+00:00","article_modified_time":"2025-08-20T14:58:56+00:00","og_image":[{"width":2500,"height":1667,"url":"https:\/\/mahlers.se\/wp-content\/uploads\/2023\/08\/mahlers-sidoplog-sivuaurat-45c-fi-DSC09661_1.jpg","type":"image\/jpeg"}],"author":"Sten Str\u00f6mgren","twitter_card":"summary_large_image","twitter_misc":{"Kirjoittanut":"Sten Str\u00f6mgren","Arvioitu lukuaika":"2 minuuttia"},"schema":{"@context":"https:\/\/schema.org","@graph":[{"@type":"Article","@id":"https:\/\/mahlers.se\/fi\/2025\/08\/20\/uutuus-high-vis-sivuaurat-ensiesittelyssa-maxpo-messuilla\/#article","isPartOf":{"@id":"https:\/\/mahlers.se\/fi\/2025\/08\/20\/uutuus-high-vis-sivuaurat-ensiesittelyssa-maxpo-messuilla\/"},"author":{"name":"Sten Str\u00f6mgren","@id":"https:\/\/mahlers.se\/fi\/#\/schema\/person\/aec9adeefff3a94aec47db6d12cb56c0"},"headline":"Uutuus: High-Vis-sivuaurat ensiesittelyss\u00e4 Maxpo-messuilla","datePublished":"2025-08-20T14:32:24+00:00","dateModified":"2025-08-20T14:58:56+00:00","mainEntityOfPage":{"@id":"https:\/\/mahlers.se\/fi\/2025\/08\/20\/uutuus-high-vis-sivuaurat-ensiesittelyssa-maxpo-messuilla\/"},"wordCount":211,"publisher":{"@id":"https:\/\/mahlers.se\/fi\/#organization"},"image":{"@id":"https:\/\/mahlers.se\/fi\/2025\/08\/20\/uutuus-high-vis-sivuaurat-ensiesittelyssa-maxpo-messuilla\/#primaryimage"},"thumbnailUrl":"https:\/\/mahlers.se\/wp-content\/uploads\/2023\/08\/mahlers-sidoplog-sivuaurat-45c-fi-DSC09661_1.jpg","articleSection":["Okategoriserad"],"inLanguage":"fi"},{"@type":"WebPage","@id":"https:\/\/mahlers.se\/fi\/2025\/08\/20\/uutuus-high-vis-sivuaurat-ensiesittelyssa-maxpo-messuilla\/","url":"https:\/\/mahlers.se\/fi\/2025\/08\/20\/uutuus-high-vis-sivuaurat-ensiesittelyssa-maxpo-messuilla\/","name":"Uutuus: High-Vis-sivuaurat ensiesittelyss\u00e4 Maxpo-messuilla - M\u00e4hlers","isPartOf":{"@id":"https:\/\/mahlers.se\/fi\/#website"},"primaryImageOfPage":{"@id":"https:\/\/mahlers.se\/fi\/2025\/08\/20\/uutuus-high-vis-sivuaurat-ensiesittelyssa-maxpo-messuilla\/#primaryimage"},"image":{"@id":"https:\/\/mahlers.se\/fi\/2025\/08\/20\/uutuus-high-vis-sivuaurat-ensiesittelyssa-maxpo-messuilla\/#primaryimage"},"thumbnailUrl":"https:\/\/mahlers.se\/wp-content\/uploads\/2023\/08\/mahlers-sidoplog-sivuaurat-45c-fi-DSC09661_1.jpg","datePublished":"2025-08-20T14:32:24+00:00","dateModified":"2025-08-20T14:58:56+00:00","breadcrumb":{"@id":"https:\/\/mahlers.se\/fi\/2025\/08\/20\/uutuus-high-vis-sivuaurat-ensiesittelyssa-maxpo-messuilla\/#breadcrumb"},"inLanguage":"fi","potentialAction":[{"@type":"ReadAction","target":["https:\/\/mahlers.se\/fi\/2025\/08\/20\/uutuus-high-vis-sivuaurat-ensiesittelyssa-maxpo-messuilla\/"]}]},{"@type":"ImageObject","inLanguage":"fi","@id":"https:\/\/mahlers.se\/fi\/2025\/08\/20\/uutuus-high-vis-sivuaurat-ensiesittelyssa-maxpo-messuilla\/#primaryimage","url":"https:\/\/mahlers.se\/wp-content\/uploads\/2023\/08\/mahlers-sidoplog-sivuaurat-45c-fi-DSC09661_1.jpg","contentUrl":"https:\/\/mahlers.se\/wp-content\/uploads\/2023\/08\/mahlers-sidoplog-sivuaurat-45c-fi-DSC09661_1.jpg","width":2500,"height":1667},{"@type":"BreadcrumbList","@id":"https:\/\/mahlers.se\/fi\/2025\/08\/20\/uutuus-high-vis-sivuaurat-ensiesittelyssa-maxpo-messuilla\/#breadcrumb","itemListElement":[{"@type":"ListItem","position":1,"name":"Hem","item":"https:\/\/mahlers.se\/fi\/"},{"@type":"ListItem","position":2,"name":"Uutuus: High-Vis-sivuaurat ensiesittelyss\u00e4 Maxpo-messuilla"}]},{"@type":"WebSite","@id":"https:\/\/mahlers.se\/fi\/#website","url":"https:\/\/mahlers.se\/fi\/","name":"M\u00e4hlers","description":"F\u00f6r effektivare sn\u00f6r\u00f6jning och v\u00e4gunderh\u00e5ll","publisher":{"@id":"https:\/\/mahlers.se\/fi\/#organization"},"potentialAction":[{"@type":"SearchAction","target":{"@type":"EntryPoint","urlTemplate":"https:\/\/mahlers.se\/fi\/?s={search_term_string}"},"query-input":{"@type":"PropertyValueSpecification","valueRequired":true,"valueName":"search_term_string"}}],"inLanguage":"fi"},{"@type":"Organization","@id":"https:\/\/mahlers.se\/fi\/#organization","name":"M\u00e4hlers","url":"https:\/\/mahlers.se\/fi\/","logo":{"@type":"ImageObject","inLanguage":"fi","@id":"https:\/\/mahlers.se\/fi\/#\/schema\/logo\/image\/","url":"https:\/\/mahlers.se\/wp-content\/uploads\/2021\/06\/Mahlers-logo-ned-wordonly.png","contentUrl":"https:\/\/mahlers.se\/wp-content\/uploads\/2021\/06\/Mahlers-logo-ned-wordonly.png","width":1026,"height":186,"caption":"M\u00e4hlers"},"image":{"@id":"https:\/\/mahlers.se\/fi\/#\/schema\/logo\/image\/"}},{"@type":"Person","@id":"https:\/\/mahlers.se\/fi\/#\/schema\/person\/aec9adeefff3a94aec47db6d12cb56c0","name":"Sten Str\u00f6mgren","image":{"@type":"ImageObject","inLanguage":"fi","@id":"https:\/\/secure.gravatar.com\/avatar\/3e0ee567f00ea671aa6b2195a0744de5005cb564dea599543636be3fee4498a6?s=96&d=mm&r=g","url":"https:\/\/secure.gravatar.com\/avatar\/3e0ee567f00ea671aa6b2195a0744de5005cb564dea599543636be3fee4498a6?s=96&d=mm&r=g","contentUrl":"https:\/\/secure.gravatar.com\/avatar\/3e0ee567f00ea671aa6b2195a0744de5005cb564dea599543636be3fee4498a6?s=96&d=mm&r=g","caption":"Sten Str\u00f6mgren"},"url":"https:\/\/mahlers.se\/fi\/author\/sten\/"}]}},"_links":{"self":[{"href":"https:\/\/mahlers.se\/fi\/wp-json\/wp\/v2\/posts\/13744","targetHints":{"allow":["GET"]}}],"collection":[{"href":"https:\/\/mahlers.se\/fi\/wp-json\/wp\/v2\/posts"}],"about":[{"href":"https:\/\/mahlers.se\/fi\/wp-json\/wp\/v2\/types\/post"}],"author":[{"embeddable":true,"href":"https:\/\/mahlers.se\/fi\/wp-json\/wp\/v2\/users\/6"}],"replies":[{"embeddable":true,"href":"https:\/\/mahlers.se\/fi\/wp-json\/wp\/v2\/comments?post=13744"}],"version-history":[{"count":1,"href":"https:\/\/mahlers.se\/fi\/wp-json\/wp\/v2\/posts\/13744\/revisions"}],"predecessor-version":[{"id":13747,"href":"https:\/\/mahlers.se\/fi\/wp-json\/wp\/v2\/posts\/13744\/revisions\/13747"}],"wp:featuredmedia":[{"embeddable":true,"href":"https:\/\/mahlers.se\/fi\/wp-json\/wp\/v2\/media\/13446"}],"wp:attachment":[{"href":"https:\/\/mahlers.se\/fi\/wp-json\/wp\/v2\/media?parent=13744"}],"wp:term":[{"taxonomy":"category","embeddable":true,"href":"https:\/\/mahlers.se\/fi\/wp-json\/wp\/v2\/categories?post=13744"},{"taxonomy":"post_tag","embeddable":true,"href":"https:\/\/mahlers.se\/fi\/wp-json\/wp\/v2\/tags?post=13744"}],"curies":[{"name":"wp","href":"https:\/\/api.w.org\/{rel}","templated":true}]}}