{"id":12336,"date":"2024-10-18T08:30:38","date_gmt":"2024-10-18T06:30:38","guid":{"rendered":"https:\/\/mahlers.se\/2024\/10\/18\/mahlersin-suolalevitin-voitti-arvostetun-palkinnon-svenska-designpriset-kilpailussa\/"},"modified":"2024-10-18T08:30:38","modified_gmt":"2024-10-18T06:30:38","slug":"mahlersin-suolalevitin-voitti-arvostetun-palkinnon-svenska-designpriset-kilpailussa","status":"publish","type":"post","link":"https:\/\/mahlers.se\/fi\/2024\/10\/18\/mahlersin-suolalevitin-voitti-arvostetun-palkinnon-svenska-designpriset-kilpailussa\/","title":{"rendered":"M\u00e4hlersin suolalevitin voitti arvostetun palkinnon Svenska Designpriset -kilpailussa"},"content":{"rendered":"<p style=\"font-weight: 400;\"><strong>LEHDIST\u00d6TIEDOTE<\/strong><\/p>\n<p style=\"font-weight: 400;\"><strong>M\u00e4hlersin suolalevitin voitti arvostetun palkinnon Svenska Designpriset -kilpailussa<\/strong><\/p>\n<p style=\"font-weight: 400;\">M\u00e4hlersin innovatiivinen suolalevitin on valittu People&#8217;s Choice -voittajaksi arvostetussa Svenska Designpriset -muotoilukilpailussa. Palkinto jaettiin torstai-iltana Tukholman Moderna Museetissa, ja suolalevitin sai kiitosta ainutlaatuisesta yhdistelm\u00e4st\u00e4\u00e4n toiminnallisuutta, turvallisuutta ja modernia muotoilua, joka parantaa tienpitoa haastavissa pohjoismaisissa talviolosuhteissa.<\/p>\n<p style=\"font-weight: 400;\">Suolalevitin on kehitetty keskittyen suolalevityksen korkeaan tarkkuuteen ja tehokkuuteen, ja se tarjoaa ratkaisun sek\u00e4 nopeampaan ett\u00e4 turvallisempaan talvitienhoitoon. Muotoilu on sek\u00e4 esteettinen ett\u00e4 aerodynaaminen, mik\u00e4 parantaa suorituskyky\u00e4 ja sopii hyvin nykyaikaisiin kuorma-autoihin. Suunnittelun on tehnyt Kristoffer Svedulf Playful Designista, joka on yhdess\u00e4 M\u00e4hlersin kanssa luonut tuotteen, joka t\u00e4ytt\u00e4\u00e4 ja jopa ylitt\u00e4\u00e4 alan kest\u00e4vyys- ja k\u00e4ytt\u00e4j\u00e4yst\u00e4v\u00e4llisyysvaatimukset. Playful Design on my\u00f6s esitellyt suolalevittimest\u00e4 casen omilla verkkosivuillaan.<\/p>\n<p style=\"font-weight: 400;\">\u2013 Se, ett\u00e4 suolalevittimemme voittaa People&#8217;s Choice -palkinnon Svenska Designpriset -kilpailussa, on loistava tunnustus ty\u00f6st\u00e4mme, jossa yhdist\u00e4mme innovatiivista teknologiaa ja modernia muotoilua. Olemme eritt\u00e4in ylpeit\u00e4 siit\u00e4, mit\u00e4 olemme saavuttaneet yhteisty\u00f6ss\u00e4 Playful Designin kanssa, sanoo Pontus Jonasson, M\u00e4hlersin toimitusjohtaja.<\/p>\n<p style=\"font-weight: 400;\">Suolalevitin on aiemmin saanut runsaasti huomiota uraauurtavasta teknologiastaan, johon kuuluu \u00e4lyk\u00e4s ohjaus ja edistynyt anturitekniikka, joka varmistaa tarkan annostelun ja mukautumisen erilaisiin tieolosuhteisiin.<\/p>\n<p style=\"font-weight: 400;\">Lis\u00e4tietoja suolalevittimest\u00e4 saat vierailemalla\u00a0<a href=\"https:\/\/www.mahlers.fi\/\">M\u00e4hlersin\u00a0verkkosivustolla<\/a><\/p>\n","protected":false},"excerpt":{"rendered":"<p>LEHDIST\u00d6TIEDOTE M\u00e4hlersin suolalevitin voitti arvostetun palkinnon Svenska Designpriset -kilpailussa M\u00e4hlersin innovatiivinen suolalevitin on valittu People&#8217;s Choice -voittajaksi arvostetussa Svenska Designpriset -muotoilukilpailussa. Palkinto jaettiin torstai-iltana Tukholman Moderna Museetissa, ja suolalevitin sai kiitosta ainutlaatuisesta yhdistelm\u00e4st\u00e4\u00e4n toiminnallisuutta, turvallisuutta ja modernia muotoilua, joka parantaa tienpitoa haastavissa pohjoismaisissa talviolosuhteissa. Suolalevitin on kehitetty keskittyen suolalevityksen korkeaan tarkkuuteen ja tehokkuuteen, ja se [&hellip;]<\/p>\n","protected":false},"author":6,"featured_media":12328,"comment_status":"closed","ping_status":"closed","sticky":false,"template":"","format":"standard","meta":{"_acf_changed":false,"footnotes":""},"categories":[1],"tags":[],"class_list":["post-12336","post","type-post","status-publish","format-standard","has-post-thumbnail","hentry","category-okategoriserad"],"acf":[],"yoast_head":"<!-- This site is optimized with the Yoast SEO plugin v27.2 - https:\/\/yoast.com\/product\/yoast-seo-wordpress\/ -->\n<title>M\u00e4hlersin suolalevitin voitti arvostetun palkinnon Svenska Designpriset -kilpailussa - M\u00e4hlers<\/title>\n<meta name=\"robots\" content=\"index, follow, max-snippet:-1, max-image-preview:large, max-video-preview:-1\" \/>\n<link rel=\"canonical\" href=\"https:\/\/mahlers.se\/fi\/2024\/10\/18\/mahlersin-suolalevitin-voitti-arvostetun-palkinnon-svenska-designpriset-kilpailussa\/\" \/>\n<meta property=\"og:locale\" content=\"fi_FI\" \/>\n<meta property=\"og:type\" content=\"article\" \/>\n<meta property=\"og:title\" content=\"M\u00e4hlersin suolalevitin voitti arvostetun palkinnon Svenska Designpriset -kilpailussa - M\u00e4hlers\" \/>\n<meta property=\"og:description\" content=\"LEHDIST\u00d6TIEDOTE M\u00e4hlersin suolalevitin voitti arvostetun palkinnon Svenska Designpriset -kilpailussa M\u00e4hlersin innovatiivinen suolalevitin on valittu People&#8217;s Choice -voittajaksi arvostetussa Svenska Designpriset -muotoilukilpailussa. Palkinto jaettiin torstai-iltana Tukholman Moderna Museetissa, ja suolalevitin sai kiitosta ainutlaatuisesta yhdistelm\u00e4st\u00e4\u00e4n toiminnallisuutta, turvallisuutta ja modernia muotoilua, joka parantaa tienpitoa haastavissa pohjoismaisissa talviolosuhteissa. Suolalevitin on kehitetty keskittyen suolalevityksen korkeaan tarkkuuteen ja tehokkuuteen, ja se [&hellip;]\" \/>\n<meta property=\"og:url\" content=\"https:\/\/mahlers.se\/fi\/2024\/10\/18\/mahlersin-suolalevitin-voitti-arvostetun-palkinnon-svenska-designpriset-kilpailussa\/\" \/>\n<meta property=\"og:site_name\" content=\"M\u00e4hlers\" \/>\n<meta property=\"article:published_time\" content=\"2024-10-18T06:30:38+00:00\" \/>\n<meta property=\"og:image\" content=\"https:\/\/mahlers.se\/wp-content\/uploads\/2024\/10\/IMG_4670_web.jpg\" \/>\n\t<meta property=\"og:image:width\" content=\"2500\" \/>\n\t<meta property=\"og:image:height\" content=\"1542\" \/>\n\t<meta property=\"og:image:type\" content=\"image\/jpeg\" \/>\n<meta name=\"author\" content=\"Sten Str\u00f6mgren\" \/>\n<meta name=\"twitter:card\" content=\"summary_large_image\" \/>\n<meta name=\"twitter:label1\" content=\"Kirjoittanut\" \/>\n\t<meta name=\"twitter:data1\" content=\"Sten Str\u00f6mgren\" \/>\n\t<meta name=\"twitter:label2\" content=\"Arvioitu lukuaika\" \/>\n\t<meta name=\"twitter:data2\" content=\"1 minuutti\" \/>\n<script type=\"application\/ld+json\" class=\"yoast-schema-graph\">{\"@context\":\"https:\/\/schema.org\",\"@graph\":[{\"@type\":\"Article\",\"@id\":\"https:\/\/mahlers.se\/fi\/2024\/10\/18\/mahlersin-suolalevitin-voitti-arvostetun-palkinnon-svenska-designpriset-kilpailussa\/#article\",\"isPartOf\":{\"@id\":\"https:\/\/mahlers.se\/fi\/2024\/10\/18\/mahlersin-suolalevitin-voitti-arvostetun-palkinnon-svenska-designpriset-kilpailussa\/\"},\"author\":{\"name\":\"Sten Str\u00f6mgren\",\"@id\":\"https:\/\/mahlers.se\/fi\/#\/schema\/person\/aec9adeefff3a94aec47db6d12cb56c0\"},\"headline\":\"M\u00e4hlersin suolalevitin voitti arvostetun palkinnon Svenska Designpriset -kilpailussa\",\"datePublished\":\"2024-10-18T06:30:38+00:00\",\"mainEntityOfPage\":{\"@id\":\"https:\/\/mahlers.se\/fi\/2024\/10\/18\/mahlersin-suolalevitin-voitti-arvostetun-palkinnon-svenska-designpriset-kilpailussa\/\"},\"wordCount\":208,\"publisher\":{\"@id\":\"https:\/\/mahlers.se\/fi\/#organization\"},\"image\":{\"@id\":\"https:\/\/mahlers.se\/fi\/2024\/10\/18\/mahlersin-suolalevitin-voitti-arvostetun-palkinnon-svenska-designpriset-kilpailussa\/#primaryimage\"},\"thumbnailUrl\":\"https:\/\/mahlers.se\/wp-content\/uploads\/2024\/10\/IMG_4670_web.jpg\",\"articleSection\":[\"Okategoriserad\"],\"inLanguage\":\"fi\"},{\"@type\":\"WebPage\",\"@id\":\"https:\/\/mahlers.se\/fi\/2024\/10\/18\/mahlersin-suolalevitin-voitti-arvostetun-palkinnon-svenska-designpriset-kilpailussa\/\",\"url\":\"https:\/\/mahlers.se\/fi\/2024\/10\/18\/mahlersin-suolalevitin-voitti-arvostetun-palkinnon-svenska-designpriset-kilpailussa\/\",\"name\":\"M\u00e4hlersin suolalevitin voitti arvostetun palkinnon Svenska Designpriset -kilpailussa - M\u00e4hlers\",\"isPartOf\":{\"@id\":\"https:\/\/mahlers.se\/fi\/#website\"},\"primaryImageOfPage\":{\"@id\":\"https:\/\/mahlers.se\/fi\/2024\/10\/18\/mahlersin-suolalevitin-voitti-arvostetun-palkinnon-svenska-designpriset-kilpailussa\/#primaryimage\"},\"image\":{\"@id\":\"https:\/\/mahlers.se\/fi\/2024\/10\/18\/mahlersin-suolalevitin-voitti-arvostetun-palkinnon-svenska-designpriset-kilpailussa\/#primaryimage\"},\"thumbnailUrl\":\"https:\/\/mahlers.se\/wp-content\/uploads\/2024\/10\/IMG_4670_web.jpg\",\"datePublished\":\"2024-10-18T06:30:38+00:00\",\"breadcrumb\":{\"@id\":\"https:\/\/mahlers.se\/fi\/2024\/10\/18\/mahlersin-suolalevitin-voitti-arvostetun-palkinnon-svenska-designpriset-kilpailussa\/#breadcrumb\"},\"inLanguage\":\"fi\",\"potentialAction\":[{\"@type\":\"ReadAction\",\"target\":[\"https:\/\/mahlers.se\/fi\/2024\/10\/18\/mahlersin-suolalevitin-voitti-arvostetun-palkinnon-svenska-designpriset-kilpailussa\/\"]}]},{\"@type\":\"ImageObject\",\"inLanguage\":\"fi\",\"@id\":\"https:\/\/mahlers.se\/fi\/2024\/10\/18\/mahlersin-suolalevitin-voitti-arvostetun-palkinnon-svenska-designpriset-kilpailussa\/#primaryimage\",\"url\":\"https:\/\/mahlers.se\/wp-content\/uploads\/2024\/10\/IMG_4670_web.jpg\",\"contentUrl\":\"https:\/\/mahlers.se\/wp-content\/uploads\/2024\/10\/IMG_4670_web.jpg\",\"width\":2500,\"height\":1542},{\"@type\":\"BreadcrumbList\",\"@id\":\"https:\/\/mahlers.se\/fi\/2024\/10\/18\/mahlersin-suolalevitin-voitti-arvostetun-palkinnon-svenska-designpriset-kilpailussa\/#breadcrumb\",\"itemListElement\":[{\"@type\":\"ListItem\",\"position\":1,\"name\":\"Hem\",\"item\":\"https:\/\/mahlers.se\/fi\/\"},{\"@type\":\"ListItem\",\"position\":2,\"name\":\"M\u00e4hlersin suolalevitin voitti arvostetun palkinnon Svenska Designpriset -kilpailussa\"}]},{\"@type\":\"WebSite\",\"@id\":\"https:\/\/mahlers.se\/fi\/#website\",\"url\":\"https:\/\/mahlers.se\/fi\/\",\"name\":\"M\u00e4hlers\",\"description\":\"F\u00f6r effektivare sn\u00f6r\u00f6jning och v\u00e4gunderh\u00e5ll\",\"publisher\":{\"@id\":\"https:\/\/mahlers.se\/fi\/#organization\"},\"potentialAction\":[{\"@type\":\"SearchAction\",\"target\":{\"@type\":\"EntryPoint\",\"urlTemplate\":\"https:\/\/mahlers.se\/fi\/?s={search_term_string}\"},\"query-input\":{\"@type\":\"PropertyValueSpecification\",\"valueRequired\":true,\"valueName\":\"search_term_string\"}}],\"inLanguage\":\"fi\"},{\"@type\":\"Organization\",\"@id\":\"https:\/\/mahlers.se\/fi\/#organization\",\"name\":\"M\u00e4hlers\",\"url\":\"https:\/\/mahlers.se\/fi\/\",\"logo\":{\"@type\":\"ImageObject\",\"inLanguage\":\"fi\",\"@id\":\"https:\/\/mahlers.se\/fi\/#\/schema\/logo\/image\/\",\"url\":\"https:\/\/mahlers.se\/wp-content\/uploads\/2021\/06\/Mahlers-logo-ned-wordonly.png\",\"contentUrl\":\"https:\/\/mahlers.se\/wp-content\/uploads\/2021\/06\/Mahlers-logo-ned-wordonly.png\",\"width\":1026,\"height\":186,\"caption\":\"M\u00e4hlers\"},\"image\":{\"@id\":\"https:\/\/mahlers.se\/fi\/#\/schema\/logo\/image\/\"}},{\"@type\":\"Person\",\"@id\":\"https:\/\/mahlers.se\/fi\/#\/schema\/person\/aec9adeefff3a94aec47db6d12cb56c0\",\"name\":\"Sten Str\u00f6mgren\",\"image\":{\"@type\":\"ImageObject\",\"inLanguage\":\"fi\",\"@id\":\"https:\/\/secure.gravatar.com\/avatar\/3e0ee567f00ea671aa6b2195a0744de5005cb564dea599543636be3fee4498a6?s=96&d=mm&r=g\",\"url\":\"https:\/\/secure.gravatar.com\/avatar\/3e0ee567f00ea671aa6b2195a0744de5005cb564dea599543636be3fee4498a6?s=96&d=mm&r=g\",\"contentUrl\":\"https:\/\/secure.gravatar.com\/avatar\/3e0ee567f00ea671aa6b2195a0744de5005cb564dea599543636be3fee4498a6?s=96&d=mm&r=g\",\"caption\":\"Sten Str\u00f6mgren\"},\"url\":\"https:\/\/mahlers.se\/fi\/author\/sten\/\"}]}<\/script>\n<!-- \/ Yoast SEO plugin. -->","yoast_head_json":{"title":"M\u00e4hlersin suolalevitin voitti arvostetun palkinnon Svenska Designpriset -kilpailussa - M\u00e4hlers","robots":{"index":"index","follow":"follow","max-snippet":"max-snippet:-1","max-image-preview":"max-image-preview:large","max-video-preview":"max-video-preview:-1"},"canonical":"https:\/\/mahlers.se\/fi\/2024\/10\/18\/mahlersin-suolalevitin-voitti-arvostetun-palkinnon-svenska-designpriset-kilpailussa\/","og_locale":"fi_FI","og_type":"article","og_title":"M\u00e4hlersin suolalevitin voitti arvostetun palkinnon Svenska Designpriset -kilpailussa - M\u00e4hlers","og_description":"LEHDIST\u00d6TIEDOTE M\u00e4hlersin suolalevitin voitti arvostetun palkinnon Svenska Designpriset -kilpailussa M\u00e4hlersin innovatiivinen suolalevitin on valittu People&#8217;s Choice -voittajaksi arvostetussa Svenska Designpriset -muotoilukilpailussa. Palkinto jaettiin torstai-iltana Tukholman Moderna Museetissa, ja suolalevitin sai kiitosta ainutlaatuisesta yhdistelm\u00e4st\u00e4\u00e4n toiminnallisuutta, turvallisuutta ja modernia muotoilua, joka parantaa tienpitoa haastavissa pohjoismaisissa talviolosuhteissa. Suolalevitin on kehitetty keskittyen suolalevityksen korkeaan tarkkuuteen ja tehokkuuteen, ja se [&hellip;]","og_url":"https:\/\/mahlers.se\/fi\/2024\/10\/18\/mahlersin-suolalevitin-voitti-arvostetun-palkinnon-svenska-designpriset-kilpailussa\/","og_site_name":"M\u00e4hlers","article_published_time":"2024-10-18T06:30:38+00:00","og_image":[{"width":2500,"height":1542,"url":"https:\/\/mahlers.se\/wp-content\/uploads\/2024\/10\/IMG_4670_web.jpg","type":"image\/jpeg"}],"author":"Sten Str\u00f6mgren","twitter_card":"summary_large_image","twitter_misc":{"Kirjoittanut":"Sten Str\u00f6mgren","Arvioitu lukuaika":"1 minuutti"},"schema":{"@context":"https:\/\/schema.org","@graph":[{"@type":"Article","@id":"https:\/\/mahlers.se\/fi\/2024\/10\/18\/mahlersin-suolalevitin-voitti-arvostetun-palkinnon-svenska-designpriset-kilpailussa\/#article","isPartOf":{"@id":"https:\/\/mahlers.se\/fi\/2024\/10\/18\/mahlersin-suolalevitin-voitti-arvostetun-palkinnon-svenska-designpriset-kilpailussa\/"},"author":{"name":"Sten Str\u00f6mgren","@id":"https:\/\/mahlers.se\/fi\/#\/schema\/person\/aec9adeefff3a94aec47db6d12cb56c0"},"headline":"M\u00e4hlersin suolalevitin voitti arvostetun palkinnon Svenska Designpriset -kilpailussa","datePublished":"2024-10-18T06:30:38+00:00","mainEntityOfPage":{"@id":"https:\/\/mahlers.se\/fi\/2024\/10\/18\/mahlersin-suolalevitin-voitti-arvostetun-palkinnon-svenska-designpriset-kilpailussa\/"},"wordCount":208,"publisher":{"@id":"https:\/\/mahlers.se\/fi\/#organization"},"image":{"@id":"https:\/\/mahlers.se\/fi\/2024\/10\/18\/mahlersin-suolalevitin-voitti-arvostetun-palkinnon-svenska-designpriset-kilpailussa\/#primaryimage"},"thumbnailUrl":"https:\/\/mahlers.se\/wp-content\/uploads\/2024\/10\/IMG_4670_web.jpg","articleSection":["Okategoriserad"],"inLanguage":"fi"},{"@type":"WebPage","@id":"https:\/\/mahlers.se\/fi\/2024\/10\/18\/mahlersin-suolalevitin-voitti-arvostetun-palkinnon-svenska-designpriset-kilpailussa\/","url":"https:\/\/mahlers.se\/fi\/2024\/10\/18\/mahlersin-suolalevitin-voitti-arvostetun-palkinnon-svenska-designpriset-kilpailussa\/","name":"M\u00e4hlersin suolalevitin voitti arvostetun palkinnon Svenska Designpriset -kilpailussa - M\u00e4hlers","isPartOf":{"@id":"https:\/\/mahlers.se\/fi\/#website"},"primaryImageOfPage":{"@id":"https:\/\/mahlers.se\/fi\/2024\/10\/18\/mahlersin-suolalevitin-voitti-arvostetun-palkinnon-svenska-designpriset-kilpailussa\/#primaryimage"},"image":{"@id":"https:\/\/mahlers.se\/fi\/2024\/10\/18\/mahlersin-suolalevitin-voitti-arvostetun-palkinnon-svenska-designpriset-kilpailussa\/#primaryimage"},"thumbnailUrl":"https:\/\/mahlers.se\/wp-content\/uploads\/2024\/10\/IMG_4670_web.jpg","datePublished":"2024-10-18T06:30:38+00:00","breadcrumb":{"@id":"https:\/\/mahlers.se\/fi\/2024\/10\/18\/mahlersin-suolalevitin-voitti-arvostetun-palkinnon-svenska-designpriset-kilpailussa\/#breadcrumb"},"inLanguage":"fi","potentialAction":[{"@type":"ReadAction","target":["https:\/\/mahlers.se\/fi\/2024\/10\/18\/mahlersin-suolalevitin-voitti-arvostetun-palkinnon-svenska-designpriset-kilpailussa\/"]}]},{"@type":"ImageObject","inLanguage":"fi","@id":"https:\/\/mahlers.se\/fi\/2024\/10\/18\/mahlersin-suolalevitin-voitti-arvostetun-palkinnon-svenska-designpriset-kilpailussa\/#primaryimage","url":"https:\/\/mahlers.se\/wp-content\/uploads\/2024\/10\/IMG_4670_web.jpg","contentUrl":"https:\/\/mahlers.se\/wp-content\/uploads\/2024\/10\/IMG_4670_web.jpg","width":2500,"height":1542},{"@type":"BreadcrumbList","@id":"https:\/\/mahlers.se\/fi\/2024\/10\/18\/mahlersin-suolalevitin-voitti-arvostetun-palkinnon-svenska-designpriset-kilpailussa\/#breadcrumb","itemListElement":[{"@type":"ListItem","position":1,"name":"Hem","item":"https:\/\/mahlers.se\/fi\/"},{"@type":"ListItem","position":2,"name":"M\u00e4hlersin suolalevitin voitti arvostetun palkinnon Svenska Designpriset -kilpailussa"}]},{"@type":"WebSite","@id":"https:\/\/mahlers.se\/fi\/#website","url":"https:\/\/mahlers.se\/fi\/","name":"M\u00e4hlers","description":"F\u00f6r effektivare sn\u00f6r\u00f6jning och v\u00e4gunderh\u00e5ll","publisher":{"@id":"https:\/\/mahlers.se\/fi\/#organization"},"potentialAction":[{"@type":"SearchAction","target":{"@type":"EntryPoint","urlTemplate":"https:\/\/mahlers.se\/fi\/?s={search_term_string}"},"query-input":{"@type":"PropertyValueSpecification","valueRequired":true,"valueName":"search_term_string"}}],"inLanguage":"fi"},{"@type":"Organization","@id":"https:\/\/mahlers.se\/fi\/#organization","name":"M\u00e4hlers","url":"https:\/\/mahlers.se\/fi\/","logo":{"@type":"ImageObject","inLanguage":"fi","@id":"https:\/\/mahlers.se\/fi\/#\/schema\/logo\/image\/","url":"https:\/\/mahlers.se\/wp-content\/uploads\/2021\/06\/Mahlers-logo-ned-wordonly.png","contentUrl":"https:\/\/mahlers.se\/wp-content\/uploads\/2021\/06\/Mahlers-logo-ned-wordonly.png","width":1026,"height":186,"caption":"M\u00e4hlers"},"image":{"@id":"https:\/\/mahlers.se\/fi\/#\/schema\/logo\/image\/"}},{"@type":"Person","@id":"https:\/\/mahlers.se\/fi\/#\/schema\/person\/aec9adeefff3a94aec47db6d12cb56c0","name":"Sten Str\u00f6mgren","image":{"@type":"ImageObject","inLanguage":"fi","@id":"https:\/\/secure.gravatar.com\/avatar\/3e0ee567f00ea671aa6b2195a0744de5005cb564dea599543636be3fee4498a6?s=96&d=mm&r=g","url":"https:\/\/secure.gravatar.com\/avatar\/3e0ee567f00ea671aa6b2195a0744de5005cb564dea599543636be3fee4498a6?s=96&d=mm&r=g","contentUrl":"https:\/\/secure.gravatar.com\/avatar\/3e0ee567f00ea671aa6b2195a0744de5005cb564dea599543636be3fee4498a6?s=96&d=mm&r=g","caption":"Sten Str\u00f6mgren"},"url":"https:\/\/mahlers.se\/fi\/author\/sten\/"}]}},"_links":{"self":[{"href":"https:\/\/mahlers.se\/fi\/wp-json\/wp\/v2\/posts\/12336","targetHints":{"allow":["GET"]}}],"collection":[{"href":"https:\/\/mahlers.se\/fi\/wp-json\/wp\/v2\/posts"}],"about":[{"href":"https:\/\/mahlers.se\/fi\/wp-json\/wp\/v2\/types\/post"}],"author":[{"embeddable":true,"href":"https:\/\/mahlers.se\/fi\/wp-json\/wp\/v2\/users\/6"}],"replies":[{"embeddable":true,"href":"https:\/\/mahlers.se\/fi\/wp-json\/wp\/v2\/comments?post=12336"}],"version-history":[{"count":0,"href":"https:\/\/mahlers.se\/fi\/wp-json\/wp\/v2\/posts\/12336\/revisions"}],"wp:featuredmedia":[{"embeddable":true,"href":"https:\/\/mahlers.se\/fi\/wp-json\/wp\/v2\/media\/12328"}],"wp:attachment":[{"href":"https:\/\/mahlers.se\/fi\/wp-json\/wp\/v2\/media?parent=12336"}],"wp:term":[{"taxonomy":"category","embeddable":true,"href":"https:\/\/mahlers.se\/fi\/wp-json\/wp\/v2\/categories?post=12336"},{"taxonomy":"post_tag","embeddable":true,"href":"https:\/\/mahlers.se\/fi\/wp-json\/wp\/v2\/tags?post=12336"}],"curies":[{"name":"wp","href":"https:\/\/api.w.org\/{rel}","templated":true}]}}