{"id":12136,"date":"2024-10-03T08:00:47","date_gmt":"2024-10-03T06:00:47","guid":{"rendered":"https:\/\/mahlers.se\/?p=12136"},"modified":"2024-10-04T09:18:44","modified_gmt":"2024-10-04T07:18:44","slug":"tekoaly-tukee-mahlersin-asiakkaita-vuorokauden-ympari-viikonloppuna-ja-arkena","status":"publish","type":"post","link":"https:\/\/mahlers.se\/fi\/2024\/10\/03\/tekoaly-tukee-mahlersin-asiakkaita-vuorokauden-ympari-viikonloppuna-ja-arkena\/","title":{"rendered":"Teko\u00e4ly tukee M\u00e4hlersin asiakkaita vuorokauden ymp\u00e4ri, viikonloppuna ja arkena."},"content":{"rendered":"<h2 style=\"font-weight: 400;\"><strong>LEHDIST\u00d6TIEDOTE<\/strong><\/h2>\n<p style=\"font-weight: 400;\"><strong>Teko\u00e4ly tukee M\u00e4hlersin asiakkaita vuorokauden ymp\u00e4ri, viikonloppuna ja arkena.<\/strong><\/p>\n<p style=\"font-weight: 400;\">M\u00e4hlers p\u00e4ivitt\u00e4\u00e4 \u00e4lykk\u00e4\u00e4n ohjausj\u00e4rjestelm\u00e4ns\u00e4 MC3<\/p>\n<p style=\"font-weight: 400;\">Ai-avusteisella tuella, mik\u00e4 tarkoittaa, ett\u00e4 kuorma-autonkuljettaja voi saada teknist\u00e4 tukea kellonajasta riippumatta. Suomenkielell\u00e4.<\/p>\n<p style=\"font-weight: 400;\">\u2013 Olemme jo useiden vuosien ajan tarjonneet teknist\u00e4 tukea, jossa asiakkaamme voivat mobiiliverkon kautta yhdist\u00e4\u00e4 ohjausj\u00e4rjestelm\u00e4n tukiosastoomme. Nyt otamme seuraavan askeleen kehityksess\u00e4 ja tarjoamme asiakkaillemme lis\u00e4\u00e4 palveluita integroimalla Ai, sanoo Mikael Modin M\u00e4hlersin tukiosastolta.<\/p>\n<p style=\"font-weight: 400;\">M\u00e4hlersin MC-ohjausj\u00e4rjestelm\u00e4 on edistynyt j\u00e4rjestelm\u00e4, joka mahdollistaa kaikkien aurauslaitteiden sek\u00e4 kuorma-auton ja per\u00e4vaunun kippitoimintojen hallinnan samalla joystickill\u00e4. N\u00e4iden toimintojen lis\u00e4ksi MC3<\/p>\n<p style=\"font-weight: 400;\">on my\u00f6s tukitoiminto, jossa kuljettaja voi yhdist\u00e4\u00e4 ohjausj\u00e4rjestelm\u00e4n M\u00e4hlersin tukiosastoon, joka voi lukea j\u00e4rjestelm\u00e4n tilaa ja tehd\u00e4 vikadiagnooseja.<\/p>\n<p style=\"font-weight: 400;\">\u2013 Se on eritt\u00e4in arvostettu palvelu ja minulle tukiosastolla se on my\u00f6s valtava apu, sanoo Mikael Modin.<\/p>\n<p style=\"font-weight: 400;\"><strong>M\u00e4hlbot \u2013 asiakkaiden uusi avustaja<\/strong><\/p>\n<p style=\"font-weight: 400;\">Nyt on aika ottaa seuraava askel M\u00e4hlersin tarjoaman tuen kehityksess\u00e4, kun Ai tulee tukemaan MC3-ohjausj\u00e4rjestelm\u00e4\u00e4.<\/p>\n<p style=\"font-weight: 400;\">\u2013 Pelk\u00e4st\u00e4\u00e4n henkil\u00f6st\u00f6\u00f6n perustuvan tukipalvelun rajoitus on se, ett\u00e4 jokaisena vuorokauden tuntina emme voi taata t\u00e4ytt\u00e4 palvelua. Siksi olemme lis\u00e4nneet Ai-avustaja M\u00e4hlbotin ohjausj\u00e4rjestelm\u00e4\u00e4mme.<\/p>\n<p style=\"font-weight: 400;\">Mikael kertoo olleensa mukana kehitt\u00e4m\u00e4ss\u00e4 M\u00e4hlbotia, jota on sy\u00f6tetty kaikilla mahdollisilla vikakoodeilla, joita voi esiinty\u00e4 MC3-ohjausj\u00e4rjestelm\u00e4ss\u00e4.<\/p>\n<p style=\"font-weight: 400;\">Yhdess\u00e4 teknikkojen ja suunnittelijoiden kanssa on rakennettu valtava tietopankki.<\/p>\n<p style=\"font-weight: 400;\">\u2013 Vianm\u00e4\u00e4ritys alkaa nyt siit\u00e4, ett\u00e4 asiakas kysyy M\u00e4hlbotilta apua. M\u00e4hlbot opastaa h\u00e4nt\u00e4 vianm\u00e4\u00e4ritysprosessin l\u00e4pi. Kun oikea diagnoosi on tehty, asiakas saa neuvoja vian korjaamiseen ja vahvistaa saamansa ohjeet sitten j\u00e4rjestelm\u00e4lle.<\/p>\n<p style=\"font-weight: 400;\"><strong>Jatkuva p\u00e4ivitys<\/strong><\/p>\n<p style=\"font-weight: 400;\">Diagnosointiohjelma ei ole staattinen, vaan sit\u00e4 p\u00e4ivitet\u00e4\u00e4n jatkuvasti.<\/p>\n<p style=\"font-weight: 400;\">\u2013 Konsulttiyritys Thnx, joka on auttanut meit\u00e4 rakentamaan sovelluksen, kirjaa kaikki kuljettajien esitt\u00e4m\u00e4t kysymykset. Jos jokin kysymys ei ole tietokannassa, minut otetaan mukaan antamaan oikea vastaus.<\/p>\n<p style=\"font-weight: 400;\">Mikael kertoo, ett\u00e4 on edelleen mahdollista soittaa tukipalveluun, joten t\u00e4m\u00e4 vaihtoehto on edelleen olemassa.<\/p>\n<p style=\"font-weight: 400;\">\u2013 Asiakkaat ovat tietysti edelleen tervetulleita soittamaan meille saadakseen apua, mutta kuten sanoin, meid\u00e4n on joskus voitava pit\u00e4\u00e4 hetki vapaata ja voi olla, ett\u00e4 meill\u00e4 on my\u00f6s puhelinlinjat t\u00e4ynn\u00e4. Silloin on nopeampaa k\u00e4ytt\u00e4\u00e4 M\u00e4hlbotia, joka on aina saatavilla, vuorokauden ymp\u00e4ri, viikonloppuisin ja arkena.<\/p>\n<p style=\"font-weight: 400;\">Olipa kyseess\u00e4 tukipalvelu tai M\u00e4hlbot, MC3-toiminnot s\u00e4\u00e4st\u00e4v\u00e4t ep\u00e4ilem\u00e4tt\u00e4 M\u00e4hlersin asiakkaille aikaa ja rahaa.<\/p>\n<p style=\"font-weight: 400;\">Saat lis\u00e4tietoja Jani Timoniemelt\u00e4,\u00a0<a href=\"tel:+358406839069\">+358 40 683 9069<\/a><\/p>\n","protected":false},"excerpt":{"rendered":"<p>LEHDIST\u00d6TIEDOTE Teko\u00e4ly tukee M\u00e4hlersin asiakkaita vuorokauden ymp\u00e4ri, viikonloppuna ja arkena. M\u00e4hlers p\u00e4ivitt\u00e4\u00e4 \u00e4lykk\u00e4\u00e4n ohjausj\u00e4rjestelm\u00e4ns\u00e4 MC3 Ai-avusteisella tuella, mik\u00e4 tarkoittaa, ett\u00e4 kuorma-autonkuljettaja voi saada teknist\u00e4 tukea kellonajasta riippumatta. Suomenkielell\u00e4. \u2013 Olemme jo useiden vuosien ajan tarjonneet teknist\u00e4 tukea, jossa asiakkaamme voivat mobiiliverkon kautta yhdist\u00e4\u00e4 ohjausj\u00e4rjestelm\u00e4n tukiosastoomme. Nyt otamme seuraavan askeleen kehityksess\u00e4 ja tarjoamme asiakkaillemme lis\u00e4\u00e4 palveluita [&hellip;]<\/p>\n","protected":false},"author":6,"featured_media":12090,"comment_status":"closed","ping_status":"closed","sticky":false,"template":"","format":"standard","meta":{"_acf_changed":false,"footnotes":""},"categories":[1],"tags":[],"class_list":["post-12136","post","type-post","status-publish","format-standard","has-post-thumbnail","hentry","category-okategoriserad"],"acf":[],"yoast_head":"<!-- This site is optimized with the Yoast SEO plugin v27.2 - https:\/\/yoast.com\/product\/yoast-seo-wordpress\/ -->\n<title>Teko\u00e4ly tukee M\u00e4hlersin asiakkaita vuorokauden ymp\u00e4ri, viikonloppuna ja arkena. - M\u00e4hlers<\/title>\n<meta name=\"robots\" content=\"index, follow, max-snippet:-1, max-image-preview:large, max-video-preview:-1\" \/>\n<link rel=\"canonical\" href=\"https:\/\/mahlers.se\/fi\/2024\/10\/03\/tekoaly-tukee-mahlersin-asiakkaita-vuorokauden-ympari-viikonloppuna-ja-arkena\/\" \/>\n<meta property=\"og:locale\" content=\"fi_FI\" \/>\n<meta property=\"og:type\" content=\"article\" \/>\n<meta property=\"og:title\" content=\"Teko\u00e4ly tukee M\u00e4hlersin asiakkaita vuorokauden ymp\u00e4ri, viikonloppuna ja arkena. - M\u00e4hlers\" \/>\n<meta property=\"og:description\" content=\"LEHDIST\u00d6TIEDOTE Teko\u00e4ly tukee M\u00e4hlersin asiakkaita vuorokauden ymp\u00e4ri, viikonloppuna ja arkena. M\u00e4hlers p\u00e4ivitt\u00e4\u00e4 \u00e4lykk\u00e4\u00e4n ohjausj\u00e4rjestelm\u00e4ns\u00e4 MC3 Ai-avusteisella tuella, mik\u00e4 tarkoittaa, ett\u00e4 kuorma-autonkuljettaja voi saada teknist\u00e4 tukea kellonajasta riippumatta. Suomenkielell\u00e4. \u2013 Olemme jo useiden vuosien ajan tarjonneet teknist\u00e4 tukea, jossa asiakkaamme voivat mobiiliverkon kautta yhdist\u00e4\u00e4 ohjausj\u00e4rjestelm\u00e4n tukiosastoomme. Nyt otamme seuraavan askeleen kehityksess\u00e4 ja tarjoamme asiakkaillemme lis\u00e4\u00e4 palveluita [&hellip;]\" \/>\n<meta property=\"og:url\" content=\"https:\/\/mahlers.se\/fi\/2024\/10\/03\/tekoaly-tukee-mahlersin-asiakkaita-vuorokauden-ympari-viikonloppuna-ja-arkena\/\" \/>\n<meta property=\"og:site_name\" content=\"M\u00e4hlers\" \/>\n<meta property=\"article:published_time\" content=\"2024-10-03T06:00:47+00:00\" \/>\n<meta property=\"article:modified_time\" content=\"2024-10-04T07:18:44+00:00\" \/>\n<meta property=\"og:image\" content=\"https:\/\/mahlers.se\/wp-content\/uploads\/2024\/09\/Mahlbot-Mahlers-web.jpg\" \/>\n\t<meta property=\"og:image:width\" content=\"2500\" \/>\n\t<meta property=\"og:image:height\" content=\"1406\" \/>\n\t<meta property=\"og:image:type\" content=\"image\/jpeg\" \/>\n<meta name=\"author\" content=\"Sten Str\u00f6mgren\" \/>\n<meta name=\"twitter:card\" content=\"summary_large_image\" \/>\n<meta name=\"twitter:label1\" content=\"Kirjoittanut\" \/>\n\t<meta name=\"twitter:data1\" content=\"Sten Str\u00f6mgren\" \/>\n\t<meta name=\"twitter:label2\" content=\"Arvioitu lukuaika\" \/>\n\t<meta name=\"twitter:data2\" content=\"2 minuuttia\" \/>\n<script type=\"application\/ld+json\" class=\"yoast-schema-graph\">{\"@context\":\"https:\/\/schema.org\",\"@graph\":[{\"@type\":\"Article\",\"@id\":\"https:\/\/mahlers.se\/fi\/2024\/10\/03\/tekoaly-tukee-mahlersin-asiakkaita-vuorokauden-ympari-viikonloppuna-ja-arkena\/#article\",\"isPartOf\":{\"@id\":\"https:\/\/mahlers.se\/fi\/2024\/10\/03\/tekoaly-tukee-mahlersin-asiakkaita-vuorokauden-ympari-viikonloppuna-ja-arkena\/\"},\"author\":{\"name\":\"Sten Str\u00f6mgren\",\"@id\":\"https:\/\/mahlers.se\/fi\/#\/schema\/person\/aec9adeefff3a94aec47db6d12cb56c0\"},\"headline\":\"Teko\u00e4ly tukee M\u00e4hlersin asiakkaita vuorokauden ymp\u00e4ri, viikonloppuna ja arkena.\",\"datePublished\":\"2024-10-03T06:00:47+00:00\",\"dateModified\":\"2024-10-04T07:18:44+00:00\",\"mainEntityOfPage\":{\"@id\":\"https:\/\/mahlers.se\/fi\/2024\/10\/03\/tekoaly-tukee-mahlersin-asiakkaita-vuorokauden-ympari-viikonloppuna-ja-arkena\/\"},\"wordCount\":407,\"publisher\":{\"@id\":\"https:\/\/mahlers.se\/fi\/#organization\"},\"image\":{\"@id\":\"https:\/\/mahlers.se\/fi\/2024\/10\/03\/tekoaly-tukee-mahlersin-asiakkaita-vuorokauden-ympari-viikonloppuna-ja-arkena\/#primaryimage\"},\"thumbnailUrl\":\"https:\/\/mahlers.se\/wp-content\/uploads\/2024\/09\/Mahlbot-Mahlers-web.jpg\",\"articleSection\":[\"Okategoriserad\"],\"inLanguage\":\"fi\"},{\"@type\":\"WebPage\",\"@id\":\"https:\/\/mahlers.se\/fi\/2024\/10\/03\/tekoaly-tukee-mahlersin-asiakkaita-vuorokauden-ympari-viikonloppuna-ja-arkena\/\",\"url\":\"https:\/\/mahlers.se\/fi\/2024\/10\/03\/tekoaly-tukee-mahlersin-asiakkaita-vuorokauden-ympari-viikonloppuna-ja-arkena\/\",\"name\":\"Teko\u00e4ly tukee M\u00e4hlersin asiakkaita vuorokauden ymp\u00e4ri, viikonloppuna ja arkena. - M\u00e4hlers\",\"isPartOf\":{\"@id\":\"https:\/\/mahlers.se\/fi\/#website\"},\"primaryImageOfPage\":{\"@id\":\"https:\/\/mahlers.se\/fi\/2024\/10\/03\/tekoaly-tukee-mahlersin-asiakkaita-vuorokauden-ympari-viikonloppuna-ja-arkena\/#primaryimage\"},\"image\":{\"@id\":\"https:\/\/mahlers.se\/fi\/2024\/10\/03\/tekoaly-tukee-mahlersin-asiakkaita-vuorokauden-ympari-viikonloppuna-ja-arkena\/#primaryimage\"},\"thumbnailUrl\":\"https:\/\/mahlers.se\/wp-content\/uploads\/2024\/09\/Mahlbot-Mahlers-web.jpg\",\"datePublished\":\"2024-10-03T06:00:47+00:00\",\"dateModified\":\"2024-10-04T07:18:44+00:00\",\"breadcrumb\":{\"@id\":\"https:\/\/mahlers.se\/fi\/2024\/10\/03\/tekoaly-tukee-mahlersin-asiakkaita-vuorokauden-ympari-viikonloppuna-ja-arkena\/#breadcrumb\"},\"inLanguage\":\"fi\",\"potentialAction\":[{\"@type\":\"ReadAction\",\"target\":[\"https:\/\/mahlers.se\/fi\/2024\/10\/03\/tekoaly-tukee-mahlersin-asiakkaita-vuorokauden-ympari-viikonloppuna-ja-arkena\/\"]}]},{\"@type\":\"ImageObject\",\"inLanguage\":\"fi\",\"@id\":\"https:\/\/mahlers.se\/fi\/2024\/10\/03\/tekoaly-tukee-mahlersin-asiakkaita-vuorokauden-ympari-viikonloppuna-ja-arkena\/#primaryimage\",\"url\":\"https:\/\/mahlers.se\/wp-content\/uploads\/2024\/09\/Mahlbot-Mahlers-web.jpg\",\"contentUrl\":\"https:\/\/mahlers.se\/wp-content\/uploads\/2024\/09\/Mahlbot-Mahlers-web.jpg\",\"width\":2500,\"height\":1406},{\"@type\":\"BreadcrumbList\",\"@id\":\"https:\/\/mahlers.se\/fi\/2024\/10\/03\/tekoaly-tukee-mahlersin-asiakkaita-vuorokauden-ympari-viikonloppuna-ja-arkena\/#breadcrumb\",\"itemListElement\":[{\"@type\":\"ListItem\",\"position\":1,\"name\":\"Hem\",\"item\":\"https:\/\/mahlers.se\/fi\/\"},{\"@type\":\"ListItem\",\"position\":2,\"name\":\"Teko\u00e4ly tukee M\u00e4hlersin asiakkaita vuorokauden ymp\u00e4ri, viikonloppuna ja arkena.\"}]},{\"@type\":\"WebSite\",\"@id\":\"https:\/\/mahlers.se\/fi\/#website\",\"url\":\"https:\/\/mahlers.se\/fi\/\",\"name\":\"M\u00e4hlers\",\"description\":\"F\u00f6r effektivare sn\u00f6r\u00f6jning och v\u00e4gunderh\u00e5ll\",\"publisher\":{\"@id\":\"https:\/\/mahlers.se\/fi\/#organization\"},\"potentialAction\":[{\"@type\":\"SearchAction\",\"target\":{\"@type\":\"EntryPoint\",\"urlTemplate\":\"https:\/\/mahlers.se\/fi\/?s={search_term_string}\"},\"query-input\":{\"@type\":\"PropertyValueSpecification\",\"valueRequired\":true,\"valueName\":\"search_term_string\"}}],\"inLanguage\":\"fi\"},{\"@type\":\"Organization\",\"@id\":\"https:\/\/mahlers.se\/fi\/#organization\",\"name\":\"M\u00e4hlers\",\"url\":\"https:\/\/mahlers.se\/fi\/\",\"logo\":{\"@type\":\"ImageObject\",\"inLanguage\":\"fi\",\"@id\":\"https:\/\/mahlers.se\/fi\/#\/schema\/logo\/image\/\",\"url\":\"https:\/\/mahlers.se\/wp-content\/uploads\/2021\/06\/Mahlers-logo-ned-wordonly.png\",\"contentUrl\":\"https:\/\/mahlers.se\/wp-content\/uploads\/2021\/06\/Mahlers-logo-ned-wordonly.png\",\"width\":1026,\"height\":186,\"caption\":\"M\u00e4hlers\"},\"image\":{\"@id\":\"https:\/\/mahlers.se\/fi\/#\/schema\/logo\/image\/\"}},{\"@type\":\"Person\",\"@id\":\"https:\/\/mahlers.se\/fi\/#\/schema\/person\/aec9adeefff3a94aec47db6d12cb56c0\",\"name\":\"Sten Str\u00f6mgren\",\"image\":{\"@type\":\"ImageObject\",\"inLanguage\":\"fi\",\"@id\":\"https:\/\/secure.gravatar.com\/avatar\/3e0ee567f00ea671aa6b2195a0744de5005cb564dea599543636be3fee4498a6?s=96&d=mm&r=g\",\"url\":\"https:\/\/secure.gravatar.com\/avatar\/3e0ee567f00ea671aa6b2195a0744de5005cb564dea599543636be3fee4498a6?s=96&d=mm&r=g\",\"contentUrl\":\"https:\/\/secure.gravatar.com\/avatar\/3e0ee567f00ea671aa6b2195a0744de5005cb564dea599543636be3fee4498a6?s=96&d=mm&r=g\",\"caption\":\"Sten Str\u00f6mgren\"},\"url\":\"https:\/\/mahlers.se\/fi\/author\/sten\/\"}]}<\/script>\n<!-- \/ Yoast SEO plugin. -->","yoast_head_json":{"title":"Teko\u00e4ly tukee M\u00e4hlersin asiakkaita vuorokauden ymp\u00e4ri, viikonloppuna ja arkena. - M\u00e4hlers","robots":{"index":"index","follow":"follow","max-snippet":"max-snippet:-1","max-image-preview":"max-image-preview:large","max-video-preview":"max-video-preview:-1"},"canonical":"https:\/\/mahlers.se\/fi\/2024\/10\/03\/tekoaly-tukee-mahlersin-asiakkaita-vuorokauden-ympari-viikonloppuna-ja-arkena\/","og_locale":"fi_FI","og_type":"article","og_title":"Teko\u00e4ly tukee M\u00e4hlersin asiakkaita vuorokauden ymp\u00e4ri, viikonloppuna ja arkena. - M\u00e4hlers","og_description":"LEHDIST\u00d6TIEDOTE Teko\u00e4ly tukee M\u00e4hlersin asiakkaita vuorokauden ymp\u00e4ri, viikonloppuna ja arkena. M\u00e4hlers p\u00e4ivitt\u00e4\u00e4 \u00e4lykk\u00e4\u00e4n ohjausj\u00e4rjestelm\u00e4ns\u00e4 MC3 Ai-avusteisella tuella, mik\u00e4 tarkoittaa, ett\u00e4 kuorma-autonkuljettaja voi saada teknist\u00e4 tukea kellonajasta riippumatta. Suomenkielell\u00e4. \u2013 Olemme jo useiden vuosien ajan tarjonneet teknist\u00e4 tukea, jossa asiakkaamme voivat mobiiliverkon kautta yhdist\u00e4\u00e4 ohjausj\u00e4rjestelm\u00e4n tukiosastoomme. Nyt otamme seuraavan askeleen kehityksess\u00e4 ja tarjoamme asiakkaillemme lis\u00e4\u00e4 palveluita [&hellip;]","og_url":"https:\/\/mahlers.se\/fi\/2024\/10\/03\/tekoaly-tukee-mahlersin-asiakkaita-vuorokauden-ympari-viikonloppuna-ja-arkena\/","og_site_name":"M\u00e4hlers","article_published_time":"2024-10-03T06:00:47+00:00","article_modified_time":"2024-10-04T07:18:44+00:00","og_image":[{"width":2500,"height":1406,"url":"https:\/\/mahlers.se\/wp-content\/uploads\/2024\/09\/Mahlbot-Mahlers-web.jpg","type":"image\/jpeg"}],"author":"Sten Str\u00f6mgren","twitter_card":"summary_large_image","twitter_misc":{"Kirjoittanut":"Sten Str\u00f6mgren","Arvioitu lukuaika":"2 minuuttia"},"schema":{"@context":"https:\/\/schema.org","@graph":[{"@type":"Article","@id":"https:\/\/mahlers.se\/fi\/2024\/10\/03\/tekoaly-tukee-mahlersin-asiakkaita-vuorokauden-ympari-viikonloppuna-ja-arkena\/#article","isPartOf":{"@id":"https:\/\/mahlers.se\/fi\/2024\/10\/03\/tekoaly-tukee-mahlersin-asiakkaita-vuorokauden-ympari-viikonloppuna-ja-arkena\/"},"author":{"name":"Sten Str\u00f6mgren","@id":"https:\/\/mahlers.se\/fi\/#\/schema\/person\/aec9adeefff3a94aec47db6d12cb56c0"},"headline":"Teko\u00e4ly tukee M\u00e4hlersin asiakkaita vuorokauden ymp\u00e4ri, viikonloppuna ja arkena.","datePublished":"2024-10-03T06:00:47+00:00","dateModified":"2024-10-04T07:18:44+00:00","mainEntityOfPage":{"@id":"https:\/\/mahlers.se\/fi\/2024\/10\/03\/tekoaly-tukee-mahlersin-asiakkaita-vuorokauden-ympari-viikonloppuna-ja-arkena\/"},"wordCount":407,"publisher":{"@id":"https:\/\/mahlers.se\/fi\/#organization"},"image":{"@id":"https:\/\/mahlers.se\/fi\/2024\/10\/03\/tekoaly-tukee-mahlersin-asiakkaita-vuorokauden-ympari-viikonloppuna-ja-arkena\/#primaryimage"},"thumbnailUrl":"https:\/\/mahlers.se\/wp-content\/uploads\/2024\/09\/Mahlbot-Mahlers-web.jpg","articleSection":["Okategoriserad"],"inLanguage":"fi"},{"@type":"WebPage","@id":"https:\/\/mahlers.se\/fi\/2024\/10\/03\/tekoaly-tukee-mahlersin-asiakkaita-vuorokauden-ympari-viikonloppuna-ja-arkena\/","url":"https:\/\/mahlers.se\/fi\/2024\/10\/03\/tekoaly-tukee-mahlersin-asiakkaita-vuorokauden-ympari-viikonloppuna-ja-arkena\/","name":"Teko\u00e4ly tukee M\u00e4hlersin asiakkaita vuorokauden ymp\u00e4ri, viikonloppuna ja arkena. - M\u00e4hlers","isPartOf":{"@id":"https:\/\/mahlers.se\/fi\/#website"},"primaryImageOfPage":{"@id":"https:\/\/mahlers.se\/fi\/2024\/10\/03\/tekoaly-tukee-mahlersin-asiakkaita-vuorokauden-ympari-viikonloppuna-ja-arkena\/#primaryimage"},"image":{"@id":"https:\/\/mahlers.se\/fi\/2024\/10\/03\/tekoaly-tukee-mahlersin-asiakkaita-vuorokauden-ympari-viikonloppuna-ja-arkena\/#primaryimage"},"thumbnailUrl":"https:\/\/mahlers.se\/wp-content\/uploads\/2024\/09\/Mahlbot-Mahlers-web.jpg","datePublished":"2024-10-03T06:00:47+00:00","dateModified":"2024-10-04T07:18:44+00:00","breadcrumb":{"@id":"https:\/\/mahlers.se\/fi\/2024\/10\/03\/tekoaly-tukee-mahlersin-asiakkaita-vuorokauden-ympari-viikonloppuna-ja-arkena\/#breadcrumb"},"inLanguage":"fi","potentialAction":[{"@type":"ReadAction","target":["https:\/\/mahlers.se\/fi\/2024\/10\/03\/tekoaly-tukee-mahlersin-asiakkaita-vuorokauden-ympari-viikonloppuna-ja-arkena\/"]}]},{"@type":"ImageObject","inLanguage":"fi","@id":"https:\/\/mahlers.se\/fi\/2024\/10\/03\/tekoaly-tukee-mahlersin-asiakkaita-vuorokauden-ympari-viikonloppuna-ja-arkena\/#primaryimage","url":"https:\/\/mahlers.se\/wp-content\/uploads\/2024\/09\/Mahlbot-Mahlers-web.jpg","contentUrl":"https:\/\/mahlers.se\/wp-content\/uploads\/2024\/09\/Mahlbot-Mahlers-web.jpg","width":2500,"height":1406},{"@type":"BreadcrumbList","@id":"https:\/\/mahlers.se\/fi\/2024\/10\/03\/tekoaly-tukee-mahlersin-asiakkaita-vuorokauden-ympari-viikonloppuna-ja-arkena\/#breadcrumb","itemListElement":[{"@type":"ListItem","position":1,"name":"Hem","item":"https:\/\/mahlers.se\/fi\/"},{"@type":"ListItem","position":2,"name":"Teko\u00e4ly tukee M\u00e4hlersin asiakkaita vuorokauden ymp\u00e4ri, viikonloppuna ja arkena."}]},{"@type":"WebSite","@id":"https:\/\/mahlers.se\/fi\/#website","url":"https:\/\/mahlers.se\/fi\/","name":"M\u00e4hlers","description":"F\u00f6r effektivare sn\u00f6r\u00f6jning och v\u00e4gunderh\u00e5ll","publisher":{"@id":"https:\/\/mahlers.se\/fi\/#organization"},"potentialAction":[{"@type":"SearchAction","target":{"@type":"EntryPoint","urlTemplate":"https:\/\/mahlers.se\/fi\/?s={search_term_string}"},"query-input":{"@type":"PropertyValueSpecification","valueRequired":true,"valueName":"search_term_string"}}],"inLanguage":"fi"},{"@type":"Organization","@id":"https:\/\/mahlers.se\/fi\/#organization","name":"M\u00e4hlers","url":"https:\/\/mahlers.se\/fi\/","logo":{"@type":"ImageObject","inLanguage":"fi","@id":"https:\/\/mahlers.se\/fi\/#\/schema\/logo\/image\/","url":"https:\/\/mahlers.se\/wp-content\/uploads\/2021\/06\/Mahlers-logo-ned-wordonly.png","contentUrl":"https:\/\/mahlers.se\/wp-content\/uploads\/2021\/06\/Mahlers-logo-ned-wordonly.png","width":1026,"height":186,"caption":"M\u00e4hlers"},"image":{"@id":"https:\/\/mahlers.se\/fi\/#\/schema\/logo\/image\/"}},{"@type":"Person","@id":"https:\/\/mahlers.se\/fi\/#\/schema\/person\/aec9adeefff3a94aec47db6d12cb56c0","name":"Sten Str\u00f6mgren","image":{"@type":"ImageObject","inLanguage":"fi","@id":"https:\/\/secure.gravatar.com\/avatar\/3e0ee567f00ea671aa6b2195a0744de5005cb564dea599543636be3fee4498a6?s=96&d=mm&r=g","url":"https:\/\/secure.gravatar.com\/avatar\/3e0ee567f00ea671aa6b2195a0744de5005cb564dea599543636be3fee4498a6?s=96&d=mm&r=g","contentUrl":"https:\/\/secure.gravatar.com\/avatar\/3e0ee567f00ea671aa6b2195a0744de5005cb564dea599543636be3fee4498a6?s=96&d=mm&r=g","caption":"Sten Str\u00f6mgren"},"url":"https:\/\/mahlers.se\/fi\/author\/sten\/"}]}},"_links":{"self":[{"href":"https:\/\/mahlers.se\/fi\/wp-json\/wp\/v2\/posts\/12136","targetHints":{"allow":["GET"]}}],"collection":[{"href":"https:\/\/mahlers.se\/fi\/wp-json\/wp\/v2\/posts"}],"about":[{"href":"https:\/\/mahlers.se\/fi\/wp-json\/wp\/v2\/types\/post"}],"author":[{"embeddable":true,"href":"https:\/\/mahlers.se\/fi\/wp-json\/wp\/v2\/users\/6"}],"replies":[{"embeddable":true,"href":"https:\/\/mahlers.se\/fi\/wp-json\/wp\/v2\/comments?post=12136"}],"version-history":[{"count":2,"href":"https:\/\/mahlers.se\/fi\/wp-json\/wp\/v2\/posts\/12136\/revisions"}],"predecessor-version":[{"id":12145,"href":"https:\/\/mahlers.se\/fi\/wp-json\/wp\/v2\/posts\/12136\/revisions\/12145"}],"wp:featuredmedia":[{"embeddable":true,"href":"https:\/\/mahlers.se\/fi\/wp-json\/wp\/v2\/media\/12090"}],"wp:attachment":[{"href":"https:\/\/mahlers.se\/fi\/wp-json\/wp\/v2\/media?parent=12136"}],"wp:term":[{"taxonomy":"category","embeddable":true,"href":"https:\/\/mahlers.se\/fi\/wp-json\/wp\/v2\/categories?post=12136"},{"taxonomy":"post_tag","embeddable":true,"href":"https:\/\/mahlers.se\/fi\/wp-json\/wp\/v2\/tags?post=12136"}],"curies":[{"name":"wp","href":"https:\/\/api.w.org\/{rel}","templated":true}]}}