{"id":11378,"date":"2024-09-03T14:09:05","date_gmt":"2024-09-03T12:09:05","guid":{"rendered":"https:\/\/mahlers.se\/2024\/09\/03\/mahlers-finland-aloittaa-lumiaurojen-ja-tienhoitolaitteiden-myynnin-suomessa-copy\/"},"modified":"2024-09-03T14:13:05","modified_gmt":"2024-09-03T12:13:05","slug":"mahlers-finland-ensiesiintyminen-finnmetkossa","status":"publish","type":"post","link":"https:\/\/mahlers.se\/fi\/2024\/09\/03\/mahlers-finland-ensiesiintyminen-finnmetkossa\/","title":{"rendered":"M\u00e4hlers Finland &#8211; ensiesiintyminen FinnMetkossa"},"content":{"rendered":"<p style=\"font-weight: 400;\"><strong>M\u00e4hlers Finland &#8211; ensiesiintyminen FinnMetkossa<\/strong><\/p>\n<p style=\"font-weight: 400;\">\n<p style=\"font-weight: 400;\">Suomalaisille aura- ja tienhoitomarkkinoille tulee uutta v\u00e4ri\u00e4 ja vaihtoehtoja, kun M\u00e4hlers Finland aloitti toimintansa organisoinnin kes\u00e4ll\u00e4. Yrityst\u00e4 vet\u00e4\u00e4 Jani Timoniemi, joka omaa alalta sek\u00e4 omakohtaista aurausurakointikokemusta, ett\u00e4 muun merkkisten auravarusteiden myynti- ja markkinointitaustaa. Monet aurauksen ja tienhoidon piiriss\u00e4 toimivat tuntevat Janin hyvin.<\/p>\n<p style=\"font-weight: 400;\">K\u00e4vij\u00f6iden mielenkiinnon her\u00e4tti luonnollisesti kirkkaan v\u00e4riset uudet aurat, mutta paljon keskusteluja k\u00e4ytiin my\u00f6s alusterist\u00e4 traktoreihin ja kuorma-autoihin, sek\u00e4 muista tienhoidon ty\u00f6laitteista. Markkinoilla tuntuu olevan kysynt\u00e4\u00e4 vankoille alusterille. Moni k\u00e4vij\u00e4 kommentoi heti aurat n\u00e4hty\u00e4\u00e4n, ett\u00e4 vaikuttavat vankoilta ja hyvin tehdyilt\u00e4. M\u00e4hlersill\u00e4 ollaan samaa mielt\u00e4.<\/p>\n<p style=\"font-weight: 400;\">Suomeen kootaan oma kulutusvaraosavarasto, jonka teht\u00e4v\u00e4n\u00e4 on pit\u00e4\u00e4 kalusto liikkeess\u00e4. M\u00e4hlersin aurat valmistetaan Keski-Ruotsissa, likimain Kokkolan korkeudella. Yhteydet tehtaalle ovat nopeat.<\/p>\n<p><img fetchpriority=\"high\" decoding=\"async\" class=\"size-medium wp-image-11380\" src=\"https:\/\/mahlers.se\/wp-content\/uploads\/2024\/09\/Mahlers-auraosasto1-blur-300x179.jpg\" alt=\"\" width=\"300\" height=\"179\" srcset=\"https:\/\/mahlers.se\/wp-content\/uploads\/2024\/09\/Mahlers-auraosasto1-blur-300x179.jpg 300w, https:\/\/mahlers.se\/wp-content\/uploads\/2024\/09\/Mahlers-auraosasto1-blur-1024x611.jpg 1024w, https:\/\/mahlers.se\/wp-content\/uploads\/2024\/09\/Mahlers-auraosasto1-blur-768x458.jpg 768w, https:\/\/mahlers.se\/wp-content\/uploads\/2024\/09\/Mahlers-auraosasto1-blur-1536x916.jpg 1536w, https:\/\/mahlers.se\/wp-content\/uploads\/2024\/09\/Mahlers-auraosasto1-blur-2048x1221.jpg 2048w\" sizes=\"(max-width: 300px) 100vw, 300px\" \/><\/p>\n<p style=\"font-weight: 400;\"><em>FinnMetkossa oli yrityksen omalla osastolla esill\u00e4 kaksi eri auratyyppi\u00e4, korkealle heitt\u00e4v\u00e4 M\u00e4hlers DPH-etuaura ja asiakkaalle jo myyty 16-jalkainen M\u00e4hlers 45C sivuaura.\u00a0<\/em><em>Etuaurassa on t\u00e4ydellinen kiinnike ja yksitt\u00e4in periksiantavat ter\u00e4npidikkeet. Aura heitt\u00e4\u00e4 lumen korkealle ja kauas jo pienell\u00e4 nopeudella.\u00a0<\/em><em>Sivuaura on varustettu pisimm\u00e4ll\u00e4 jatkeella 16-jalkaiseksi. Muut saatavilla olevat siiven pituudet ovat 10, 12, ja 14 jalkaa.<\/em><\/p>\n<p style=\"font-weight: 400;\">\n<p style=\"font-weight: 400;\">\n<p style=\"font-weight: 400;\">\n","protected":false},"excerpt":{"rendered":"<p>M\u00e4hlers Finland &#8211; ensiesiintyminen FinnMetkossa Suomalaisille aura- ja tienhoitomarkkinoille tulee uutta v\u00e4ri\u00e4 ja vaihtoehtoja, kun M\u00e4hlers Finland aloitti toimintansa organisoinnin kes\u00e4ll\u00e4. Yrityst\u00e4 vet\u00e4\u00e4 Jani Timoniemi, joka omaa alalta sek\u00e4 omakohtaista aurausurakointikokemusta, ett\u00e4 muun merkkisten auravarusteiden myynti- ja markkinointitaustaa. Monet aurauksen ja tienhoidon piiriss\u00e4 toimivat tuntevat Janin hyvin. K\u00e4vij\u00f6iden mielenkiinnon her\u00e4tti luonnollisesti kirkkaan v\u00e4riset uudet aurat, [&hellip;]<\/p>\n","protected":false},"author":6,"featured_media":11380,"comment_status":"closed","ping_status":"closed","sticky":false,"template":"","format":"standard","meta":{"_acf_changed":false,"footnotes":""},"categories":[1],"tags":[],"class_list":["post-11378","post","type-post","status-publish","format-standard","has-post-thumbnail","hentry","category-okategoriserad"],"acf":[],"yoast_head":"<!-- This site is optimized with the Yoast SEO plugin v27.2 - https:\/\/yoast.com\/product\/yoast-seo-wordpress\/ -->\n<title>M\u00e4hlers Finland - ensiesiintyminen FinnMetkossa - M\u00e4hlers<\/title>\n<meta name=\"robots\" content=\"index, follow, max-snippet:-1, max-image-preview:large, max-video-preview:-1\" \/>\n<link rel=\"canonical\" href=\"https:\/\/mahlers.se\/fi\/2024\/09\/03\/mahlers-finland-ensiesiintyminen-finnmetkossa\/\" \/>\n<meta property=\"og:locale\" content=\"fi_FI\" \/>\n<meta property=\"og:type\" content=\"article\" \/>\n<meta property=\"og:title\" content=\"M\u00e4hlers Finland - ensiesiintyminen FinnMetkossa - M\u00e4hlers\" \/>\n<meta property=\"og:description\" content=\"M\u00e4hlers Finland &#8211; ensiesiintyminen FinnMetkossa Suomalaisille aura- ja tienhoitomarkkinoille tulee uutta v\u00e4ri\u00e4 ja vaihtoehtoja, kun M\u00e4hlers Finland aloitti toimintansa organisoinnin kes\u00e4ll\u00e4. Yrityst\u00e4 vet\u00e4\u00e4 Jani Timoniemi, joka omaa alalta sek\u00e4 omakohtaista aurausurakointikokemusta, ett\u00e4 muun merkkisten auravarusteiden myynti- ja markkinointitaustaa. Monet aurauksen ja tienhoidon piiriss\u00e4 toimivat tuntevat Janin hyvin. K\u00e4vij\u00f6iden mielenkiinnon her\u00e4tti luonnollisesti kirkkaan v\u00e4riset uudet aurat, [&hellip;]\" \/>\n<meta property=\"og:url\" content=\"https:\/\/mahlers.se\/fi\/2024\/09\/03\/mahlers-finland-ensiesiintyminen-finnmetkossa\/\" \/>\n<meta property=\"og:site_name\" content=\"M\u00e4hlers\" \/>\n<meta property=\"article:published_time\" content=\"2024-09-03T12:09:05+00:00\" \/>\n<meta property=\"article:modified_time\" content=\"2024-09-03T12:13:05+00:00\" \/>\n<meta property=\"og:image\" content=\"https:\/\/mahlers.se\/wp-content\/uploads\/2024\/09\/Mahlers-auraosasto1-blur-scaled.jpg\" \/>\n\t<meta property=\"og:image:width\" content=\"2560\" \/>\n\t<meta property=\"og:image:height\" content=\"1526\" \/>\n\t<meta property=\"og:image:type\" content=\"image\/jpeg\" \/>\n<meta name=\"author\" content=\"Sten Str\u00f6mgren\" \/>\n<meta name=\"twitter:card\" content=\"summary_large_image\" \/>\n<meta name=\"twitter:label1\" content=\"Kirjoittanut\" \/>\n\t<meta name=\"twitter:data1\" content=\"Sten Str\u00f6mgren\" \/>\n\t<meta name=\"twitter:label2\" content=\"Arvioitu lukuaika\" \/>\n\t<meta name=\"twitter:data2\" content=\"2 minuuttia\" \/>\n<script type=\"application\/ld+json\" class=\"yoast-schema-graph\">{\"@context\":\"https:\/\/schema.org\",\"@graph\":[{\"@type\":\"Article\",\"@id\":\"https:\/\/mahlers.se\/fi\/2024\/09\/03\/mahlers-finland-ensiesiintyminen-finnmetkossa\/#article\",\"isPartOf\":{\"@id\":\"https:\/\/mahlers.se\/fi\/2024\/09\/03\/mahlers-finland-ensiesiintyminen-finnmetkossa\/\"},\"author\":{\"name\":\"Sten Str\u00f6mgren\",\"@id\":\"https:\/\/mahlers.se\/fi\/#\/schema\/person\/aec9adeefff3a94aec47db6d12cb56c0\"},\"headline\":\"M\u00e4hlers Finland &#8211; ensiesiintyminen FinnMetkossa\",\"datePublished\":\"2024-09-03T12:09:05+00:00\",\"dateModified\":\"2024-09-03T12:13:05+00:00\",\"mainEntityOfPage\":{\"@id\":\"https:\/\/mahlers.se\/fi\/2024\/09\/03\/mahlers-finland-ensiesiintyminen-finnmetkossa\/\"},\"wordCount\":194,\"publisher\":{\"@id\":\"https:\/\/mahlers.se\/fi\/#organization\"},\"image\":{\"@id\":\"https:\/\/mahlers.se\/fi\/2024\/09\/03\/mahlers-finland-ensiesiintyminen-finnmetkossa\/#primaryimage\"},\"thumbnailUrl\":\"https:\/\/mahlers.se\/wp-content\/uploads\/2024\/09\/Mahlers-auraosasto1-blur-scaled.jpg\",\"articleSection\":[\"Okategoriserad\"],\"inLanguage\":\"fi\"},{\"@type\":\"WebPage\",\"@id\":\"https:\/\/mahlers.se\/fi\/2024\/09\/03\/mahlers-finland-ensiesiintyminen-finnmetkossa\/\",\"url\":\"https:\/\/mahlers.se\/fi\/2024\/09\/03\/mahlers-finland-ensiesiintyminen-finnmetkossa\/\",\"name\":\"M\u00e4hlers Finland - ensiesiintyminen FinnMetkossa - M\u00e4hlers\",\"isPartOf\":{\"@id\":\"https:\/\/mahlers.se\/fi\/#website\"},\"primaryImageOfPage\":{\"@id\":\"https:\/\/mahlers.se\/fi\/2024\/09\/03\/mahlers-finland-ensiesiintyminen-finnmetkossa\/#primaryimage\"},\"image\":{\"@id\":\"https:\/\/mahlers.se\/fi\/2024\/09\/03\/mahlers-finland-ensiesiintyminen-finnmetkossa\/#primaryimage\"},\"thumbnailUrl\":\"https:\/\/mahlers.se\/wp-content\/uploads\/2024\/09\/Mahlers-auraosasto1-blur-scaled.jpg\",\"datePublished\":\"2024-09-03T12:09:05+00:00\",\"dateModified\":\"2024-09-03T12:13:05+00:00\",\"breadcrumb\":{\"@id\":\"https:\/\/mahlers.se\/fi\/2024\/09\/03\/mahlers-finland-ensiesiintyminen-finnmetkossa\/#breadcrumb\"},\"inLanguage\":\"fi\",\"potentialAction\":[{\"@type\":\"ReadAction\",\"target\":[\"https:\/\/mahlers.se\/fi\/2024\/09\/03\/mahlers-finland-ensiesiintyminen-finnmetkossa\/\"]}]},{\"@type\":\"ImageObject\",\"inLanguage\":\"fi\",\"@id\":\"https:\/\/mahlers.se\/fi\/2024\/09\/03\/mahlers-finland-ensiesiintyminen-finnmetkossa\/#primaryimage\",\"url\":\"https:\/\/mahlers.se\/wp-content\/uploads\/2024\/09\/Mahlers-auraosasto1-blur-scaled.jpg\",\"contentUrl\":\"https:\/\/mahlers.se\/wp-content\/uploads\/2024\/09\/Mahlers-auraosasto1-blur-scaled.jpg\",\"width\":2560,\"height\":1526,\"caption\":\"Screenshot\"},{\"@type\":\"BreadcrumbList\",\"@id\":\"https:\/\/mahlers.se\/fi\/2024\/09\/03\/mahlers-finland-ensiesiintyminen-finnmetkossa\/#breadcrumb\",\"itemListElement\":[{\"@type\":\"ListItem\",\"position\":1,\"name\":\"Hem\",\"item\":\"https:\/\/mahlers.se\/fi\/\"},{\"@type\":\"ListItem\",\"position\":2,\"name\":\"M\u00e4hlers Finland &#8211; ensiesiintyminen FinnMetkossa\"}]},{\"@type\":\"WebSite\",\"@id\":\"https:\/\/mahlers.se\/fi\/#website\",\"url\":\"https:\/\/mahlers.se\/fi\/\",\"name\":\"M\u00e4hlers\",\"description\":\"F\u00f6r effektivare sn\u00f6r\u00f6jning och v\u00e4gunderh\u00e5ll\",\"publisher\":{\"@id\":\"https:\/\/mahlers.se\/fi\/#organization\"},\"potentialAction\":[{\"@type\":\"SearchAction\",\"target\":{\"@type\":\"EntryPoint\",\"urlTemplate\":\"https:\/\/mahlers.se\/fi\/?s={search_term_string}\"},\"query-input\":{\"@type\":\"PropertyValueSpecification\",\"valueRequired\":true,\"valueName\":\"search_term_string\"}}],\"inLanguage\":\"fi\"},{\"@type\":\"Organization\",\"@id\":\"https:\/\/mahlers.se\/fi\/#organization\",\"name\":\"M\u00e4hlers\",\"url\":\"https:\/\/mahlers.se\/fi\/\",\"logo\":{\"@type\":\"ImageObject\",\"inLanguage\":\"fi\",\"@id\":\"https:\/\/mahlers.se\/fi\/#\/schema\/logo\/image\/\",\"url\":\"https:\/\/mahlers.se\/wp-content\/uploads\/2021\/06\/Mahlers-logo-ned-wordonly.png\",\"contentUrl\":\"https:\/\/mahlers.se\/wp-content\/uploads\/2021\/06\/Mahlers-logo-ned-wordonly.png\",\"width\":1026,\"height\":186,\"caption\":\"M\u00e4hlers\"},\"image\":{\"@id\":\"https:\/\/mahlers.se\/fi\/#\/schema\/logo\/image\/\"}},{\"@type\":\"Person\",\"@id\":\"https:\/\/mahlers.se\/fi\/#\/schema\/person\/aec9adeefff3a94aec47db6d12cb56c0\",\"name\":\"Sten Str\u00f6mgren\",\"image\":{\"@type\":\"ImageObject\",\"inLanguage\":\"fi\",\"@id\":\"https:\/\/secure.gravatar.com\/avatar\/3e0ee567f00ea671aa6b2195a0744de5005cb564dea599543636be3fee4498a6?s=96&d=mm&r=g\",\"url\":\"https:\/\/secure.gravatar.com\/avatar\/3e0ee567f00ea671aa6b2195a0744de5005cb564dea599543636be3fee4498a6?s=96&d=mm&r=g\",\"contentUrl\":\"https:\/\/secure.gravatar.com\/avatar\/3e0ee567f00ea671aa6b2195a0744de5005cb564dea599543636be3fee4498a6?s=96&d=mm&r=g\",\"caption\":\"Sten Str\u00f6mgren\"},\"url\":\"https:\/\/mahlers.se\/fi\/author\/sten\/\"}]}<\/script>\n<!-- \/ Yoast SEO plugin. -->","yoast_head_json":{"title":"M\u00e4hlers Finland - ensiesiintyminen FinnMetkossa - M\u00e4hlers","robots":{"index":"index","follow":"follow","max-snippet":"max-snippet:-1","max-image-preview":"max-image-preview:large","max-video-preview":"max-video-preview:-1"},"canonical":"https:\/\/mahlers.se\/fi\/2024\/09\/03\/mahlers-finland-ensiesiintyminen-finnmetkossa\/","og_locale":"fi_FI","og_type":"article","og_title":"M\u00e4hlers Finland - ensiesiintyminen FinnMetkossa - M\u00e4hlers","og_description":"M\u00e4hlers Finland &#8211; ensiesiintyminen FinnMetkossa Suomalaisille aura- ja tienhoitomarkkinoille tulee uutta v\u00e4ri\u00e4 ja vaihtoehtoja, kun M\u00e4hlers Finland aloitti toimintansa organisoinnin kes\u00e4ll\u00e4. Yrityst\u00e4 vet\u00e4\u00e4 Jani Timoniemi, joka omaa alalta sek\u00e4 omakohtaista aurausurakointikokemusta, ett\u00e4 muun merkkisten auravarusteiden myynti- ja markkinointitaustaa. Monet aurauksen ja tienhoidon piiriss\u00e4 toimivat tuntevat Janin hyvin. K\u00e4vij\u00f6iden mielenkiinnon her\u00e4tti luonnollisesti kirkkaan v\u00e4riset uudet aurat, [&hellip;]","og_url":"https:\/\/mahlers.se\/fi\/2024\/09\/03\/mahlers-finland-ensiesiintyminen-finnmetkossa\/","og_site_name":"M\u00e4hlers","article_published_time":"2024-09-03T12:09:05+00:00","article_modified_time":"2024-09-03T12:13:05+00:00","og_image":[{"width":2560,"height":1526,"url":"https:\/\/mahlers.se\/wp-content\/uploads\/2024\/09\/Mahlers-auraosasto1-blur-scaled.jpg","type":"image\/jpeg"}],"author":"Sten Str\u00f6mgren","twitter_card":"summary_large_image","twitter_misc":{"Kirjoittanut":"Sten Str\u00f6mgren","Arvioitu lukuaika":"2 minuuttia"},"schema":{"@context":"https:\/\/schema.org","@graph":[{"@type":"Article","@id":"https:\/\/mahlers.se\/fi\/2024\/09\/03\/mahlers-finland-ensiesiintyminen-finnmetkossa\/#article","isPartOf":{"@id":"https:\/\/mahlers.se\/fi\/2024\/09\/03\/mahlers-finland-ensiesiintyminen-finnmetkossa\/"},"author":{"name":"Sten Str\u00f6mgren","@id":"https:\/\/mahlers.se\/fi\/#\/schema\/person\/aec9adeefff3a94aec47db6d12cb56c0"},"headline":"M\u00e4hlers Finland &#8211; ensiesiintyminen FinnMetkossa","datePublished":"2024-09-03T12:09:05+00:00","dateModified":"2024-09-03T12:13:05+00:00","mainEntityOfPage":{"@id":"https:\/\/mahlers.se\/fi\/2024\/09\/03\/mahlers-finland-ensiesiintyminen-finnmetkossa\/"},"wordCount":194,"publisher":{"@id":"https:\/\/mahlers.se\/fi\/#organization"},"image":{"@id":"https:\/\/mahlers.se\/fi\/2024\/09\/03\/mahlers-finland-ensiesiintyminen-finnmetkossa\/#primaryimage"},"thumbnailUrl":"https:\/\/mahlers.se\/wp-content\/uploads\/2024\/09\/Mahlers-auraosasto1-blur-scaled.jpg","articleSection":["Okategoriserad"],"inLanguage":"fi"},{"@type":"WebPage","@id":"https:\/\/mahlers.se\/fi\/2024\/09\/03\/mahlers-finland-ensiesiintyminen-finnmetkossa\/","url":"https:\/\/mahlers.se\/fi\/2024\/09\/03\/mahlers-finland-ensiesiintyminen-finnmetkossa\/","name":"M\u00e4hlers Finland - ensiesiintyminen FinnMetkossa - M\u00e4hlers","isPartOf":{"@id":"https:\/\/mahlers.se\/fi\/#website"},"primaryImageOfPage":{"@id":"https:\/\/mahlers.se\/fi\/2024\/09\/03\/mahlers-finland-ensiesiintyminen-finnmetkossa\/#primaryimage"},"image":{"@id":"https:\/\/mahlers.se\/fi\/2024\/09\/03\/mahlers-finland-ensiesiintyminen-finnmetkossa\/#primaryimage"},"thumbnailUrl":"https:\/\/mahlers.se\/wp-content\/uploads\/2024\/09\/Mahlers-auraosasto1-blur-scaled.jpg","datePublished":"2024-09-03T12:09:05+00:00","dateModified":"2024-09-03T12:13:05+00:00","breadcrumb":{"@id":"https:\/\/mahlers.se\/fi\/2024\/09\/03\/mahlers-finland-ensiesiintyminen-finnmetkossa\/#breadcrumb"},"inLanguage":"fi","potentialAction":[{"@type":"ReadAction","target":["https:\/\/mahlers.se\/fi\/2024\/09\/03\/mahlers-finland-ensiesiintyminen-finnmetkossa\/"]}]},{"@type":"ImageObject","inLanguage":"fi","@id":"https:\/\/mahlers.se\/fi\/2024\/09\/03\/mahlers-finland-ensiesiintyminen-finnmetkossa\/#primaryimage","url":"https:\/\/mahlers.se\/wp-content\/uploads\/2024\/09\/Mahlers-auraosasto1-blur-scaled.jpg","contentUrl":"https:\/\/mahlers.se\/wp-content\/uploads\/2024\/09\/Mahlers-auraosasto1-blur-scaled.jpg","width":2560,"height":1526,"caption":"Screenshot"},{"@type":"BreadcrumbList","@id":"https:\/\/mahlers.se\/fi\/2024\/09\/03\/mahlers-finland-ensiesiintyminen-finnmetkossa\/#breadcrumb","itemListElement":[{"@type":"ListItem","position":1,"name":"Hem","item":"https:\/\/mahlers.se\/fi\/"},{"@type":"ListItem","position":2,"name":"M\u00e4hlers Finland &#8211; ensiesiintyminen FinnMetkossa"}]},{"@type":"WebSite","@id":"https:\/\/mahlers.se\/fi\/#website","url":"https:\/\/mahlers.se\/fi\/","name":"M\u00e4hlers","description":"F\u00f6r effektivare sn\u00f6r\u00f6jning och v\u00e4gunderh\u00e5ll","publisher":{"@id":"https:\/\/mahlers.se\/fi\/#organization"},"potentialAction":[{"@type":"SearchAction","target":{"@type":"EntryPoint","urlTemplate":"https:\/\/mahlers.se\/fi\/?s={search_term_string}"},"query-input":{"@type":"PropertyValueSpecification","valueRequired":true,"valueName":"search_term_string"}}],"inLanguage":"fi"},{"@type":"Organization","@id":"https:\/\/mahlers.se\/fi\/#organization","name":"M\u00e4hlers","url":"https:\/\/mahlers.se\/fi\/","logo":{"@type":"ImageObject","inLanguage":"fi","@id":"https:\/\/mahlers.se\/fi\/#\/schema\/logo\/image\/","url":"https:\/\/mahlers.se\/wp-content\/uploads\/2021\/06\/Mahlers-logo-ned-wordonly.png","contentUrl":"https:\/\/mahlers.se\/wp-content\/uploads\/2021\/06\/Mahlers-logo-ned-wordonly.png","width":1026,"height":186,"caption":"M\u00e4hlers"},"image":{"@id":"https:\/\/mahlers.se\/fi\/#\/schema\/logo\/image\/"}},{"@type":"Person","@id":"https:\/\/mahlers.se\/fi\/#\/schema\/person\/aec9adeefff3a94aec47db6d12cb56c0","name":"Sten Str\u00f6mgren","image":{"@type":"ImageObject","inLanguage":"fi","@id":"https:\/\/secure.gravatar.com\/avatar\/3e0ee567f00ea671aa6b2195a0744de5005cb564dea599543636be3fee4498a6?s=96&d=mm&r=g","url":"https:\/\/secure.gravatar.com\/avatar\/3e0ee567f00ea671aa6b2195a0744de5005cb564dea599543636be3fee4498a6?s=96&d=mm&r=g","contentUrl":"https:\/\/secure.gravatar.com\/avatar\/3e0ee567f00ea671aa6b2195a0744de5005cb564dea599543636be3fee4498a6?s=96&d=mm&r=g","caption":"Sten Str\u00f6mgren"},"url":"https:\/\/mahlers.se\/fi\/author\/sten\/"}]}},"_links":{"self":[{"href":"https:\/\/mahlers.se\/fi\/wp-json\/wp\/v2\/posts\/11378","targetHints":{"allow":["GET"]}}],"collection":[{"href":"https:\/\/mahlers.se\/fi\/wp-json\/wp\/v2\/posts"}],"about":[{"href":"https:\/\/mahlers.se\/fi\/wp-json\/wp\/v2\/types\/post"}],"author":[{"embeddable":true,"href":"https:\/\/mahlers.se\/fi\/wp-json\/wp\/v2\/users\/6"}],"replies":[{"embeddable":true,"href":"https:\/\/mahlers.se\/fi\/wp-json\/wp\/v2\/comments?post=11378"}],"version-history":[{"count":2,"href":"https:\/\/mahlers.se\/fi\/wp-json\/wp\/v2\/posts\/11378\/revisions"}],"predecessor-version":[{"id":11384,"href":"https:\/\/mahlers.se\/fi\/wp-json\/wp\/v2\/posts\/11378\/revisions\/11384"}],"wp:featuredmedia":[{"embeddable":true,"href":"https:\/\/mahlers.se\/fi\/wp-json\/wp\/v2\/media\/11380"}],"wp:attachment":[{"href":"https:\/\/mahlers.se\/fi\/wp-json\/wp\/v2\/media?parent=11378"}],"wp:term":[{"taxonomy":"category","embeddable":true,"href":"https:\/\/mahlers.se\/fi\/wp-json\/wp\/v2\/categories?post=11378"},{"taxonomy":"post_tag","embeddable":true,"href":"https:\/\/mahlers.se\/fi\/wp-json\/wp\/v2\/tags?post=11378"}],"curies":[{"name":"wp","href":"https:\/\/api.w.org\/{rel}","templated":true}]}}