{"id":3533,"date":"2020-10-29T12:00:23","date_gmt":"2020-10-29T11:00:23","guid":{"rendered":"https:\/\/mahlers.a.vaia.cloud\/2020\/10\/29\/mahlers-equips-swedens-first-komatsu-road-grader\/"},"modified":"2021-09-30T10:44:52","modified_gmt":"2021-09-30T08:44:52","slug":"mahlers-equips-swedens-first-komatsu-road-grader","status":"publish","type":"post","link":"https:\/\/mahlers.se\/en\/2020\/10\/29\/mahlers-equips-swedens-first-komatsu-road-grader\/","title":{"rendered":"M\u00e4hlers equips Sweden\u2019s first Komatsu road grader"},"content":{"rendered":"\t\t<div data-elementor-type=\"wp-post\" data-elementor-id=\"3533\" class=\"elementor elementor-3533 elementor-1462\" data-elementor-post-type=\"post\">\n\t\t\t\t\t\t<section class=\"elementor-section elementor-top-section elementor-element elementor-element-921a9d2 elementor-section-full_width elementor-section-height-default elementor-section-height-default\" data-id=\"921a9d2\" data-element_type=\"section\" data-e-type=\"section\">\n\t\t\t\t\t\t<div class=\"elementor-container elementor-column-gap-default\">\n\t\t\t\t\t<div class=\"elementor-column elementor-col-100 elementor-top-column elementor-element elementor-element-bfb9319\" data-id=\"bfb9319\" data-element_type=\"column\" data-e-type=\"column\">\n\t\t\t<div class=\"elementor-widget-wrap\">\n\t\t\t\t\t\t\t<\/div>\n\t\t<\/div>\n\t\t\t\t\t<\/div>\n\t\t<\/section>\n\t\t\t\t<section class=\"elementor-section elementor-top-section elementor-element elementor-element-1f2a615 elementor-section-boxed elementor-section-height-default elementor-section-height-default\" data-id=\"1f2a615\" data-element_type=\"section\" data-e-type=\"section\">\n\t\t\t\t\t\t<div class=\"elementor-container elementor-column-gap-default\">\n\t\t\t\t\t<div class=\"elementor-column elementor-col-100 elementor-top-column elementor-element elementor-element-eab0435\" data-id=\"eab0435\" data-element_type=\"column\" data-e-type=\"column\">\n\t\t\t<div class=\"elementor-widget-wrap elementor-element-populated\">\n\t\t\t\t\t\t<div class=\"elementor-element elementor-element-9c8ee0d elementor-widget elementor-widget-spacer\" data-id=\"9c8ee0d\" data-element_type=\"widget\" data-e-type=\"widget\" data-widget_type=\"spacer.default\">\n\t\t\t\t<div class=\"elementor-widget-container\">\n\t\t\t\t\t\t\t<div class=\"elementor-spacer\">\n\t\t\t<div class=\"elementor-spacer-inner\"><\/div>\n\t\t<\/div>\n\t\t\t\t\t\t<\/div>\n\t\t\t\t<\/div>\n\t\t\t\t\t<\/div>\n\t\t<\/div>\n\t\t\t\t\t<\/div>\n\t\t<\/section>\n\t\t\t\t<section class=\"elementor-section elementor-top-section elementor-element elementor-element-5e19056d elementor-section-boxed elementor-section-height-default elementor-section-height-default\" data-id=\"5e19056d\" data-element_type=\"section\" data-e-type=\"section\">\n\t\t\t\t\t\t<div class=\"elementor-container elementor-column-gap-default\">\n\t\t\t\t\t<div class=\"elementor-column elementor-col-100 elementor-top-column elementor-element elementor-element-57176a75\" data-id=\"57176a75\" data-element_type=\"column\" data-e-type=\"column\">\n\t\t\t<div class=\"elementor-widget-wrap elementor-element-populated\">\n\t\t\t\t\t\t<div class=\"elementor-element elementor-element-62650b9 elementor-widget elementor-widget-image\" data-id=\"62650b9\" data-element_type=\"widget\" data-e-type=\"widget\" data-widget_type=\"image.default\">\n\t\t\t\t<div class=\"elementor-widget-container\">\n\t\t\t\t\t\t\t\t\t\t\t\t\t\t\t<img fetchpriority=\"high\" decoding=\"async\" width=\"1536\" height=\"1024\" src=\"https:\/\/mahlers.se\/wp-content\/uploads\/2020\/10\/DSC03418_low-1536x1024.jpg\" class=\"attachment-1536x1536 size-1536x1536 wp-image-1466\" alt=\"\" srcset=\"https:\/\/mahlers.se\/wp-content\/uploads\/2020\/10\/DSC03418_low-1536x1024.jpg 1536w, https:\/\/mahlers.se\/wp-content\/uploads\/2020\/10\/DSC03418_low-300x200.jpg 300w, https:\/\/mahlers.se\/wp-content\/uploads\/2020\/10\/DSC03418_low-1024x683.jpg 1024w, https:\/\/mahlers.se\/wp-content\/uploads\/2020\/10\/DSC03418_low-768x512.jpg 768w, https:\/\/mahlers.se\/wp-content\/uploads\/2020\/10\/DSC03418_low-2048x1365.jpg 2048w, https:\/\/mahlers.se\/wp-content\/uploads\/2020\/10\/DSC03418_low-2000x1333.jpg 2000w\" sizes=\"(max-width: 1536px) 100vw, 1536px\" \/>\t\t\t\t\t\t\t\t\t\t\t\t\t\t\t<\/div>\n\t\t\t\t<\/div>\n\t\t\t\t\t<\/div>\n\t\t<\/div>\n\t\t\t\t\t<\/div>\n\t\t<\/section>\n\t\t\t\t<section class=\"elementor-section elementor-top-section elementor-element elementor-element-56166914 elementor-section-boxed elementor-section-height-default elementor-section-height-default\" data-id=\"56166914\" data-element_type=\"section\" data-e-type=\"section\">\n\t\t\t\t\t\t<div class=\"elementor-container elementor-column-gap-default\">\n\t\t\t\t\t<div class=\"elementor-column elementor-col-100 elementor-top-column elementor-element elementor-element-5f243ae8\" data-id=\"5f243ae8\" data-element_type=\"column\" data-e-type=\"column\">\n\t\t\t<div class=\"elementor-widget-wrap elementor-element-populated\">\n\t\t\t\t\t\t<div class=\"elementor-element elementor-element-5fa5989a elementor-widget elementor-widget-heading\" data-id=\"5fa5989a\" data-element_type=\"widget\" data-e-type=\"widget\" data-widget_type=\"heading.default\">\n\t\t\t\t<div class=\"elementor-widget-container\">\n\t\t\t\t\t<h1 class=\"elementor-heading-title elementor-size-default\">M\u00e4hlers equips Sweden\u2019s first Komatsu road grader<\/h1>\t\t\t\t<\/div>\n\t\t\t\t<\/div>\n\t\t\t\t\t<\/div>\n\t\t<\/div>\n\t\t\t\t\t<\/div>\n\t\t<\/section>\n\t\t\t\t<section class=\"elementor-section elementor-top-section elementor-element elementor-element-2479c1c2 elementor-section-boxed elementor-section-height-default elementor-section-height-default\" data-id=\"2479c1c2\" data-element_type=\"section\" data-e-type=\"section\">\n\t\t\t\t\t\t<div class=\"elementor-container elementor-column-gap-default\">\n\t\t\t\t\t<div class=\"elementor-column elementor-col-50 elementor-top-column elementor-element elementor-element-363e2d30\" data-id=\"363e2d30\" data-element_type=\"column\" data-e-type=\"column\">\n\t\t\t<div class=\"elementor-widget-wrap elementor-element-populated\">\n\t\t\t\t\t\t<div class=\"elementor-element elementor-element-1c946510 elementor-widget elementor-widget-text-editor\" data-id=\"1c946510\" data-element_type=\"widget\" data-e-type=\"widget\" data-widget_type=\"text-editor.default\">\n\t\t\t\t<div class=\"elementor-widget-container\">\n\t\t\t\t\t\t\t\t\t<p><strong>\u2013 unique solution very well received: \u201cExceeded all my expectations\u201d<\/p>\n<p>When Sweden\u2019s first Komatsu road grader, the brand new GD675-7, was to be adapted to Nordic conditions, M\u00e4hlers was selected to carry out the work.<\/strong><\/p>\n<p>\u2013 unique solution very well received: \u201cExceeded all my expectations\u201d When Sweden\u2019s first Komatsu road grader, the brand new GD675-7, was to be adapted to Nordic conditions, M\u00e4hlers was selected to carry out the work.<\/p>\n<p>The new GD675-7 road grader has been equipped with unique, specially made attachment points for side ploughs, snow guards and gravel spreaders \u2013 adapted for all kinds of construction and road maintenance work all year round. CD Entreprenad\u2019s new road grader has been fully operational in northern Dalarna since February.<\/p>\n<p>\u201cThe fit and dimensions of the products were just two of the reasons why M\u00e4hlers was the obvious choice for us when it came to adapting the road grader to Nordic conditions. The team in Ross\u00f6n are responsive and service-oriented, while the products always fit, work in all weathers and are made to last,\u201d says Christer Dalmans, CEO and founder of CD Entreprenad.<\/p>\n<p><strong>Collaboration behind the unique Swedish-Japanese road grader<\/strong><br \/>\nWhen CD Entreprenad in Malung ordered its new road grader, development work was initiated alongside M\u00e4hlers and the Komatsu importer, S\u00f6derberg &#038; Haak.<\/p>\n<p>The aim was to equip it to cope with Nordic conditions. In addition to LED lamps, engine heater and front blade, M\u00e4hlers\u2019 custom-made side wing, snow and gravel guards and<\/p>\n<p>gravel spreader were also installed. The completed and operational road grader is now fully equipped for all kinds of construction and road maintenance jobs, both in summer and winter.<\/p>\n<p>\u201cWe are incredibly proud to have been involved in this unique road grader. The collaboration with CD Entreprenad and S\u00f6derberg &#038; Haak has been a great success. The Komatsu is genuinely ready to deal with every possible situation,\u201d says Ingemar Nyberg, CEO of M\u00e4hlers.<\/p>\n<p>CD Entreprenad\u2019s new Komatsu has also had the opportunity to show its hand working in and around Malung and S\u00e4len in Dalarna, and Christer Dalmans sums up the purchase of the new road grader as a success.<\/p>\n<p>\u201cWe have already completed some 850 hours of work with the Komatsu, and so far it is exceeding all our expectations. This is true both when it comes to winter grading with M\u00e4hlers\u2019 wing and snow guard, as well as work on gravel roads with M\u00e4hlers\u2019 gravel spreader,\u201d says Christer Dalmans.<\/p>\n<p>Ingemar Nyberg also sums up the collaboration between machine supplier, customer and M\u00e4hlers as a success.<\/p>\n<p>\u201cThis type of interaction is one of the things that makes M\u00e4hlers special. Collaboration is key when it comes to achieving the best end result and a satisfied end customer, regardless of the machine brand,\u201d considers Ingemar Nyberg.<\/p>\n\t\t\t\t\t\t\t\t<\/div>\n\t\t\t\t<\/div>\n\t\t\t\t<div class=\"elementor-element elementor-element-2fd71e6 elementor-widget elementor-widget-video\" data-id=\"2fd71e6\" data-element_type=\"widget\" data-e-type=\"widget\" data-settings=\"{&quot;youtube_url&quot;:&quot;https:\\\/\\\/www.youtube.com\\\/watch?v=Ye2Y7XGtmpo&amp;ab_channel=MahlersOnline&quot;,&quot;video_type&quot;:&quot;youtube&quot;,&quot;controls&quot;:&quot;yes&quot;}\" data-widget_type=\"video.default\">\n\t\t\t\t<div class=\"elementor-widget-container\">\n\t\t\t\t\t\t\t<div class=\"elementor-wrapper elementor-open-inline\">\n\t\t\t<div class=\"elementor-video\"><\/div>\t\t<\/div>\n\t\t\t\t\t\t<\/div>\n\t\t\t\t<\/div>\n\t\t\t\t\t<\/div>\n\t\t<\/div>\n\t\t\t\t<div class=\"elementor-column elementor-col-50 elementor-top-column elementor-element elementor-element-60ed9303\" data-id=\"60ed9303\" data-element_type=\"column\" data-e-type=\"column\">\n\t\t\t<div class=\"elementor-widget-wrap\">\n\t\t\t\t\t\t\t<\/div>\n\t\t<\/div>\n\t\t\t\t\t<\/div>\n\t\t<\/section>\n\t\t\t\t<section class=\"elementor-section elementor-top-section elementor-element elementor-element-3d8b350c elementor-section-boxed elementor-section-height-default elementor-section-height-default\" data-id=\"3d8b350c\" data-element_type=\"section\" data-e-type=\"section\">\n\t\t\t\t\t\t<div class=\"elementor-container elementor-column-gap-default\">\n\t\t\t\t\t<div class=\"elementor-column elementor-col-100 elementor-top-column elementor-element elementor-element-5c6fe496\" data-id=\"5c6fe496\" data-element_type=\"column\" data-e-type=\"column\">\n\t\t\t<div class=\"elementor-widget-wrap elementor-element-populated\">\n\t\t\t\t\t\t<div class=\"elementor-element elementor-element-67197577 elementor-widget elementor-widget-spacer\" data-id=\"67197577\" data-element_type=\"widget\" data-e-type=\"widget\" data-widget_type=\"spacer.default\">\n\t\t\t\t<div class=\"elementor-widget-container\">\n\t\t\t\t\t\t\t<div class=\"elementor-spacer\">\n\t\t\t<div class=\"elementor-spacer-inner\"><\/div>\n\t\t<\/div>\n\t\t\t\t\t\t<\/div>\n\t\t\t\t<\/div>\n\t\t\t\t\t<\/div>\n\t\t<\/div>\n\t\t\t\t\t<\/div>\n\t\t<\/section>\n\t\t\t\t<\/div>\n\t\t","protected":false},"excerpt":{"rendered":"<p>M\u00e4hlers equips Sweden\u2019s first Komatsu road grader \u2013 unique solution very well received: \u201cExceeded all my expectations\u201d When Sweden\u2019s first Komatsu road grader, the brand new GD675-7, was to be adapted to Nordic conditions, M\u00e4hlers was selected to carry out the work. \u2013 unique solution very well received: \u201cExceeded all my expectations\u201d When Sweden\u2019s first [&hellip;]<\/p>\n","protected":false},"author":2,"featured_media":1466,"comment_status":"closed","ping_status":"open","sticky":false,"template":"","format":"standard","meta":{"_acf_changed":false,"footnotes":""},"categories":[22],"tags":[],"class_list":["post-3533","post","type-post","status-publish","format-standard","has-post-thumbnail","hentry","category-uncategorized"],"acf":[],"yoast_head":"<!-- This site is optimized with the Yoast SEO plugin v27.2 - https:\/\/yoast.com\/product\/yoast-seo-wordpress\/ -->\n<title>M\u00e4hlers equips Sweden\u2019s first Komatsu road grader - M\u00e4hlers<\/title>\n<meta name=\"robots\" content=\"index, follow, max-snippet:-1, max-image-preview:large, max-video-preview:-1\" \/>\n<link rel=\"canonical\" href=\"https:\/\/mahlers.se\/en\/2020\/10\/29\/mahlers-equips-swedens-first-komatsu-road-grader\/\" \/>\n<meta property=\"og:locale\" content=\"en_US\" \/>\n<meta property=\"og:type\" content=\"article\" \/>\n<meta property=\"og:title\" content=\"M\u00e4hlers equips Sweden\u2019s first Komatsu road grader - M\u00e4hlers\" \/>\n<meta property=\"og:description\" content=\"M\u00e4hlers equips Sweden\u2019s first Komatsu road grader \u2013 unique solution very well received: \u201cExceeded all my expectations\u201d When Sweden\u2019s first Komatsu road grader, the brand new GD675-7, was to be adapted to Nordic conditions, M\u00e4hlers was selected to carry out the work. \u2013 unique solution very well received: \u201cExceeded all my expectations\u201d When Sweden\u2019s first [&hellip;]\" \/>\n<meta property=\"og:url\" content=\"https:\/\/mahlers.se\/en\/2020\/10\/29\/mahlers-equips-swedens-first-komatsu-road-grader\/\" \/>\n<meta property=\"og:site_name\" content=\"M\u00e4hlers\" \/>\n<meta property=\"article:published_time\" content=\"2020-10-29T11:00:23+00:00\" \/>\n<meta property=\"article:modified_time\" content=\"2021-09-30T08:44:52+00:00\" \/>\n<meta property=\"og:image\" content=\"https:\/\/mahlers.se\/wp-content\/uploads\/2020\/10\/DSC03418_low-scaled.jpg\" \/>\n\t<meta property=\"og:image:width\" content=\"2560\" \/>\n\t<meta property=\"og:image:height\" content=\"1707\" \/>\n\t<meta property=\"og:image:type\" content=\"image\/jpeg\" \/>\n<meta name=\"author\" content=\"philip\" \/>\n<meta name=\"twitter:card\" content=\"summary_large_image\" \/>\n<meta name=\"twitter:label1\" content=\"Written by\" \/>\n\t<meta name=\"twitter:data1\" content=\"philip\" \/>\n\t<meta name=\"twitter:label2\" content=\"Est. reading time\" \/>\n\t<meta name=\"twitter:data2\" content=\"2 minutes\" \/>\n<script type=\"application\/ld+json\" class=\"yoast-schema-graph\">{\"@context\":\"https:\/\/schema.org\",\"@graph\":[{\"@type\":\"Article\",\"@id\":\"https:\/\/mahlers.se\/en\/2020\/10\/29\/mahlers-equips-swedens-first-komatsu-road-grader\/#article\",\"isPartOf\":{\"@id\":\"https:\/\/mahlers.se\/en\/2020\/10\/29\/mahlers-equips-swedens-first-komatsu-road-grader\/\"},\"author\":{\"name\":\"philip\",\"@id\":\"https:\/\/mahlers.se\/en\/#\/schema\/person\/ca71f2fd841442f766d749f2e3501c52\"},\"headline\":\"M\u00e4hlers equips Sweden\u2019s first Komatsu road grader\",\"datePublished\":\"2020-10-29T11:00:23+00:00\",\"dateModified\":\"2021-09-30T08:44:52+00:00\",\"mainEntityOfPage\":{\"@id\":\"https:\/\/mahlers.se\/en\/2020\/10\/29\/mahlers-equips-swedens-first-komatsu-road-grader\/\"},\"wordCount\":503,\"publisher\":{\"@id\":\"https:\/\/mahlers.se\/en\/#organization\"},\"image\":{\"@id\":\"https:\/\/mahlers.se\/en\/2020\/10\/29\/mahlers-equips-swedens-first-komatsu-road-grader\/#primaryimage\"},\"thumbnailUrl\":\"https:\/\/mahlers.se\/wp-content\/uploads\/2020\/10\/DSC03418_low-scaled.jpg\",\"inLanguage\":\"en-US\"},{\"@type\":\"WebPage\",\"@id\":\"https:\/\/mahlers.se\/en\/2020\/10\/29\/mahlers-equips-swedens-first-komatsu-road-grader\/\",\"url\":\"https:\/\/mahlers.se\/en\/2020\/10\/29\/mahlers-equips-swedens-first-komatsu-road-grader\/\",\"name\":\"M\u00e4hlers equips Sweden\u2019s first Komatsu road grader - M\u00e4hlers\",\"isPartOf\":{\"@id\":\"https:\/\/mahlers.se\/en\/#website\"},\"primaryImageOfPage\":{\"@id\":\"https:\/\/mahlers.se\/en\/2020\/10\/29\/mahlers-equips-swedens-first-komatsu-road-grader\/#primaryimage\"},\"image\":{\"@id\":\"https:\/\/mahlers.se\/en\/2020\/10\/29\/mahlers-equips-swedens-first-komatsu-road-grader\/#primaryimage\"},\"thumbnailUrl\":\"https:\/\/mahlers.se\/wp-content\/uploads\/2020\/10\/DSC03418_low-scaled.jpg\",\"datePublished\":\"2020-10-29T11:00:23+00:00\",\"dateModified\":\"2021-09-30T08:44:52+00:00\",\"breadcrumb\":{\"@id\":\"https:\/\/mahlers.se\/en\/2020\/10\/29\/mahlers-equips-swedens-first-komatsu-road-grader\/#breadcrumb\"},\"inLanguage\":\"en-US\",\"potentialAction\":[{\"@type\":\"ReadAction\",\"target\":[\"https:\/\/mahlers.se\/en\/2020\/10\/29\/mahlers-equips-swedens-first-komatsu-road-grader\/\"]}]},{\"@type\":\"ImageObject\",\"inLanguage\":\"en-US\",\"@id\":\"https:\/\/mahlers.se\/en\/2020\/10\/29\/mahlers-equips-swedens-first-komatsu-road-grader\/#primaryimage\",\"url\":\"https:\/\/mahlers.se\/wp-content\/uploads\/2020\/10\/DSC03418_low-scaled.jpg\",\"contentUrl\":\"https:\/\/mahlers.se\/wp-content\/uploads\/2020\/10\/DSC03418_low-scaled.jpg\",\"width\":2560,\"height\":1707},{\"@type\":\"BreadcrumbList\",\"@id\":\"https:\/\/mahlers.se\/en\/2020\/10\/29\/mahlers-equips-swedens-first-komatsu-road-grader\/#breadcrumb\",\"itemListElement\":[{\"@type\":\"ListItem\",\"position\":1,\"name\":\"Hem\",\"item\":\"https:\/\/mahlers.se\/en\/\"},{\"@type\":\"ListItem\",\"position\":2,\"name\":\"M\u00e4hlers equips Sweden\u2019s first Komatsu road grader\"}]},{\"@type\":\"WebSite\",\"@id\":\"https:\/\/mahlers.se\/en\/#website\",\"url\":\"https:\/\/mahlers.se\/en\/\",\"name\":\"M\u00e4hlers\",\"description\":\"F\u00f6r effektivare sn\u00f6r\u00f6jning och v\u00e4gunderh\u00e5ll\",\"publisher\":{\"@id\":\"https:\/\/mahlers.se\/en\/#organization\"},\"potentialAction\":[{\"@type\":\"SearchAction\",\"target\":{\"@type\":\"EntryPoint\",\"urlTemplate\":\"https:\/\/mahlers.se\/en\/?s={search_term_string}\"},\"query-input\":{\"@type\":\"PropertyValueSpecification\",\"valueRequired\":true,\"valueName\":\"search_term_string\"}}],\"inLanguage\":\"en-US\"},{\"@type\":\"Organization\",\"@id\":\"https:\/\/mahlers.se\/en\/#organization\",\"name\":\"M\u00e4hlers\",\"url\":\"https:\/\/mahlers.se\/en\/\",\"logo\":{\"@type\":\"ImageObject\",\"inLanguage\":\"en-US\",\"@id\":\"https:\/\/mahlers.se\/en\/#\/schema\/logo\/image\/\",\"url\":\"https:\/\/mahlers.se\/wp-content\/uploads\/2021\/06\/Mahlers-logo-ned-wordonly.png\",\"contentUrl\":\"https:\/\/mahlers.se\/wp-content\/uploads\/2021\/06\/Mahlers-logo-ned-wordonly.png\",\"width\":1026,\"height\":186,\"caption\":\"M\u00e4hlers\"},\"image\":{\"@id\":\"https:\/\/mahlers.se\/en\/#\/schema\/logo\/image\/\"}},{\"@type\":\"Person\",\"@id\":\"https:\/\/mahlers.se\/en\/#\/schema\/person\/ca71f2fd841442f766d749f2e3501c52\",\"name\":\"philip\",\"image\":{\"@type\":\"ImageObject\",\"inLanguage\":\"en-US\",\"@id\":\"https:\/\/secure.gravatar.com\/avatar\/04128fa8b7769f4f0e9aa677ed735657e5b92e403f2ae78b6051aad0b5d58efa?s=96&d=mm&r=g\",\"url\":\"https:\/\/secure.gravatar.com\/avatar\/04128fa8b7769f4f0e9aa677ed735657e5b92e403f2ae78b6051aad0b5d58efa?s=96&d=mm&r=g\",\"contentUrl\":\"https:\/\/secure.gravatar.com\/avatar\/04128fa8b7769f4f0e9aa677ed735657e5b92e403f2ae78b6051aad0b5d58efa?s=96&d=mm&r=g\",\"caption\":\"philip\"},\"url\":\"https:\/\/mahlers.se\/en\/author\/philip\/\"}]}<\/script>\n<!-- \/ Yoast SEO plugin. -->","yoast_head_json":{"title":"M\u00e4hlers equips Sweden\u2019s first Komatsu road grader - M\u00e4hlers","robots":{"index":"index","follow":"follow","max-snippet":"max-snippet:-1","max-image-preview":"max-image-preview:large","max-video-preview":"max-video-preview:-1"},"canonical":"https:\/\/mahlers.se\/en\/2020\/10\/29\/mahlers-equips-swedens-first-komatsu-road-grader\/","og_locale":"en_US","og_type":"article","og_title":"M\u00e4hlers equips Sweden\u2019s first Komatsu road grader - M\u00e4hlers","og_description":"M\u00e4hlers equips Sweden\u2019s first Komatsu road grader \u2013 unique solution very well received: \u201cExceeded all my expectations\u201d When Sweden\u2019s first Komatsu road grader, the brand new GD675-7, was to be adapted to Nordic conditions, M\u00e4hlers was selected to carry out the work. \u2013 unique solution very well received: \u201cExceeded all my expectations\u201d When Sweden\u2019s first [&hellip;]","og_url":"https:\/\/mahlers.se\/en\/2020\/10\/29\/mahlers-equips-swedens-first-komatsu-road-grader\/","og_site_name":"M\u00e4hlers","article_published_time":"2020-10-29T11:00:23+00:00","article_modified_time":"2021-09-30T08:44:52+00:00","og_image":[{"width":2560,"height":1707,"url":"https:\/\/mahlers.se\/wp-content\/uploads\/2020\/10\/DSC03418_low-scaled.jpg","type":"image\/jpeg"}],"author":"philip","twitter_card":"summary_large_image","twitter_misc":{"Written by":"philip","Est. reading time":"2 minutes"},"schema":{"@context":"https:\/\/schema.org","@graph":[{"@type":"Article","@id":"https:\/\/mahlers.se\/en\/2020\/10\/29\/mahlers-equips-swedens-first-komatsu-road-grader\/#article","isPartOf":{"@id":"https:\/\/mahlers.se\/en\/2020\/10\/29\/mahlers-equips-swedens-first-komatsu-road-grader\/"},"author":{"name":"philip","@id":"https:\/\/mahlers.se\/en\/#\/schema\/person\/ca71f2fd841442f766d749f2e3501c52"},"headline":"M\u00e4hlers equips Sweden\u2019s first Komatsu road grader","datePublished":"2020-10-29T11:00:23+00:00","dateModified":"2021-09-30T08:44:52+00:00","mainEntityOfPage":{"@id":"https:\/\/mahlers.se\/en\/2020\/10\/29\/mahlers-equips-swedens-first-komatsu-road-grader\/"},"wordCount":503,"publisher":{"@id":"https:\/\/mahlers.se\/en\/#organization"},"image":{"@id":"https:\/\/mahlers.se\/en\/2020\/10\/29\/mahlers-equips-swedens-first-komatsu-road-grader\/#primaryimage"},"thumbnailUrl":"https:\/\/mahlers.se\/wp-content\/uploads\/2020\/10\/DSC03418_low-scaled.jpg","inLanguage":"en-US"},{"@type":"WebPage","@id":"https:\/\/mahlers.se\/en\/2020\/10\/29\/mahlers-equips-swedens-first-komatsu-road-grader\/","url":"https:\/\/mahlers.se\/en\/2020\/10\/29\/mahlers-equips-swedens-first-komatsu-road-grader\/","name":"M\u00e4hlers equips Sweden\u2019s first Komatsu road grader - M\u00e4hlers","isPartOf":{"@id":"https:\/\/mahlers.se\/en\/#website"},"primaryImageOfPage":{"@id":"https:\/\/mahlers.se\/en\/2020\/10\/29\/mahlers-equips-swedens-first-komatsu-road-grader\/#primaryimage"},"image":{"@id":"https:\/\/mahlers.se\/en\/2020\/10\/29\/mahlers-equips-swedens-first-komatsu-road-grader\/#primaryimage"},"thumbnailUrl":"https:\/\/mahlers.se\/wp-content\/uploads\/2020\/10\/DSC03418_low-scaled.jpg","datePublished":"2020-10-29T11:00:23+00:00","dateModified":"2021-09-30T08:44:52+00:00","breadcrumb":{"@id":"https:\/\/mahlers.se\/en\/2020\/10\/29\/mahlers-equips-swedens-first-komatsu-road-grader\/#breadcrumb"},"inLanguage":"en-US","potentialAction":[{"@type":"ReadAction","target":["https:\/\/mahlers.se\/en\/2020\/10\/29\/mahlers-equips-swedens-first-komatsu-road-grader\/"]}]},{"@type":"ImageObject","inLanguage":"en-US","@id":"https:\/\/mahlers.se\/en\/2020\/10\/29\/mahlers-equips-swedens-first-komatsu-road-grader\/#primaryimage","url":"https:\/\/mahlers.se\/wp-content\/uploads\/2020\/10\/DSC03418_low-scaled.jpg","contentUrl":"https:\/\/mahlers.se\/wp-content\/uploads\/2020\/10\/DSC03418_low-scaled.jpg","width":2560,"height":1707},{"@type":"BreadcrumbList","@id":"https:\/\/mahlers.se\/en\/2020\/10\/29\/mahlers-equips-swedens-first-komatsu-road-grader\/#breadcrumb","itemListElement":[{"@type":"ListItem","position":1,"name":"Hem","item":"https:\/\/mahlers.se\/en\/"},{"@type":"ListItem","position":2,"name":"M\u00e4hlers equips Sweden\u2019s first Komatsu road grader"}]},{"@type":"WebSite","@id":"https:\/\/mahlers.se\/en\/#website","url":"https:\/\/mahlers.se\/en\/","name":"M\u00e4hlers","description":"F\u00f6r effektivare sn\u00f6r\u00f6jning och v\u00e4gunderh\u00e5ll","publisher":{"@id":"https:\/\/mahlers.se\/en\/#organization"},"potentialAction":[{"@type":"SearchAction","target":{"@type":"EntryPoint","urlTemplate":"https:\/\/mahlers.se\/en\/?s={search_term_string}"},"query-input":{"@type":"PropertyValueSpecification","valueRequired":true,"valueName":"search_term_string"}}],"inLanguage":"en-US"},{"@type":"Organization","@id":"https:\/\/mahlers.se\/en\/#organization","name":"M\u00e4hlers","url":"https:\/\/mahlers.se\/en\/","logo":{"@type":"ImageObject","inLanguage":"en-US","@id":"https:\/\/mahlers.se\/en\/#\/schema\/logo\/image\/","url":"https:\/\/mahlers.se\/wp-content\/uploads\/2021\/06\/Mahlers-logo-ned-wordonly.png","contentUrl":"https:\/\/mahlers.se\/wp-content\/uploads\/2021\/06\/Mahlers-logo-ned-wordonly.png","width":1026,"height":186,"caption":"M\u00e4hlers"},"image":{"@id":"https:\/\/mahlers.se\/en\/#\/schema\/logo\/image\/"}},{"@type":"Person","@id":"https:\/\/mahlers.se\/en\/#\/schema\/person\/ca71f2fd841442f766d749f2e3501c52","name":"philip","image":{"@type":"ImageObject","inLanguage":"en-US","@id":"https:\/\/secure.gravatar.com\/avatar\/04128fa8b7769f4f0e9aa677ed735657e5b92e403f2ae78b6051aad0b5d58efa?s=96&d=mm&r=g","url":"https:\/\/secure.gravatar.com\/avatar\/04128fa8b7769f4f0e9aa677ed735657e5b92e403f2ae78b6051aad0b5d58efa?s=96&d=mm&r=g","contentUrl":"https:\/\/secure.gravatar.com\/avatar\/04128fa8b7769f4f0e9aa677ed735657e5b92e403f2ae78b6051aad0b5d58efa?s=96&d=mm&r=g","caption":"philip"},"url":"https:\/\/mahlers.se\/en\/author\/philip\/"}]}},"_links":{"self":[{"href":"https:\/\/mahlers.se\/en\/wp-json\/wp\/v2\/posts\/3533","targetHints":{"allow":["GET"]}}],"collection":[{"href":"https:\/\/mahlers.se\/en\/wp-json\/wp\/v2\/posts"}],"about":[{"href":"https:\/\/mahlers.se\/en\/wp-json\/wp\/v2\/types\/post"}],"author":[{"embeddable":true,"href":"https:\/\/mahlers.se\/en\/wp-json\/wp\/v2\/users\/2"}],"replies":[{"embeddable":true,"href":"https:\/\/mahlers.se\/en\/wp-json\/wp\/v2\/comments?post=3533"}],"version-history":[{"count":1,"href":"https:\/\/mahlers.se\/en\/wp-json\/wp\/v2\/posts\/3533\/revisions"}],"predecessor-version":[{"id":3534,"href":"https:\/\/mahlers.se\/en\/wp-json\/wp\/v2\/posts\/3533\/revisions\/3534"}],"wp:featuredmedia":[{"embeddable":true,"href":"https:\/\/mahlers.se\/en\/wp-json\/wp\/v2\/media\/1466"}],"wp:attachment":[{"href":"https:\/\/mahlers.se\/en\/wp-json\/wp\/v2\/media?parent=3533"}],"wp:term":[{"taxonomy":"category","embeddable":true,"href":"https:\/\/mahlers.se\/en\/wp-json\/wp\/v2\/categories?post=3533"},{"taxonomy":"post_tag","embeddable":true,"href":"https:\/\/mahlers.se\/en\/wp-json\/wp\/v2\/tags?post=3533"}],"curies":[{"name":"wp","href":"https:\/\/api.w.org\/{rel}","templated":true}]}}