{"id":3493,"date":"2021-07-05T12:00:22","date_gmt":"2021-07-05T10:00:22","guid":{"rendered":"https:\/\/mahlers.a.vaia.cloud\/2021\/07\/05\/mahlers-shifts-up-a-gear-in-norway-to-meet-the-increased-sales\/"},"modified":"2021-09-29T14:22:07","modified_gmt":"2021-09-29T12:22:07","slug":"mahlers-shifts-up-a-gear-in-norway-to-meet-the-increased-sales","status":"publish","type":"post","link":"https:\/\/mahlers.se\/en\/2021\/07\/05\/mahlers-shifts-up-a-gear-in-norway-to-meet-the-increased-sales\/","title":{"rendered":"M\u00e4hlers shifts up a gear in Norway to meet the increased sales"},"content":{"rendered":"\t\t<div data-elementor-type=\"wp-post\" data-elementor-id=\"3493\" class=\"elementor elementor-3493 elementor-1543\" data-elementor-post-type=\"post\">\n\t\t\t\t\t\t<section class=\"elementor-section elementor-top-section elementor-element elementor-element-5087f3b9 elementor-section-full_width elementor-section-height-default elementor-section-height-default\" data-id=\"5087f3b9\" data-element_type=\"section\" data-e-type=\"section\">\n\t\t\t\t\t\t<div class=\"elementor-container elementor-column-gap-default\">\n\t\t\t\t\t<div class=\"elementor-column elementor-col-100 elementor-top-column elementor-element elementor-element-348276e7\" data-id=\"348276e7\" data-element_type=\"column\" data-e-type=\"column\">\n\t\t\t<div class=\"elementor-widget-wrap\">\n\t\t\t\t\t\t\t<\/div>\n\t\t<\/div>\n\t\t\t\t\t<\/div>\n\t\t<\/section>\n\t\t\t\t<section class=\"elementor-section elementor-top-section elementor-element elementor-element-8a6167c elementor-section-boxed elementor-section-height-default elementor-section-height-default\" data-id=\"8a6167c\" data-element_type=\"section\" data-e-type=\"section\">\n\t\t\t\t\t\t<div class=\"elementor-container elementor-column-gap-default\">\n\t\t\t\t\t<div class=\"elementor-column elementor-col-100 elementor-top-column elementor-element elementor-element-845652\" data-id=\"845652\" data-element_type=\"column\" data-e-type=\"column\">\n\t\t\t<div class=\"elementor-widget-wrap elementor-element-populated\">\n\t\t\t\t\t\t<div class=\"elementor-element elementor-element-10554bdd elementor-widget elementor-widget-spacer\" data-id=\"10554bdd\" data-element_type=\"widget\" data-e-type=\"widget\" data-widget_type=\"spacer.default\">\n\t\t\t\t<div class=\"elementor-widget-container\">\n\t\t\t\t\t\t\t<div class=\"elementor-spacer\">\n\t\t\t<div class=\"elementor-spacer-inner\"><\/div>\n\t\t<\/div>\n\t\t\t\t\t\t<\/div>\n\t\t\t\t<\/div>\n\t\t\t\t\t<\/div>\n\t\t<\/div>\n\t\t\t\t\t<\/div>\n\t\t<\/section>\n\t\t\t\t<section class=\"elementor-section elementor-top-section elementor-element elementor-element-65fca201 elementor-section-boxed elementor-section-height-default elementor-section-height-default\" data-id=\"65fca201\" data-element_type=\"section\" data-e-type=\"section\">\n\t\t\t\t\t\t<div class=\"elementor-container elementor-column-gap-default\">\n\t\t\t\t\t<div class=\"elementor-column elementor-col-50 elementor-top-column elementor-element elementor-element-ff86439\" data-id=\"ff86439\" data-element_type=\"column\" data-e-type=\"column\">\n\t\t\t<div class=\"elementor-widget-wrap elementor-element-populated\">\n\t\t\t\t\t\t<div class=\"elementor-element elementor-element-df884bd elementor-widget elementor-widget-image\" data-id=\"df884bd\" data-element_type=\"widget\" data-e-type=\"widget\" data-widget_type=\"image.default\">\n\t\t\t\t<div class=\"elementor-widget-container\">\n\t\t\t\t\t\t\t\t\t\t\t\t\t\t\t<img fetchpriority=\"high\" decoding=\"async\" width=\"800\" height=\"430\" src=\"https:\/\/mahlers.se\/wp-content\/uploads\/2021\/07\/Ma\u0308hlers_Tor_Olav_och_Markus-1024x550.jpeg\" class=\"attachment-large size-large wp-image-1547\" alt=\"\" srcset=\"https:\/\/mahlers.se\/wp-content\/uploads\/2021\/07\/Ma\u0308hlers_Tor_Olav_och_Markus-1024x550.jpeg 1024w, https:\/\/mahlers.se\/wp-content\/uploads\/2021\/07\/Ma\u0308hlers_Tor_Olav_och_Markus-300x161.jpeg 300w, https:\/\/mahlers.se\/wp-content\/uploads\/2021\/07\/Ma\u0308hlers_Tor_Olav_och_Markus-768x413.jpeg 768w, https:\/\/mahlers.se\/wp-content\/uploads\/2021\/07\/Ma\u0308hlers_Tor_Olav_och_Markus.jpeg 1429w\" sizes=\"(max-width: 800px) 100vw, 800px\" \/>\t\t\t\t\t\t\t\t\t\t\t\t\t\t\t<\/div>\n\t\t\t\t<\/div>\n\t\t\t\t\t<\/div>\n\t\t<\/div>\n\t\t\t\t<div class=\"elementor-column elementor-col-50 elementor-top-column elementor-element elementor-element-77d65720\" data-id=\"77d65720\" data-element_type=\"column\" data-e-type=\"column\">\n\t\t\t<div class=\"elementor-widget-wrap\">\n\t\t\t\t\t\t\t<\/div>\n\t\t<\/div>\n\t\t\t\t\t<\/div>\n\t\t<\/section>\n\t\t\t\t<section class=\"elementor-section elementor-top-section elementor-element elementor-element-bc0973d elementor-section-boxed elementor-section-height-default elementor-section-height-default\" data-id=\"bc0973d\" data-element_type=\"section\" data-e-type=\"section\">\n\t\t\t\t\t\t<div class=\"elementor-container elementor-column-gap-default\">\n\t\t\t\t\t<div class=\"elementor-column elementor-col-50 elementor-top-column elementor-element elementor-element-4a24e65\" data-id=\"4a24e65\" data-element_type=\"column\" data-e-type=\"column\">\n\t\t\t<div class=\"elementor-widget-wrap elementor-element-populated\">\n\t\t\t\t\t\t<div class=\"elementor-element elementor-element-4b56a82 elementor-widget elementor-widget-heading\" data-id=\"4b56a82\" data-element_type=\"widget\" data-e-type=\"widget\" data-widget_type=\"heading.default\">\n\t\t\t\t<div class=\"elementor-widget-container\">\n\t\t\t\t\t<h1 class=\"elementor-heading-title elementor-size-default\">M\u00e4hlers shifts up a gear in Norway to meet the increased sales<\/h1>\t\t\t\t<\/div>\n\t\t\t\t<\/div>\n\t\t\t\t<div class=\"elementor-element elementor-element-924976c elementor-widget elementor-widget-text-editor\" data-id=\"924976c\" data-element_type=\"widget\" data-e-type=\"widget\" data-widget_type=\"text-editor.default\">\n\t\t\t\t<div class=\"elementor-widget-container\">\n\t\t\t\t\t\t\t\t\t<p><strong>M\u00e4hlers Norge AS has had steady growth since the start in 2014 and is now one of the market&#8217;s leading snow plow manufactures. To meet the increased sales and to further increase availability for Sweden&#8217;s most important neighbor, M\u00e4hlers now employs a service technician and a sales manager in Norway.<\/strong><\/p>\n<p>Tor Olav Finnstun is employed as a service technician and he previously worked at Ekspert Maskinutleie AS as a service technician and installer for cranes, rental machines and construction machines.<\/p>\n<p>\u201cWith Tor Olav, we will be able to give our customers in Norway even better service and support\u201d, says Roar Wehn, sales and marketing manager at M\u00e4hlers AS and M\u00e4hlers AB.<\/p>\n<p>Tor Olav will be in contact with M\u00e4hlers and Rasco&#8217;s service points throughout Norway and provide service and support so that the customer&#8217;s equipment is always ready to use.<\/p>\n<p>\u201cI go where it is needed and spare parts are in my service car, at our warehouse in Trondheim, in Sweden and at our service partners. We work to ensure that the customer gets their parts delivered as quickly as possible\u201d, says Tor Olav.<\/p>\n<p>To meet the steadily growing demand, 23-year-old Markus Wehn is strengthening the sales organization and he will be responsible for sales in northern Norway. Markus most recently came from the position as sales manager for office furniture and is now looking forward to being part of M\u00e4hler&#8217;s continued journey in Norway.<\/p>\n<p>\u201dI have had the chance to spend a few weeks on the road with former sales manager in northern Norway, Per Hugo Mikalsen. I feel that we have a very wide and good range of products, but I think that the focus on improvement, development and innovation is very exciting\u201d, says Markus Wehn.<\/p>\n<p>Markus will be based in Trondheim and will mainly be responsible for the Steinkjer-Kirkenes district.<\/p>\n<p>\u201cAvailability is a must for us at M\u00e4hlers, regardless of whether it is about sales or support, as we know how important every minute is for our customers. With the reinforcement of Tor Olav and Markus, we will be able to continue to be the flexible and accessible partner\u201d, concludes Roar Wehn.<\/p>\n\t\t\t\t\t\t\t\t<\/div>\n\t\t\t\t<\/div>\n\t\t\t\t\t<\/div>\n\t\t<\/div>\n\t\t\t\t<div class=\"elementor-column elementor-col-50 elementor-top-column elementor-element elementor-element-4bbe212\" data-id=\"4bbe212\" data-element_type=\"column\" data-e-type=\"column\">\n\t\t\t<div class=\"elementor-widget-wrap\">\n\t\t\t\t\t\t\t<\/div>\n\t\t<\/div>\n\t\t\t\t\t<\/div>\n\t\t<\/section>\n\t\t\t\t<section class=\"elementor-section elementor-top-section elementor-element elementor-element-41047895 elementor-section-boxed elementor-section-height-default elementor-section-height-default\" data-id=\"41047895\" data-element_type=\"section\" data-e-type=\"section\">\n\t\t\t\t\t\t<div class=\"elementor-container elementor-column-gap-default\">\n\t\t\t\t\t<div class=\"elementor-column elementor-col-100 elementor-top-column elementor-element elementor-element-2a7f1c99\" data-id=\"2a7f1c99\" data-element_type=\"column\" data-e-type=\"column\">\n\t\t\t<div class=\"elementor-widget-wrap elementor-element-populated\">\n\t\t\t\t\t\t<div class=\"elementor-element elementor-element-4654304b elementor-widget elementor-widget-spacer\" data-id=\"4654304b\" data-element_type=\"widget\" data-e-type=\"widget\" data-widget_type=\"spacer.default\">\n\t\t\t\t<div class=\"elementor-widget-container\">\n\t\t\t\t\t\t\t<div class=\"elementor-spacer\">\n\t\t\t<div class=\"elementor-spacer-inner\"><\/div>\n\t\t<\/div>\n\t\t\t\t\t\t<\/div>\n\t\t\t\t<\/div>\n\t\t\t\t\t<\/div>\n\t\t<\/div>\n\t\t\t\t\t<\/div>\n\t\t<\/section>\n\t\t\t\t<\/div>\n\t\t","protected":false},"excerpt":{"rendered":"<p>M\u00e4hlers shifts up a gear in Norway to meet the increased sales M\u00e4hlers Norge AS has had steady growth since the start in 2014 and is now one of the market&#8217;s leading snow plow manufactures. To meet the increased sales and to further increase availability for Sweden&#8217;s most important neighbor, M\u00e4hlers now employs a service [&hellip;]<\/p>\n","protected":false},"author":2,"featured_media":0,"comment_status":"closed","ping_status":"open","sticky":false,"template":"","format":"standard","meta":{"_acf_changed":false,"footnotes":""},"categories":[22],"tags":[],"class_list":["post-3493","post","type-post","status-publish","format-standard","hentry","category-uncategorized"],"acf":[],"yoast_head":"<!-- This site is optimized with the Yoast SEO plugin v27.2 - https:\/\/yoast.com\/product\/yoast-seo-wordpress\/ -->\n<title>M\u00e4hlers shifts up a gear in Norway to meet the increased sales - M\u00e4hlers<\/title>\n<meta name=\"robots\" content=\"index, follow, max-snippet:-1, max-image-preview:large, max-video-preview:-1\" \/>\n<link rel=\"canonical\" href=\"https:\/\/mahlers.se\/en\/2021\/07\/05\/mahlers-shifts-up-a-gear-in-norway-to-meet-the-increased-sales\/\" \/>\n<meta property=\"og:locale\" content=\"en_US\" \/>\n<meta property=\"og:type\" content=\"article\" \/>\n<meta property=\"og:title\" content=\"M\u00e4hlers shifts up a gear in Norway to meet the increased sales - M\u00e4hlers\" \/>\n<meta property=\"og:description\" content=\"M\u00e4hlers shifts up a gear in Norway to meet the increased sales M\u00e4hlers Norge AS has had steady growth since the start in 2014 and is now one of the market&#8217;s leading snow plow manufactures. To meet the increased sales and to further increase availability for Sweden&#8217;s most important neighbor, M\u00e4hlers now employs a service [&hellip;]\" \/>\n<meta property=\"og:url\" content=\"https:\/\/mahlers.se\/en\/2021\/07\/05\/mahlers-shifts-up-a-gear-in-norway-to-meet-the-increased-sales\/\" \/>\n<meta property=\"og:site_name\" content=\"M\u00e4hlers\" \/>\n<meta property=\"article:published_time\" content=\"2021-07-05T10:00:22+00:00\" \/>\n<meta property=\"article:modified_time\" content=\"2021-09-29T12:22:07+00:00\" \/>\n<meta property=\"og:image\" content=\"https:\/\/mahlers.se\/wp-content\/uploads\/2021\/07\/Ma\u0308hlers_Tor_Olav_och_Markus-1024x550.jpeg\" \/>\n<meta name=\"author\" content=\"philip\" \/>\n<meta name=\"twitter:card\" content=\"summary_large_image\" \/>\n<meta name=\"twitter:label1\" content=\"Written by\" \/>\n\t<meta name=\"twitter:data1\" content=\"philip\" \/>\n\t<meta name=\"twitter:label2\" content=\"Est. reading time\" \/>\n\t<meta name=\"twitter:data2\" content=\"2 minutes\" \/>\n<script type=\"application\/ld+json\" class=\"yoast-schema-graph\">{\"@context\":\"https:\/\/schema.org\",\"@graph\":[{\"@type\":\"Article\",\"@id\":\"https:\/\/mahlers.se\/en\/2021\/07\/05\/mahlers-shifts-up-a-gear-in-norway-to-meet-the-increased-sales\/#article\",\"isPartOf\":{\"@id\":\"https:\/\/mahlers.se\/en\/2021\/07\/05\/mahlers-shifts-up-a-gear-in-norway-to-meet-the-increased-sales\/\"},\"author\":{\"name\":\"philip\",\"@id\":\"https:\/\/mahlers.se\/en\/#\/schema\/person\/ca71f2fd841442f766d749f2e3501c52\"},\"headline\":\"M\u00e4hlers shifts up a gear in Norway to meet the increased sales\",\"datePublished\":\"2021-07-05T10:00:22+00:00\",\"dateModified\":\"2021-09-29T12:22:07+00:00\",\"mainEntityOfPage\":{\"@id\":\"https:\/\/mahlers.se\/en\/2021\/07\/05\/mahlers-shifts-up-a-gear-in-norway-to-meet-the-increased-sales\/\"},\"wordCount\":392,\"publisher\":{\"@id\":\"https:\/\/mahlers.se\/en\/#organization\"},\"inLanguage\":\"en-US\"},{\"@type\":\"WebPage\",\"@id\":\"https:\/\/mahlers.se\/en\/2021\/07\/05\/mahlers-shifts-up-a-gear-in-norway-to-meet-the-increased-sales\/\",\"url\":\"https:\/\/mahlers.se\/en\/2021\/07\/05\/mahlers-shifts-up-a-gear-in-norway-to-meet-the-increased-sales\/\",\"name\":\"M\u00e4hlers shifts up a gear in Norway to meet the increased sales - M\u00e4hlers\",\"isPartOf\":{\"@id\":\"https:\/\/mahlers.se\/en\/#website\"},\"datePublished\":\"2021-07-05T10:00:22+00:00\",\"dateModified\":\"2021-09-29T12:22:07+00:00\",\"breadcrumb\":{\"@id\":\"https:\/\/mahlers.se\/en\/2021\/07\/05\/mahlers-shifts-up-a-gear-in-norway-to-meet-the-increased-sales\/#breadcrumb\"},\"inLanguage\":\"en-US\",\"potentialAction\":[{\"@type\":\"ReadAction\",\"target\":[\"https:\/\/mahlers.se\/en\/2021\/07\/05\/mahlers-shifts-up-a-gear-in-norway-to-meet-the-increased-sales\/\"]}]},{\"@type\":\"BreadcrumbList\",\"@id\":\"https:\/\/mahlers.se\/en\/2021\/07\/05\/mahlers-shifts-up-a-gear-in-norway-to-meet-the-increased-sales\/#breadcrumb\",\"itemListElement\":[{\"@type\":\"ListItem\",\"position\":1,\"name\":\"Hem\",\"item\":\"https:\/\/mahlers.se\/en\/\"},{\"@type\":\"ListItem\",\"position\":2,\"name\":\"M\u00e4hlers shifts up a gear in Norway to meet the increased sales\"}]},{\"@type\":\"WebSite\",\"@id\":\"https:\/\/mahlers.se\/en\/#website\",\"url\":\"https:\/\/mahlers.se\/en\/\",\"name\":\"M\u00e4hlers\",\"description\":\"F\u00f6r effektivare sn\u00f6r\u00f6jning och v\u00e4gunderh\u00e5ll\",\"publisher\":{\"@id\":\"https:\/\/mahlers.se\/en\/#organization\"},\"potentialAction\":[{\"@type\":\"SearchAction\",\"target\":{\"@type\":\"EntryPoint\",\"urlTemplate\":\"https:\/\/mahlers.se\/en\/?s={search_term_string}\"},\"query-input\":{\"@type\":\"PropertyValueSpecification\",\"valueRequired\":true,\"valueName\":\"search_term_string\"}}],\"inLanguage\":\"en-US\"},{\"@type\":\"Organization\",\"@id\":\"https:\/\/mahlers.se\/en\/#organization\",\"name\":\"M\u00e4hlers\",\"url\":\"https:\/\/mahlers.se\/en\/\",\"logo\":{\"@type\":\"ImageObject\",\"inLanguage\":\"en-US\",\"@id\":\"https:\/\/mahlers.se\/en\/#\/schema\/logo\/image\/\",\"url\":\"https:\/\/mahlers.se\/wp-content\/uploads\/2021\/06\/Mahlers-logo-ned-wordonly.png\",\"contentUrl\":\"https:\/\/mahlers.se\/wp-content\/uploads\/2021\/06\/Mahlers-logo-ned-wordonly.png\",\"width\":1026,\"height\":186,\"caption\":\"M\u00e4hlers\"},\"image\":{\"@id\":\"https:\/\/mahlers.se\/en\/#\/schema\/logo\/image\/\"}},{\"@type\":\"Person\",\"@id\":\"https:\/\/mahlers.se\/en\/#\/schema\/person\/ca71f2fd841442f766d749f2e3501c52\",\"name\":\"philip\",\"image\":{\"@type\":\"ImageObject\",\"inLanguage\":\"en-US\",\"@id\":\"https:\/\/secure.gravatar.com\/avatar\/04128fa8b7769f4f0e9aa677ed735657e5b92e403f2ae78b6051aad0b5d58efa?s=96&d=mm&r=g\",\"url\":\"https:\/\/secure.gravatar.com\/avatar\/04128fa8b7769f4f0e9aa677ed735657e5b92e403f2ae78b6051aad0b5d58efa?s=96&d=mm&r=g\",\"contentUrl\":\"https:\/\/secure.gravatar.com\/avatar\/04128fa8b7769f4f0e9aa677ed735657e5b92e403f2ae78b6051aad0b5d58efa?s=96&d=mm&r=g\",\"caption\":\"philip\"},\"url\":\"https:\/\/mahlers.se\/en\/author\/philip\/\"}]}<\/script>\n<!-- \/ Yoast SEO plugin. -->","yoast_head_json":{"title":"M\u00e4hlers shifts up a gear in Norway to meet the increased sales - M\u00e4hlers","robots":{"index":"index","follow":"follow","max-snippet":"max-snippet:-1","max-image-preview":"max-image-preview:large","max-video-preview":"max-video-preview:-1"},"canonical":"https:\/\/mahlers.se\/en\/2021\/07\/05\/mahlers-shifts-up-a-gear-in-norway-to-meet-the-increased-sales\/","og_locale":"en_US","og_type":"article","og_title":"M\u00e4hlers shifts up a gear in Norway to meet the increased sales - M\u00e4hlers","og_description":"M\u00e4hlers shifts up a gear in Norway to meet the increased sales M\u00e4hlers Norge AS has had steady growth since the start in 2014 and is now one of the market&#8217;s leading snow plow manufactures. To meet the increased sales and to further increase availability for Sweden&#8217;s most important neighbor, M\u00e4hlers now employs a service [&hellip;]","og_url":"https:\/\/mahlers.se\/en\/2021\/07\/05\/mahlers-shifts-up-a-gear-in-norway-to-meet-the-increased-sales\/","og_site_name":"M\u00e4hlers","article_published_time":"2021-07-05T10:00:22+00:00","article_modified_time":"2021-09-29T12:22:07+00:00","og_image":[{"url":"https:\/\/mahlers.se\/wp-content\/uploads\/2021\/07\/Ma\u0308hlers_Tor_Olav_och_Markus-1024x550.jpeg","type":"","width":"","height":""}],"author":"philip","twitter_card":"summary_large_image","twitter_misc":{"Written by":"philip","Est. reading time":"2 minutes"},"schema":{"@context":"https:\/\/schema.org","@graph":[{"@type":"Article","@id":"https:\/\/mahlers.se\/en\/2021\/07\/05\/mahlers-shifts-up-a-gear-in-norway-to-meet-the-increased-sales\/#article","isPartOf":{"@id":"https:\/\/mahlers.se\/en\/2021\/07\/05\/mahlers-shifts-up-a-gear-in-norway-to-meet-the-increased-sales\/"},"author":{"name":"philip","@id":"https:\/\/mahlers.se\/en\/#\/schema\/person\/ca71f2fd841442f766d749f2e3501c52"},"headline":"M\u00e4hlers shifts up a gear in Norway to meet the increased sales","datePublished":"2021-07-05T10:00:22+00:00","dateModified":"2021-09-29T12:22:07+00:00","mainEntityOfPage":{"@id":"https:\/\/mahlers.se\/en\/2021\/07\/05\/mahlers-shifts-up-a-gear-in-norway-to-meet-the-increased-sales\/"},"wordCount":392,"publisher":{"@id":"https:\/\/mahlers.se\/en\/#organization"},"inLanguage":"en-US"},{"@type":"WebPage","@id":"https:\/\/mahlers.se\/en\/2021\/07\/05\/mahlers-shifts-up-a-gear-in-norway-to-meet-the-increased-sales\/","url":"https:\/\/mahlers.se\/en\/2021\/07\/05\/mahlers-shifts-up-a-gear-in-norway-to-meet-the-increased-sales\/","name":"M\u00e4hlers shifts up a gear in Norway to meet the increased sales - M\u00e4hlers","isPartOf":{"@id":"https:\/\/mahlers.se\/en\/#website"},"datePublished":"2021-07-05T10:00:22+00:00","dateModified":"2021-09-29T12:22:07+00:00","breadcrumb":{"@id":"https:\/\/mahlers.se\/en\/2021\/07\/05\/mahlers-shifts-up-a-gear-in-norway-to-meet-the-increased-sales\/#breadcrumb"},"inLanguage":"en-US","potentialAction":[{"@type":"ReadAction","target":["https:\/\/mahlers.se\/en\/2021\/07\/05\/mahlers-shifts-up-a-gear-in-norway-to-meet-the-increased-sales\/"]}]},{"@type":"BreadcrumbList","@id":"https:\/\/mahlers.se\/en\/2021\/07\/05\/mahlers-shifts-up-a-gear-in-norway-to-meet-the-increased-sales\/#breadcrumb","itemListElement":[{"@type":"ListItem","position":1,"name":"Hem","item":"https:\/\/mahlers.se\/en\/"},{"@type":"ListItem","position":2,"name":"M\u00e4hlers shifts up a gear in Norway to meet the increased sales"}]},{"@type":"WebSite","@id":"https:\/\/mahlers.se\/en\/#website","url":"https:\/\/mahlers.se\/en\/","name":"M\u00e4hlers","description":"F\u00f6r effektivare sn\u00f6r\u00f6jning och v\u00e4gunderh\u00e5ll","publisher":{"@id":"https:\/\/mahlers.se\/en\/#organization"},"potentialAction":[{"@type":"SearchAction","target":{"@type":"EntryPoint","urlTemplate":"https:\/\/mahlers.se\/en\/?s={search_term_string}"},"query-input":{"@type":"PropertyValueSpecification","valueRequired":true,"valueName":"search_term_string"}}],"inLanguage":"en-US"},{"@type":"Organization","@id":"https:\/\/mahlers.se\/en\/#organization","name":"M\u00e4hlers","url":"https:\/\/mahlers.se\/en\/","logo":{"@type":"ImageObject","inLanguage":"en-US","@id":"https:\/\/mahlers.se\/en\/#\/schema\/logo\/image\/","url":"https:\/\/mahlers.se\/wp-content\/uploads\/2021\/06\/Mahlers-logo-ned-wordonly.png","contentUrl":"https:\/\/mahlers.se\/wp-content\/uploads\/2021\/06\/Mahlers-logo-ned-wordonly.png","width":1026,"height":186,"caption":"M\u00e4hlers"},"image":{"@id":"https:\/\/mahlers.se\/en\/#\/schema\/logo\/image\/"}},{"@type":"Person","@id":"https:\/\/mahlers.se\/en\/#\/schema\/person\/ca71f2fd841442f766d749f2e3501c52","name":"philip","image":{"@type":"ImageObject","inLanguage":"en-US","@id":"https:\/\/secure.gravatar.com\/avatar\/04128fa8b7769f4f0e9aa677ed735657e5b92e403f2ae78b6051aad0b5d58efa?s=96&d=mm&r=g","url":"https:\/\/secure.gravatar.com\/avatar\/04128fa8b7769f4f0e9aa677ed735657e5b92e403f2ae78b6051aad0b5d58efa?s=96&d=mm&r=g","contentUrl":"https:\/\/secure.gravatar.com\/avatar\/04128fa8b7769f4f0e9aa677ed735657e5b92e403f2ae78b6051aad0b5d58efa?s=96&d=mm&r=g","caption":"philip"},"url":"https:\/\/mahlers.se\/en\/author\/philip\/"}]}},"_links":{"self":[{"href":"https:\/\/mahlers.se\/en\/wp-json\/wp\/v2\/posts\/3493","targetHints":{"allow":["GET"]}}],"collection":[{"href":"https:\/\/mahlers.se\/en\/wp-json\/wp\/v2\/posts"}],"about":[{"href":"https:\/\/mahlers.se\/en\/wp-json\/wp\/v2\/types\/post"}],"author":[{"embeddable":true,"href":"https:\/\/mahlers.se\/en\/wp-json\/wp\/v2\/users\/2"}],"replies":[{"embeddable":true,"href":"https:\/\/mahlers.se\/en\/wp-json\/wp\/v2\/comments?post=3493"}],"version-history":[{"count":1,"href":"https:\/\/mahlers.se\/en\/wp-json\/wp\/v2\/posts\/3493\/revisions"}],"predecessor-version":[{"id":3494,"href":"https:\/\/mahlers.se\/en\/wp-json\/wp\/v2\/posts\/3493\/revisions\/3494"}],"wp:attachment":[{"href":"https:\/\/mahlers.se\/en\/wp-json\/wp\/v2\/media?parent=3493"}],"wp:term":[{"taxonomy":"category","embeddable":true,"href":"https:\/\/mahlers.se\/en\/wp-json\/wp\/v2\/categories?post=3493"},{"taxonomy":"post_tag","embeddable":true,"href":"https:\/\/mahlers.se\/en\/wp-json\/wp\/v2\/tags?post=3493"}],"curies":[{"name":"wp","href":"https:\/\/api.w.org\/{rel}","templated":true}]}}