{"id":3479,"date":"2015-09-23T10:16:48","date_gmt":"2015-09-23T08:16:48","guid":{"rendered":"https:\/\/mahlers.a.vaia.cloud\/2021\/09\/29\/new-head-of-sales-at-mahlers-international\/"},"modified":"2021-09-29T13:27:15","modified_gmt":"2021-09-29T11:27:15","slug":"new-head-of-sales-at-mahlers-international","status":"publish","type":"post","link":"https:\/\/mahlers.se\/en\/2015\/09\/23\/new-head-of-sales-at-mahlers-international\/","title":{"rendered":"New Head of Sales at M\u00e4hlers International"},"content":{"rendered":"\t\t<div data-elementor-type=\"wp-post\" data-elementor-id=\"3479\" class=\"elementor elementor-3479 elementor-1259\" data-elementor-post-type=\"post\">\n\t\t\t\t\t\t<section class=\"elementor-section elementor-top-section elementor-element elementor-element-3ce317f8 elementor-section-full_width elementor-section-height-default elementor-section-height-default\" data-id=\"3ce317f8\" data-element_type=\"section\" data-e-type=\"section\">\n\t\t\t\t\t\t<div class=\"elementor-container elementor-column-gap-default\">\n\t\t\t\t\t<div class=\"elementor-column elementor-col-100 elementor-top-column elementor-element elementor-element-723e331b\" data-id=\"723e331b\" data-element_type=\"column\" data-e-type=\"column\">\n\t\t\t<div class=\"elementor-widget-wrap\">\n\t\t\t\t\t\t\t<\/div>\n\t\t<\/div>\n\t\t\t\t\t<\/div>\n\t\t<\/section>\n\t\t\t\t<section class=\"elementor-section elementor-top-section elementor-element elementor-element-46cf714f elementor-section-boxed elementor-section-height-default elementor-section-height-default\" data-id=\"46cf714f\" data-element_type=\"section\" data-e-type=\"section\">\n\t\t\t\t\t\t<div class=\"elementor-container elementor-column-gap-default\">\n\t\t\t\t\t<div class=\"elementor-column elementor-col-100 elementor-top-column elementor-element elementor-element-6d6c4d04\" data-id=\"6d6c4d04\" data-element_type=\"column\" data-e-type=\"column\">\n\t\t\t<div class=\"elementor-widget-wrap elementor-element-populated\">\n\t\t\t\t\t\t<div class=\"elementor-element elementor-element-277b6921 elementor-widget elementor-widget-spacer\" data-id=\"277b6921\" data-element_type=\"widget\" data-e-type=\"widget\" data-widget_type=\"spacer.default\">\n\t\t\t\t<div class=\"elementor-widget-container\">\n\t\t\t\t\t\t\t<div class=\"elementor-spacer\">\n\t\t\t<div class=\"elementor-spacer-inner\"><\/div>\n\t\t<\/div>\n\t\t\t\t\t\t<\/div>\n\t\t\t\t<\/div>\n\t\t\t\t\t<\/div>\n\t\t<\/div>\n\t\t\t\t\t<\/div>\n\t\t<\/section>\n\t\t\t\t<section class=\"elementor-section elementor-top-section elementor-element elementor-element-c34245d elementor-section-boxed elementor-section-height-default elementor-section-height-default\" data-id=\"c34245d\" data-element_type=\"section\" data-e-type=\"section\">\n\t\t\t\t\t\t<div class=\"elementor-container elementor-column-gap-default\">\n\t\t\t\t\t<div class=\"elementor-column elementor-col-100 elementor-top-column elementor-element elementor-element-370fa4ba\" data-id=\"370fa4ba\" data-element_type=\"column\" data-e-type=\"column\">\n\t\t\t<div class=\"elementor-widget-wrap elementor-element-populated\">\n\t\t\t\t\t\t<div class=\"elementor-element elementor-element-a0a85f6 elementor-widget elementor-widget-heading\" data-id=\"a0a85f6\" data-element_type=\"widget\" data-e-type=\"widget\" data-widget_type=\"heading.default\">\n\t\t\t\t<div class=\"elementor-widget-container\">\n\t\t\t\t\t<h1 class=\"elementor-heading-title elementor-size-default\">New Head of Sales at M\u00e4hlers International<\/h1>\t\t\t\t<\/div>\n\t\t\t\t<\/div>\n\t\t\t\t\t<\/div>\n\t\t<\/div>\n\t\t\t\t\t<\/div>\n\t\t<\/section>\n\t\t\t\t<section class=\"elementor-section elementor-top-section elementor-element elementor-element-dab9e42 elementor-section-boxed elementor-section-height-default elementor-section-height-default\" data-id=\"dab9e42\" data-element_type=\"section\" data-e-type=\"section\">\n\t\t\t\t\t\t<div class=\"elementor-container elementor-column-gap-default\">\n\t\t\t\t\t<div class=\"elementor-column elementor-col-33 elementor-top-column elementor-element elementor-element-51ca47d\" data-id=\"51ca47d\" data-element_type=\"column\" data-e-type=\"column\">\n\t\t\t<div class=\"elementor-widget-wrap elementor-element-populated\">\n\t\t\t\t\t\t<div class=\"elementor-element elementor-element-80388e1 elementor-widget elementor-widget-text-editor\" data-id=\"80388e1\" data-element_type=\"widget\" data-e-type=\"widget\" data-widget_type=\"text-editor.default\">\n\t\t\t\t<div class=\"elementor-widget-container\">\n\t\t\t\t\t\t\t\t\t<p>M<strong>\u00e4hlers, the market leader in the field of plough equipment for trucks and road graders, is making preparations ahead of the 2015-2016 winter by restructuring its operation.<br \/>\nThe previous Head of Marketing and Sales, Anki Abbing, is leaving the company and is being replaced by Roar Wehn, who has previously only been responsible for the Norwegian Market.<\/strong><\/p>\n<p>&#8220;This is a major challenge, and I am looking forward to getting involved and continuing to develop the Nordic market,&#8221; says Roar Wehn, when asked how he feels about his new duties.<\/p>\n\t\t\t\t\t\t\t\t<\/div>\n\t\t\t\t<\/div>\n\t\t\t\t\t<\/div>\n\t\t<\/div>\n\t\t\t\t<div class=\"elementor-column elementor-col-33 elementor-top-column elementor-element elementor-element-1c32099\" data-id=\"1c32099\" data-element_type=\"column\" data-e-type=\"column\">\n\t\t\t<div class=\"elementor-widget-wrap\">\n\t\t\t\t\t\t\t<\/div>\n\t\t<\/div>\n\t\t\t\t<div class=\"elementor-column elementor-col-33 elementor-top-column elementor-element elementor-element-6b298c0\" data-id=\"6b298c0\" data-element_type=\"column\" data-e-type=\"column\">\n\t\t\t<div class=\"elementor-widget-wrap elementor-element-populated\">\n\t\t\t\t\t\t<div class=\"elementor-element elementor-element-47ee287 elementor-widget elementor-widget-image\" data-id=\"47ee287\" data-element_type=\"widget\" data-e-type=\"widget\" data-widget_type=\"image.default\">\n\t\t\t\t<div class=\"elementor-widget-container\">\n\t\t\t\t\t\t\t\t\t\t\t\t\t\t\t<img decoding=\"async\" src=\"https:\/\/mahlers.a.vaia.cloud\/wp-content\/uploads\/2015\/09\/Anki_Abbing-Roar_Wehn.jpg\" title=\"\" alt=\"\" loading=\"lazy\" \/>\t\t\t\t\t\t\t\t\t\t\t\t\t\t\t<\/div>\n\t\t\t\t<\/div>\n\t\t\t\t\t<\/div>\n\t\t<\/div>\n\t\t\t\t\t<\/div>\n\t\t<\/section>\n\t\t\t\t<section class=\"elementor-section elementor-top-section elementor-element elementor-element-55f7a70 elementor-section-boxed elementor-section-height-default elementor-section-height-default\" data-id=\"55f7a70\" data-element_type=\"section\" data-e-type=\"section\">\n\t\t\t\t\t\t<div class=\"elementor-container elementor-column-gap-default\">\n\t\t\t\t\t<div class=\"elementor-column elementor-col-50 elementor-top-column elementor-element elementor-element-8d394b7\" data-id=\"8d394b7\" data-element_type=\"column\" data-e-type=\"column\">\n\t\t\t<div class=\"elementor-widget-wrap elementor-element-populated\">\n\t\t\t\t\t\t<div class=\"elementor-element elementor-element-583f270 elementor-widget elementor-widget-text-editor\" data-id=\"583f270\" data-element_type=\"widget\" data-e-type=\"widget\" data-widget_type=\"text-editor.default\">\n\t\t\t\t<div class=\"elementor-widget-container\">\n\t\t\t\t\t\t\t\t\t<p>Roar Wehn has a sales force as well as support from the factory in Ross\u00f6n at his disposal, and there are also plans to employ additional sales staff, for example on the Norwegian market which has achieved steady growth in recent years.<\/p>\n<p>&#8220;Yes, the way things look now, we will be putting considerable emphasis on at the very least retaining the firm grip we have enjoyed in Sweden in recent times, and we can also see incredible potential on the Norwegian market,&#8221; says Roar Wehn.<\/p>\n<p>According to Roar Wehn, the Finnish market is also of interest, and an inventory of this market is currently being performed. After this, the company will be analysing the situation in other countries, such as Denmark, Germany, Switzerland &#038; Austria.<\/p>\n<p>Roar Wehn took up the position of Head of Marketing &#038; Sales on 1 September 2015.<\/p>\n\t\t\t\t\t\t\t\t<\/div>\n\t\t\t\t<\/div>\n\t\t\t\t\t<\/div>\n\t\t<\/div>\n\t\t\t\t<div class=\"elementor-column elementor-col-50 elementor-top-column elementor-element elementor-element-34307cf\" data-id=\"34307cf\" data-element_type=\"column\" data-e-type=\"column\">\n\t\t\t<div class=\"elementor-widget-wrap\">\n\t\t\t\t\t\t\t<\/div>\n\t\t<\/div>\n\t\t\t\t\t<\/div>\n\t\t<\/section>\n\t\t\t\t<section class=\"elementor-section elementor-top-section elementor-element elementor-element-2c9ae5e elementor-section-boxed elementor-section-height-default elementor-section-height-default\" data-id=\"2c9ae5e\" data-element_type=\"section\" data-e-type=\"section\">\n\t\t\t\t\t\t<div class=\"elementor-container elementor-column-gap-default\">\n\t\t\t\t\t<div class=\"elementor-column elementor-col-100 elementor-top-column elementor-element elementor-element-1cfd711a\" data-id=\"1cfd711a\" data-element_type=\"column\" data-e-type=\"column\">\n\t\t\t<div class=\"elementor-widget-wrap elementor-element-populated\">\n\t\t\t\t\t\t<div class=\"elementor-element elementor-element-2e0db03a elementor-widget elementor-widget-spacer\" data-id=\"2e0db03a\" data-element_type=\"widget\" data-e-type=\"widget\" data-widget_type=\"spacer.default\">\n\t\t\t\t<div class=\"elementor-widget-container\">\n\t\t\t\t\t\t\t<div class=\"elementor-spacer\">\n\t\t\t<div class=\"elementor-spacer-inner\"><\/div>\n\t\t<\/div>\n\t\t\t\t\t\t<\/div>\n\t\t\t\t<\/div>\n\t\t\t\t\t<\/div>\n\t\t<\/div>\n\t\t\t\t\t<\/div>\n\t\t<\/section>\n\t\t\t\t<\/div>\n\t\t","protected":false},"excerpt":{"rendered":"<p>New Head of Sales at M\u00e4hlers International M\u00e4hlers, the market leader in the field of plough equipment for trucks and road graders, is making preparations ahead of the 2015-2016 winter by restructuring its operation. The previous Head of Marketing and Sales, Anki Abbing, is leaving the company and is being replaced by Roar Wehn, who [&hellip;]<\/p>\n","protected":false},"author":2,"featured_media":0,"comment_status":"closed","ping_status":"open","sticky":false,"template":"","format":"standard","meta":{"_acf_changed":false,"footnotes":""},"categories":[22],"tags":[],"class_list":["post-3479","post","type-post","status-publish","format-standard","hentry","category-uncategorized"],"acf":[],"yoast_head":"<!-- This site is optimized with the Yoast SEO plugin v27.2 - https:\/\/yoast.com\/product\/yoast-seo-wordpress\/ -->\n<title>New Head of Sales at M\u00e4hlers International - M\u00e4hlers<\/title>\n<meta name=\"robots\" content=\"index, follow, max-snippet:-1, max-image-preview:large, max-video-preview:-1\" \/>\n<link rel=\"canonical\" href=\"https:\/\/mahlers.se\/en\/2015\/09\/23\/new-head-of-sales-at-mahlers-international\/\" \/>\n<meta property=\"og:locale\" content=\"en_US\" \/>\n<meta property=\"og:type\" content=\"article\" \/>\n<meta property=\"og:title\" content=\"New Head of Sales at M\u00e4hlers International - M\u00e4hlers\" \/>\n<meta property=\"og:description\" content=\"New Head of Sales at M\u00e4hlers International M\u00e4hlers, the market leader in the field of plough equipment for trucks and road graders, is making preparations ahead of the 2015-2016 winter by restructuring its operation. The previous Head of Marketing and Sales, Anki Abbing, is leaving the company and is being replaced by Roar Wehn, who [&hellip;]\" \/>\n<meta property=\"og:url\" content=\"https:\/\/mahlers.se\/en\/2015\/09\/23\/new-head-of-sales-at-mahlers-international\/\" \/>\n<meta property=\"og:site_name\" content=\"M\u00e4hlers\" \/>\n<meta property=\"article:published_time\" content=\"2015-09-23T08:16:48+00:00\" \/>\n<meta property=\"article:modified_time\" content=\"2021-09-29T11:27:15+00:00\" \/>\n<meta property=\"og:image\" content=\"https:\/\/mahlers.se\/wp-content\/uploads\/2015\/09\/Anki_Abbing-Roar_Wehn.jpg\" \/>\n<meta name=\"author\" content=\"philip\" \/>\n<meta name=\"twitter:card\" content=\"summary_large_image\" \/>\n<meta name=\"twitter:label1\" content=\"Written by\" \/>\n\t<meta name=\"twitter:data1\" content=\"philip\" \/>\n\t<meta name=\"twitter:label2\" content=\"Est. reading time\" \/>\n\t<meta name=\"twitter:data2\" content=\"1 minute\" \/>\n<script type=\"application\/ld+json\" class=\"yoast-schema-graph\">{\"@context\":\"https:\/\/schema.org\",\"@graph\":[{\"@type\":\"Article\",\"@id\":\"https:\/\/mahlers.se\/en\/2015\/09\/23\/new-head-of-sales-at-mahlers-international\/#article\",\"isPartOf\":{\"@id\":\"https:\/\/mahlers.se\/en\/2015\/09\/23\/new-head-of-sales-at-mahlers-international\/\"},\"author\":{\"name\":\"philip\",\"@id\":\"https:\/\/mahlers.se\/en\/#\/schema\/person\/ca71f2fd841442f766d749f2e3501c52\"},\"headline\":\"New Head of Sales at M\u00e4hlers International\",\"datePublished\":\"2015-09-23T08:16:48+00:00\",\"dateModified\":\"2021-09-29T11:27:15+00:00\",\"mainEntityOfPage\":{\"@id\":\"https:\/\/mahlers.se\/en\/2015\/09\/23\/new-head-of-sales-at-mahlers-international\/\"},\"wordCount\":244,\"publisher\":{\"@id\":\"https:\/\/mahlers.se\/en\/#organization\"},\"image\":{\"@id\":\"https:\/\/mahlers.se\/en\/2015\/09\/23\/new-head-of-sales-at-mahlers-international\/#primaryimage\"},\"thumbnailUrl\":\"https:\/\/mahlers.se\/wp-content\/uploads\/2015\/09\/Anki_Abbing-Roar_Wehn.jpg\",\"inLanguage\":\"en-US\"},{\"@type\":\"WebPage\",\"@id\":\"https:\/\/mahlers.se\/en\/2015\/09\/23\/new-head-of-sales-at-mahlers-international\/\",\"url\":\"https:\/\/mahlers.se\/en\/2015\/09\/23\/new-head-of-sales-at-mahlers-international\/\",\"name\":\"New Head of Sales at M\u00e4hlers International - M\u00e4hlers\",\"isPartOf\":{\"@id\":\"https:\/\/mahlers.se\/en\/#website\"},\"primaryImageOfPage\":{\"@id\":\"https:\/\/mahlers.se\/en\/2015\/09\/23\/new-head-of-sales-at-mahlers-international\/#primaryimage\"},\"image\":{\"@id\":\"https:\/\/mahlers.se\/en\/2015\/09\/23\/new-head-of-sales-at-mahlers-international\/#primaryimage\"},\"thumbnailUrl\":\"https:\/\/mahlers.se\/wp-content\/uploads\/2015\/09\/Anki_Abbing-Roar_Wehn.jpg\",\"datePublished\":\"2015-09-23T08:16:48+00:00\",\"dateModified\":\"2021-09-29T11:27:15+00:00\",\"breadcrumb\":{\"@id\":\"https:\/\/mahlers.se\/en\/2015\/09\/23\/new-head-of-sales-at-mahlers-international\/#breadcrumb\"},\"inLanguage\":\"en-US\",\"potentialAction\":[{\"@type\":\"ReadAction\",\"target\":[\"https:\/\/mahlers.se\/en\/2015\/09\/23\/new-head-of-sales-at-mahlers-international\/\"]}]},{\"@type\":\"ImageObject\",\"inLanguage\":\"en-US\",\"@id\":\"https:\/\/mahlers.se\/en\/2015\/09\/23\/new-head-of-sales-at-mahlers-international\/#primaryimage\",\"url\":\"https:\/\/mahlers.se\/wp-content\/uploads\/2015\/09\/Anki_Abbing-Roar_Wehn.jpg\",\"contentUrl\":\"https:\/\/mahlers.se\/wp-content\/uploads\/2015\/09\/Anki_Abbing-Roar_Wehn.jpg\"},{\"@type\":\"BreadcrumbList\",\"@id\":\"https:\/\/mahlers.se\/en\/2015\/09\/23\/new-head-of-sales-at-mahlers-international\/#breadcrumb\",\"itemListElement\":[{\"@type\":\"ListItem\",\"position\":1,\"name\":\"Hem\",\"item\":\"https:\/\/mahlers.se\/en\/\"},{\"@type\":\"ListItem\",\"position\":2,\"name\":\"New Head of Sales at M\u00e4hlers International\"}]},{\"@type\":\"WebSite\",\"@id\":\"https:\/\/mahlers.se\/en\/#website\",\"url\":\"https:\/\/mahlers.se\/en\/\",\"name\":\"M\u00e4hlers\",\"description\":\"F\u00f6r effektivare sn\u00f6r\u00f6jning och v\u00e4gunderh\u00e5ll\",\"publisher\":{\"@id\":\"https:\/\/mahlers.se\/en\/#organization\"},\"potentialAction\":[{\"@type\":\"SearchAction\",\"target\":{\"@type\":\"EntryPoint\",\"urlTemplate\":\"https:\/\/mahlers.se\/en\/?s={search_term_string}\"},\"query-input\":{\"@type\":\"PropertyValueSpecification\",\"valueRequired\":true,\"valueName\":\"search_term_string\"}}],\"inLanguage\":\"en-US\"},{\"@type\":\"Organization\",\"@id\":\"https:\/\/mahlers.se\/en\/#organization\",\"name\":\"M\u00e4hlers\",\"url\":\"https:\/\/mahlers.se\/en\/\",\"logo\":{\"@type\":\"ImageObject\",\"inLanguage\":\"en-US\",\"@id\":\"https:\/\/mahlers.se\/en\/#\/schema\/logo\/image\/\",\"url\":\"https:\/\/mahlers.se\/wp-content\/uploads\/2021\/06\/Mahlers-logo-ned-wordonly.png\",\"contentUrl\":\"https:\/\/mahlers.se\/wp-content\/uploads\/2021\/06\/Mahlers-logo-ned-wordonly.png\",\"width\":1026,\"height\":186,\"caption\":\"M\u00e4hlers\"},\"image\":{\"@id\":\"https:\/\/mahlers.se\/en\/#\/schema\/logo\/image\/\"}},{\"@type\":\"Person\",\"@id\":\"https:\/\/mahlers.se\/en\/#\/schema\/person\/ca71f2fd841442f766d749f2e3501c52\",\"name\":\"philip\",\"image\":{\"@type\":\"ImageObject\",\"inLanguage\":\"en-US\",\"@id\":\"https:\/\/secure.gravatar.com\/avatar\/04128fa8b7769f4f0e9aa677ed735657e5b92e403f2ae78b6051aad0b5d58efa?s=96&d=mm&r=g\",\"url\":\"https:\/\/secure.gravatar.com\/avatar\/04128fa8b7769f4f0e9aa677ed735657e5b92e403f2ae78b6051aad0b5d58efa?s=96&d=mm&r=g\",\"contentUrl\":\"https:\/\/secure.gravatar.com\/avatar\/04128fa8b7769f4f0e9aa677ed735657e5b92e403f2ae78b6051aad0b5d58efa?s=96&d=mm&r=g\",\"caption\":\"philip\"},\"url\":\"https:\/\/mahlers.se\/en\/author\/philip\/\"}]}<\/script>\n<!-- \/ Yoast SEO plugin. -->","yoast_head_json":{"title":"New Head of Sales at M\u00e4hlers International - M\u00e4hlers","robots":{"index":"index","follow":"follow","max-snippet":"max-snippet:-1","max-image-preview":"max-image-preview:large","max-video-preview":"max-video-preview:-1"},"canonical":"https:\/\/mahlers.se\/en\/2015\/09\/23\/new-head-of-sales-at-mahlers-international\/","og_locale":"en_US","og_type":"article","og_title":"New Head of Sales at M\u00e4hlers International - M\u00e4hlers","og_description":"New Head of Sales at M\u00e4hlers International M\u00e4hlers, the market leader in the field of plough equipment for trucks and road graders, is making preparations ahead of the 2015-2016 winter by restructuring its operation. The previous Head of Marketing and Sales, Anki Abbing, is leaving the company and is being replaced by Roar Wehn, who [&hellip;]","og_url":"https:\/\/mahlers.se\/en\/2015\/09\/23\/new-head-of-sales-at-mahlers-international\/","og_site_name":"M\u00e4hlers","article_published_time":"2015-09-23T08:16:48+00:00","article_modified_time":"2021-09-29T11:27:15+00:00","og_image":[{"url":"https:\/\/mahlers.se\/wp-content\/uploads\/2015\/09\/Anki_Abbing-Roar_Wehn.jpg","type":"","width":"","height":""}],"author":"philip","twitter_card":"summary_large_image","twitter_misc":{"Written by":"philip","Est. reading time":"1 minute"},"schema":{"@context":"https:\/\/schema.org","@graph":[{"@type":"Article","@id":"https:\/\/mahlers.se\/en\/2015\/09\/23\/new-head-of-sales-at-mahlers-international\/#article","isPartOf":{"@id":"https:\/\/mahlers.se\/en\/2015\/09\/23\/new-head-of-sales-at-mahlers-international\/"},"author":{"name":"philip","@id":"https:\/\/mahlers.se\/en\/#\/schema\/person\/ca71f2fd841442f766d749f2e3501c52"},"headline":"New Head of Sales at M\u00e4hlers International","datePublished":"2015-09-23T08:16:48+00:00","dateModified":"2021-09-29T11:27:15+00:00","mainEntityOfPage":{"@id":"https:\/\/mahlers.se\/en\/2015\/09\/23\/new-head-of-sales-at-mahlers-international\/"},"wordCount":244,"publisher":{"@id":"https:\/\/mahlers.se\/en\/#organization"},"image":{"@id":"https:\/\/mahlers.se\/en\/2015\/09\/23\/new-head-of-sales-at-mahlers-international\/#primaryimage"},"thumbnailUrl":"https:\/\/mahlers.se\/wp-content\/uploads\/2015\/09\/Anki_Abbing-Roar_Wehn.jpg","inLanguage":"en-US"},{"@type":"WebPage","@id":"https:\/\/mahlers.se\/en\/2015\/09\/23\/new-head-of-sales-at-mahlers-international\/","url":"https:\/\/mahlers.se\/en\/2015\/09\/23\/new-head-of-sales-at-mahlers-international\/","name":"New Head of Sales at M\u00e4hlers International - M\u00e4hlers","isPartOf":{"@id":"https:\/\/mahlers.se\/en\/#website"},"primaryImageOfPage":{"@id":"https:\/\/mahlers.se\/en\/2015\/09\/23\/new-head-of-sales-at-mahlers-international\/#primaryimage"},"image":{"@id":"https:\/\/mahlers.se\/en\/2015\/09\/23\/new-head-of-sales-at-mahlers-international\/#primaryimage"},"thumbnailUrl":"https:\/\/mahlers.se\/wp-content\/uploads\/2015\/09\/Anki_Abbing-Roar_Wehn.jpg","datePublished":"2015-09-23T08:16:48+00:00","dateModified":"2021-09-29T11:27:15+00:00","breadcrumb":{"@id":"https:\/\/mahlers.se\/en\/2015\/09\/23\/new-head-of-sales-at-mahlers-international\/#breadcrumb"},"inLanguage":"en-US","potentialAction":[{"@type":"ReadAction","target":["https:\/\/mahlers.se\/en\/2015\/09\/23\/new-head-of-sales-at-mahlers-international\/"]}]},{"@type":"ImageObject","inLanguage":"en-US","@id":"https:\/\/mahlers.se\/en\/2015\/09\/23\/new-head-of-sales-at-mahlers-international\/#primaryimage","url":"https:\/\/mahlers.se\/wp-content\/uploads\/2015\/09\/Anki_Abbing-Roar_Wehn.jpg","contentUrl":"https:\/\/mahlers.se\/wp-content\/uploads\/2015\/09\/Anki_Abbing-Roar_Wehn.jpg"},{"@type":"BreadcrumbList","@id":"https:\/\/mahlers.se\/en\/2015\/09\/23\/new-head-of-sales-at-mahlers-international\/#breadcrumb","itemListElement":[{"@type":"ListItem","position":1,"name":"Hem","item":"https:\/\/mahlers.se\/en\/"},{"@type":"ListItem","position":2,"name":"New Head of Sales at M\u00e4hlers International"}]},{"@type":"WebSite","@id":"https:\/\/mahlers.se\/en\/#website","url":"https:\/\/mahlers.se\/en\/","name":"M\u00e4hlers","description":"F\u00f6r effektivare sn\u00f6r\u00f6jning och v\u00e4gunderh\u00e5ll","publisher":{"@id":"https:\/\/mahlers.se\/en\/#organization"},"potentialAction":[{"@type":"SearchAction","target":{"@type":"EntryPoint","urlTemplate":"https:\/\/mahlers.se\/en\/?s={search_term_string}"},"query-input":{"@type":"PropertyValueSpecification","valueRequired":true,"valueName":"search_term_string"}}],"inLanguage":"en-US"},{"@type":"Organization","@id":"https:\/\/mahlers.se\/en\/#organization","name":"M\u00e4hlers","url":"https:\/\/mahlers.se\/en\/","logo":{"@type":"ImageObject","inLanguage":"en-US","@id":"https:\/\/mahlers.se\/en\/#\/schema\/logo\/image\/","url":"https:\/\/mahlers.se\/wp-content\/uploads\/2021\/06\/Mahlers-logo-ned-wordonly.png","contentUrl":"https:\/\/mahlers.se\/wp-content\/uploads\/2021\/06\/Mahlers-logo-ned-wordonly.png","width":1026,"height":186,"caption":"M\u00e4hlers"},"image":{"@id":"https:\/\/mahlers.se\/en\/#\/schema\/logo\/image\/"}},{"@type":"Person","@id":"https:\/\/mahlers.se\/en\/#\/schema\/person\/ca71f2fd841442f766d749f2e3501c52","name":"philip","image":{"@type":"ImageObject","inLanguage":"en-US","@id":"https:\/\/secure.gravatar.com\/avatar\/04128fa8b7769f4f0e9aa677ed735657e5b92e403f2ae78b6051aad0b5d58efa?s=96&d=mm&r=g","url":"https:\/\/secure.gravatar.com\/avatar\/04128fa8b7769f4f0e9aa677ed735657e5b92e403f2ae78b6051aad0b5d58efa?s=96&d=mm&r=g","contentUrl":"https:\/\/secure.gravatar.com\/avatar\/04128fa8b7769f4f0e9aa677ed735657e5b92e403f2ae78b6051aad0b5d58efa?s=96&d=mm&r=g","caption":"philip"},"url":"https:\/\/mahlers.se\/en\/author\/philip\/"}]}},"_links":{"self":[{"href":"https:\/\/mahlers.se\/en\/wp-json\/wp\/v2\/posts\/3479","targetHints":{"allow":["GET"]}}],"collection":[{"href":"https:\/\/mahlers.se\/en\/wp-json\/wp\/v2\/posts"}],"about":[{"href":"https:\/\/mahlers.se\/en\/wp-json\/wp\/v2\/types\/post"}],"author":[{"embeddable":true,"href":"https:\/\/mahlers.se\/en\/wp-json\/wp\/v2\/users\/2"}],"replies":[{"embeddable":true,"href":"https:\/\/mahlers.se\/en\/wp-json\/wp\/v2\/comments?post=3479"}],"version-history":[{"count":1,"href":"https:\/\/mahlers.se\/en\/wp-json\/wp\/v2\/posts\/3479\/revisions"}],"predecessor-version":[{"id":3480,"href":"https:\/\/mahlers.se\/en\/wp-json\/wp\/v2\/posts\/3479\/revisions\/3480"}],"wp:attachment":[{"href":"https:\/\/mahlers.se\/en\/wp-json\/wp\/v2\/media?parent=3479"}],"wp:term":[{"taxonomy":"category","embeddable":true,"href":"https:\/\/mahlers.se\/en\/wp-json\/wp\/v2\/categories?post=3479"},{"taxonomy":"post_tag","embeddable":true,"href":"https:\/\/mahlers.se\/en\/wp-json\/wp\/v2\/tags?post=3479"}],"curies":[{"name":"wp","href":"https:\/\/api.w.org\/{rel}","templated":true}]}}